{"id":36630,"date":"2025-09-16T13:28:08","date_gmt":"2025-09-16T13:28:08","guid":{"rendered":"https:\/\/www.europesays.com\/fi\/36630\/"},"modified":"2025-09-16T13:28:08","modified_gmt":"2025-09-16T13:28:08","slug":"italian-puolustusministerilta-varoitus-emme-ole-valmiita-venajan-hyokkaykseen-uutissuomalainen","status":"publish","type":"post","link":"https:\/\/www.europesays.com\/fi\/36630\/","title":{"rendered":"Italian puolustusministerilt\u00e4 varoitus: Emme ole valmiita Ven\u00e4j\u00e4n hy\u00f6kk\u00e4ykseen | Uutissuomalainen"},"content":{"rendered":"<p>Italia ei ole valmis &#8221;Ven\u00e4j\u00e4n hy\u00f6kk\u00e4ykseen&#8221;, maan puolustusministeri <strong>Guido Crosetto<\/strong> sanoo brittilehti <a href=\"https:\/\/www.theguardian.com\/world\/live\/2025\/sep\/16\/zelenskyy-trump-sanctions-russia-news-updates-europe-live?CMP=share_btn_url&amp;page=with%3Ablock-68c953158f0862eec18ceffb#block-68c953158f0862eec18ceffb\" rel=\"nofollow noopener\" target=\"_blank\">The Guardianin<\/a> mukaan.<\/p>\n<p>Roomassa toimittajille puhunut Crosetto syytt\u00e4\u00e4 asiasta kahden vuosikymmenen puolustusinvestointien puutetta.<\/p>\n<p>\u2013 Emme ole valmiit joko Ven\u00e4j\u00e4n tai jonkun muun valtion hy\u00f6kk\u00e4ykseen. Olen sanonut n\u00e4in jo pitk\u00e4\u00e4n. Mielest\u00e4ni teht\u00e4v\u00e4mme on saada maamme valmiiksi puolustamaan itse\u00e4\u00e4n, jos joku mielipuoli p\u00e4\u00e4tt\u00e4\u00e4 hy\u00f6k\u00e4t\u00e4 kimppuumme. En tarkoita vain Putinia, vaan ket\u00e4 tahansa, Guardian lainaa Crosettoa.<\/p>\n<p>Italia ja muut Nato-maat ovat sopineet puolustusmenojen merkitt\u00e4v\u00e4st\u00e4 lis\u00e4\u00e4misest\u00e4, vaikka p\u00e4\u00e4t\u00f6s on Italiassa ep\u00e4suosittu.<\/p>\n<p>Italian puolustusmenot olivat vuonna 2024 1,5 prosenttia bruttokansantuotteesta. Maa on sitoutunut nostamaan puolustusmenojen osuuden viiteen prosenttiin vuoteen 2035 menness\u00e4. Maan hallitus on keksinyt luovia laskentamenetelmi\u00e4 kulujen kattamiseksi. Esimerkiksi manner-Italian ja Sisilian saaren v\u00e4lille rakennettavaksi kaavailtu 13,5 miljardin euron siltahanke on m\u00e4\u00e4ritelty sotilasmenoksi.<\/p>\n<p>Crosetto arvioi, ett\u00e4 Italialta veisi v\u00e4hint\u00e4\u00e4n kuusi vuotta rakentaa autonominen ilmapuolustusj\u00e4rjestelm\u00e4.<\/p>\n","protected":false},"excerpt":{"rendered":"Italia ei ole valmis &#8221;Ven\u00e4j\u00e4n hy\u00f6kk\u00e4ykseen&#8221;, maan puolustusministeri Guido Crosetto sanoo brittilehti The Guardianin mukaan. Roomassa toimittajille puhunut&hellip;\n","protected":false},"author":2,"featured_media":36631,"comment_status":"","ping_status":"","sticky":false,"template":"","format":"standard","meta":{"footnotes":""},"categories":[14],"tags":[22,23,26,27,33,31,30,17,2592,24,25,803,28,29,2579,15,18,21,637,32,19,20,549,56,4385,16,547,59,60,61],"class_list":{"0":"post-36630","1":"post","2":"type-post","3":"status-publish","4":"format-standard","5":"has-post-thumbnail","7":"category-ulkomaat","8":"tag-breaking-news","9":"tag-breakingnews","10":"tag-featured-news","11":"tag-featurednews","12":"tag-fi","13":"tag-finland","14":"tag-finnish","15":"tag-headlines","16":"tag-ilmapuolustus","17":"tag-latest-news","18":"tag-latestnews","19":"tag-levottomuudet-ja-sodat","20":"tag-main-news","21":"tag-mainnews","22":"tag-nato","23":"tag-news","24":"tag-otsikot","25":"tag-paauutiset","26":"tag-politiikka","27":"tag-suomi","28":"tag-top-stories","29":"tag-topstories","30":"tag-ukrainan-sota","31":"tag-ulkomaat","32":"tag-ulkopolitiikka-ja-kansainvalinen-politiikka","33":"tag-uutiset","34":"tag-venaja","35":"tag-world","36":"tag-world-news","37":"tag-worldnews"},"share_on_mastodon":{"url":"","error":""},"_links":{"self":[{"href":"https:\/\/www.europesays.com\/fi\/wp-json\/wp\/v2\/posts\/36630","targetHints":{"allow":["GET"]}}],"collection":[{"href":"https:\/\/www.europesays.com\/fi\/wp-json\/wp\/v2\/posts"}],"about":[{"href":"https:\/\/www.europesays.com\/fi\/wp-json\/wp\/v2\/types\/post"}],"author":[{"embeddable":true,"href":"https:\/\/www.europesays.com\/fi\/wp-json\/wp\/v2\/users\/2"}],"replies":[{"embeddable":true,"href":"https:\/\/www.europesays.com\/fi\/wp-json\/wp\/v2\/comments?post=36630"}],"version-history":[{"count":0,"href":"https:\/\/www.europesays.com\/fi\/wp-json\/wp\/v2\/posts\/36630\/revisions"}],"wp:featuredmedia":[{"embeddable":true,"href":"https:\/\/www.europesays.com\/fi\/wp-json\/wp\/v2\/media\/36631"}],"wp:attachment":[{"href":"https:\/\/www.europesays.com\/fi\/wp-json\/wp\/v2\/media?parent=36630"}],"wp:term":[{"taxonomy":"category","embeddable":true,"href":"https:\/\/www.europesays.com\/fi\/wp-json\/wp\/v2\/categories?post=36630"},{"taxonomy":"post_tag","embeddable":true,"href":"https:\/\/www.europesays.com\/fi\/wp-json\/wp\/v2\/tags?post=36630"}],"curies":[{"name":"wp","href":"https:\/\/api.w.org\/{rel}","templated":true}]}}