{"id":36638,"date":"2025-09-16T13:45:18","date_gmt":"2025-09-16T13:45:18","guid":{"rendered":"https:\/\/www.europesays.com\/fi\/36638\/"},"modified":"2025-09-16T13:45:18","modified_gmt":"2025-09-16T13:45:18","slug":"aleksanteri-kivimaki-laukoo-uutuusdokumentissa-torkeita-asioita-ohjaaja-uskoo-etta-jotkut-ovat-syntyessaan-pahoja-kulttuuri","status":"publish","type":"post","link":"https:\/\/www.europesays.com\/fi\/36638\/","title":{"rendered":"Aleksanteri Kivim\u00e4ki laukoo uutuusdokumentissa t\u00f6rkeit\u00e4 asioita \u2013 ohjaaja uskoo, ett\u00e4 jotkut ovat syntyess\u00e4\u00e4n pahoja | Kulttuuri"},"content":{"rendered":"<p>Juttu tiivistettyn\u00e4<\/p>\n<ul class=\"aw-1jjocuh iJTSwP yle__article__list yle__article__list--ul\">\n<li class=\"aw-1j7gwms kUeLji\">Dokumentaristi Sami Kieksi on ohjannut neliosaisen dokumenttisarjan Aleksanteri Kivim\u00e4est\u00e4, joka on tuomittu Vastaamo-tietomurrosta yli kuuden vuoden vankeusrangaistukseen.<\/li>\n<li class=\"aw-1j7gwms kUeLji\">Kieksi uskoi alun perin, ettei pahoja ihmisi\u00e4 ole. Nyt h\u00e4n ajattelee toisin. H\u00e4n kuvailee haastattelemaansa Kivim\u00e4ke\u00e4 kylm\u00e4ksi ja analyyttiseksi.<\/li>\n<li class=\"aw-1j7gwms kUeLji\">Hovioikeudessa k\u00e4sitell\u00e4\u00e4n parhaillaan Kivim\u00e4en tuomiota. Sarjan tuottaja Joni Soila arvioi, ett\u00e4 Kivim\u00e4ki saatetaan vapauttaa jo l\u00e4hiviikkoina.<\/li>\n<\/ul>\n<p class=\"aw-1gybjub aw-1p7kakr cmIuaG fmSRng yle__article__paragraph\">T\u00e4m\u00e4 on teko\u00e4lyn avulla tuotettu, toimittajan tarkistama tiivistelm\u00e4.<\/p>\n<p class=\"aw-1gybjub aw-1p7kakr cmIuaG fmSRng yle__article__paragraph\">Dokumentaristi <strong class=\"aw-ak79eh KyCXm yle__article__strong\">Sami Kieksi<\/strong> ajatteli pitk\u00e4\u00e4n, ettei pahoja ihmisi\u00e4 ole olemassa. H\u00e4n uskoi, ett\u00e4 el\u00e4m\u00e4 muokkaa meist\u00e4 sellaisia kuin olemme, ja ett\u00e4 osa vain p\u00e4\u00e4tyy tekem\u00e4\u00e4n pahoja asioita.<\/p>\n<p class=\"aw-1gybjub aw-1p7kakr cmIuaG fmSRng yle__article__paragraph\">\u2013 Nuorempana minulla oli tarve ymm\u00e4rt\u00e4\u00e4, Kieksi selitt\u00e4\u00e4.<\/p>\n<p class=\"aw-1gybjub aw-1p7kakr cmIuaG fmSRng yle__article__paragraph\">\u2013 Mutta kun ik\u00e4\u00e4 on tullut lis\u00e4\u00e4 ja olen n\u00e4hnyt el\u00e4m\u00e4\u00e4 eri kanteilta, olen joutunut kallistumaan siihen, ett\u00e4 yhteiskunnassamme on ihmisi\u00e4, jotka ovat jo syntyess\u00e4\u00e4n pahoja.<\/p>\n<p class=\"aw-1gybjub aw-1p7kakr cmIuaG fmSRng yle__article__paragraph\">Kieksi on juuri ohjannut neliosaisen dokumenttisarjan <strong class=\"aw-ak79eh KyCXm yle__article__strong\">Aleksanteri Kivim\u00e4est\u00e4<\/strong> (ent. Julius Kivim\u00e4ki), joka istuu parhaillaan tuomiota historiallisen suuresta Vastaamo-tietomurrosta. Elokuussa tuomiota alettiin k\u00e4sittelem\u00e4\u00e4n Helsingin hovioikeudessa.<\/p>\n<p class=\"aw-1gybjub aw-1p7kakr cmIuaG fmSRng yle__article__paragraph\">Muun muassa Logged In -dokumenttisarjasta palkittu Kieksi korostaa, ettei ole psykologi eik\u00e4 voi diagnosoida Kivim\u00e4ke\u00e4.<\/p>\n<p class=\"aw-1gybjub aw-1p7kakr cmIuaG fmSRng yle__article__paragraph\">\u2013 Mutta kallistuisin kyll\u00e4 siihen, ett\u00e4 h\u00e4n menee enemm\u00e4n tuohon kategoriaan, kuin ett\u00e4 el\u00e4m\u00e4 olisi muokannut h\u00e4nest\u00e4 t\u00e4llaisen.<\/p>\n<p><img decoding=\"async\" alt=\"Dokumentaristi Sami Kieksi.\" src=\"https:\/\/www.europesays.com\/fi\/wp-content\/uploads\/2025\/09\/39-150978368a5a3226ba92.jpeg\" loading=\"lazy\" class=\"aw-1l9m598 hKVVvP\"\/><\/p>\n<p>Avaa kuvien katselu<\/p>\n<p>Sami Kieksi\u00e4 on dokumentaristina kiitelty samastumisesta ja empatiasta. Kivim\u00e4ke\u00e4 kohtaan n\u00e4it\u00e4 tunteita oli vaikea l\u00f6yt\u00e4\u00e4. Kuva: Mimmi Nietula \/ YleEi mik\u00e4\u00e4n ATK-velho<\/p>\n<p class=\"aw-1gybjub aw-1p7kakr cmIuaG fmSRng yle__article__paragraph\">Aleksanteri Kivim\u00e4ki, 28, on aikamme tunnetuimpia suomalaisrikollisia: luksusel\u00e4m\u00e4\u00e4 Arabiemiraateissa ja Lontoossa viett\u00e4nyt espoolainen, jota FBI on seurannut teini-ik\u00e4isest\u00e4 asti.<\/p>\n<p class=\"aw-1gybjub aw-1p7kakr cmIuaG fmSRng yle__article__paragraph\">Suuren yleis\u00f6n tietoisuuteen Kivim\u00e4ki tuli vuonna 2022, kun h\u00e4net nimettiin ep\u00e4illyksi psykoterapiakeskus Vastaamoon kohdistuneessa tietomurrossa. Vastaamolta varastettiin yli 33 000 henkil\u00f6- ja potilastietoa, jotka vuodettiin my\u00f6hemmin Tor-verkkoon.<\/p>\n<p class=\"aw-1gybjub aw-1p7kakr cmIuaG fmSRng yle__article__paragraph\">Tietojen joukossa oli muun muassa henkil\u00f6- ja yhteystietoja, potilaskertomuksia sek\u00e4 psykiatrien muistiinpanoja. Niill\u00e4 yritettiin kirist\u00e4\u00e4 rahaa Vastaamolta ja sen asiakkailta.<\/p>\n<p class=\"aw-1gybjub aw-1p7kakr cmIuaG fmSRng yle__article__paragraph\">Kivim\u00e4ki otettiin kiinni Ranskasta helmikuussa 2023. Kev\u00e4\u00e4ll\u00e4 2024 <a class=\"aw-iao6s4 iHOxEa yle__article__link\" href=\"https:\/\/yle.fi\/a\/74-20084812\" role=\"link\" rel=\"nofollow noopener\" target=\"_blank\">k\u00e4r\u00e4j\u00e4oikeus tuomitsi<\/a> h\u00e4net yli kuuden vuoden vankeuteen muun muassa t\u00f6rke\u00e4st\u00e4 tietomurrosta, yli 9 200 t\u00f6rke\u00e4st\u00e4 yksityisel\u00e4m\u00e4\u00e4 loukkaavasta tiedon levitt\u00e4misest\u00e4 ja liki 21 000 t\u00f6rke\u00e4n kiristyksen yrityksest\u00e4.<\/p>\n<p><img decoding=\"async\" alt=\"Kaksi naista seisoo sillalla vakavina ja katsovat kamerasta ohi.\" src=\"https:\/\/www.europesays.com\/fi\/wp-content\/uploads\/2025\/09\/39-151778868ba8e01cf111.jpeg\" loading=\"lazy\" class=\"aw-1l9m598 hKVVvP\"\/><\/p>\n<p>Avaa kuvien katselu<\/p>\n<p>Dokumenttisarjassa haastatellaan Vastaamo-tietomurron uhrien juristeja Jenni Raiskiota ja Paula Pajulaa. Kuva: HBO Max<\/p>\n<p class=\"aw-1gybjub aw-1p7kakr cmIuaG fmSRng yle__article__paragraph\">Ajatus tv-sarjasta muhi tuottaja <strong class=\"aw-ak79eh KyCXm yle__article__strong\">Joni Soilan<\/strong> mieless\u00e4 jo ensimm\u00e4isten Vastaamo-uutisten aikaan. Seiskan p\u00e4\u00e4toimittajanakin aikanaan toiminut Soila on tuottanut sarjat muun muassa <strong class=\"aw-ak79eh KyCXm yle__article__strong\">Niko Ranta-ahosta<\/strong>, <strong class=\"aw-ak79eh KyCXm yle__article__strong\">Peter Nyg\u00e5rdista<\/strong> ja <strong class=\"aw-ak79eh KyCXm yle__article__strong\">Janne &#8217;Nacci&#8217; Tranbergista<\/strong>.<\/p>\n<p class=\"aw-1gybjub aw-1p7kakr cmIuaG fmSRng yle__article__paragraph\">Ty\u00f6ss\u00e4 muodostuneiden viranomaisverkostojen kautta Soila alkoi ymm\u00e4rt\u00e4\u00e4 Kivim\u00e4en tapauksen laajuutta ja vakavuutta.<\/p>\n<p class=\"aw-1gybjub aw-1p7kakr cmIuaG fmSRng yle__article__paragraph\">\u2013 Nopeasti selvisi, ett\u00e4 taustalla on kaikkea sellaista, mit\u00e4 Suomessa ei viel\u00e4 tiedetty.<\/p>\n<p class=\"aw-1gybjub aw-1p7kakr cmIuaG fmSRng yle__article__paragraph\">HBO Maxissa ensi-iltansa 5. syyskuuta saanut Most Wanted: Julius Kivim\u00e4ki kertaa Kivim\u00e4en hakkeriuran teini-i\u00e4st\u00e4 Vastaamoon asti.<\/p>\n<p class=\"aw-1gybjub aw-1p7kakr cmIuaG fmSRng yle__article__paragraph\">Sarja ei esit\u00e4 Kivim\u00e4ke\u00e4 suurena rikollisnerona, vaan teinin\u00e4, joka liukui keskustelupalstojen kautta r\u00f6t\u00f6stelem\u00e4\u00e4n. H\u00e4n sai pilapuhelulla SWAT-ryhm\u00e4n rynnim\u00e4\u00e4n pahaa-aavistamattoman henkil\u00f6n kotiin, lavasti syytt\u00f6m\u00e4n lentomatkustajan pommiuhkauksen tekij\u00e4ksi, hakkeroi <strong class=\"aw-ak79eh KyCXm yle__article__strong\">Elon Muskin<\/strong> Twitter-tilin ja kaatoi Playstation-verkon.<\/p>\n<p><img decoding=\"async\" alt=\"Swat-ryhm\u00e4 k\u00e4velee pime\u00e4ss\u00e4 puistossa.\" src=\"https:\/\/www.europesays.com\/fi\/wp-content\/uploads\/2025\/09\/39-151778468ba8e00334f5.jpeg\" loading=\"lazy\" class=\"aw-1l9m598 hKVVvP\"\/><\/p>\n<p>Avaa kuvien katselu<\/p>\n<p>Dokumentissa n\u00e4hd\u00e4\u00e4n dramatisoituja kohtauksia muun muassa SWAT-ryhm\u00e4n iskusta. Kuva: HBO Max<\/p>\n<p class=\"aw-1gybjub aw-1p7kakr cmIuaG fmSRng yle__article__paragraph\">Osan teoista Kivim\u00e4ki kiist\u00e4\u00e4, osaa h\u00e4n v\u00e4h\u00e4ttelee.<\/p>\n<p class=\"aw-1gybjub aw-1p7kakr cmIuaG fmSRng yle__article__paragraph\">Asiantuntijat korostavat dokumentissa, etteiv\u00e4t Kivim\u00e4en tekemiset ole vaatineet kummoistakaan osaamista. ATK-velhoutta olennaisempaa on ollut Kivim\u00e4en h\u00e4ik\u00e4ilem\u00e4tt\u00f6myys ja r\u00f6yhkeys. H\u00e4n on my\u00f6s saanut ihmiset tekem\u00e4\u00e4n asioita puolestaan.<\/p>\n<p class=\"aw-1gybjub aw-1p7kakr cmIuaG fmSRng yle__article__paragraph\">Sami Kieksi sanoo, ett\u00e4 Kivim\u00e4en tekemiset ovat kuin lasten kolttosia \u2013 seuraukset vain ovat vakavia.<\/p>\n<p class=\"aw-1gybjub aw-1p7kakr cmIuaG fmSRng yle__article__paragraph\">\u2013 Harva ymm\u00e4rt\u00e4\u00e4, kuinka haavoittuvaisia olemme t\u00e4ss\u00e4 yhteiskunnassa, ja kuinka t\u00e4rke\u00e4\u00e4 olisi suojautua t\u00e4llaisilta henkil\u00f6ilt\u00e4 kuin Kivim\u00e4ki.<\/p>\n<p>Kylm\u00e4 ja analyyttinen hahmo<\/p>\n<p class=\"aw-1gybjub aw-1p7kakr cmIuaG fmSRng yle__article__paragraph\">Kivim\u00e4ke\u00e4 on k\u00e4sitelty viime vuosina kattavasti sek\u00e4 mediassa ett\u00e4 kahdessa tuoreessa tietokirjassa.<\/p>\n<p class=\"aw-1gybjub aw-1p7kakr cmIuaG fmSRng yle__article__paragraph\"><strong class=\"aw-ak79eh KyCXm yle__article__strong\">Joe Tidyn<\/strong> Ctrl+Alt+Kaaos sek\u00e4 <strong class=\"aw-ak79eh KyCXm yle__article__strong\">Aarno Malinin<\/strong> Ransom man julkaistiin molemmat viime kev\u00e4\u00e4n\u00e4. Molempia kirjailijoita haastatellaan my\u00f6s Most Wanted: Julius Kivim\u00e4ess\u00e4.<\/p>\n<p class=\"aw-1gybjub aw-1p7kakr cmIuaG fmSRng yle__article__paragraph\">Sarja ei tarjoa p\u00e4\u00e4henkil\u00f6st\u00e4\u00e4n merkitt\u00e4v\u00e4sti uutta tietoa. Sen suurin arvo on, ett\u00e4 \u00e4\u00e4ness\u00e4 on hakkeri itse.<\/p>\n<p class=\"aw-1gybjub aw-1p7kakr cmIuaG fmSRng yle__article__paragraph\">Turun vankilassa tehdyss\u00e4 haastattelussa Kivim\u00e4est\u00e4 paistaa v\u00e4linpit\u00e4m\u00e4tt\u00f6myys. H\u00e4n muun muassa v\u00e4itt\u00e4\u00e4, ettei Vastaamon uhreissa ole montaa, jotka olisivat k\u00e4rsineet yht\u00e4 paljon kuin h\u00e4n.<\/p>\n<p class=\"aw-1gybjub aw-1p7kakr cmIuaG fmSRng yle__article__paragraph\">\u2013 T\u00e4ss\u00e4 olen ollut vuoden vapauteni menett\u00e4neen\u00e4. Saa olla aika paljon henkist\u00e4 k\u00e4rsimyst\u00e4 aiheuttanut t\u00e4m\u00e4 juttu, ett\u00e4 sit\u00e4 voi edes verrata siihen, ett\u00e4 t\u00e4\u00e4ll\u00e4 on ollut syyt\u00f6n mies vangittuna vuoden verran, Kivim\u00e4ki sanoo haastattelussa.<\/p>\n<p><img decoding=\"async\" alt=\" Vastaamon tietomurrosta syytetty Aleksanteri Kivim\u00e4ki ja h\u00e4nen asianajaja Peter Jaari L\u00e4nsi-Uudenmaan k\u00e4r\u00e4j\u00e4oikeudessa.\" src=\"https:\/\/www.europesays.com\/fi\/wp-content\/uploads\/2025\/09\/39-124979465ddb36513a0c.jpeg\" loading=\"lazy\" class=\"aw-1l9m598 hKVVvP\"\/><\/p>\n<p>Avaa kuvien katselu<\/p>\n<p>T\u00e4lt\u00e4 Kivim\u00e4ki n\u00e4ytti k\u00e4r\u00e4j\u00e4oikeudessa L\u00e4nsi-Uudenmaan k\u00e4r\u00e4j\u00e4oikeudessa 27.2.2024. Kuva: Henrietta Hassinen \/ Yle<\/p>\n<p class=\"aw-1gybjub aw-1p7kakr cmIuaG fmSRng yle__article__paragraph\">Sami Kieksi on tunnettu dokumentaristina empaattisesta tyylist\u00e4\u00e4n. \u201dHerkk\u00e4 versio my\u00f6t\u00e4el\u00e4v\u00e4st\u00e4 <strong class=\"aw-ak79eh KyCXm yle__article__strong\">Arman Alizadista<\/strong>\u201d, Seuran kriitikko <a class=\"aw-iao6s4 iHOxEa yle__article__link\" href=\"https:\/\/seura.fi\/tv\/sami-kieksi-nahdaan-nimikkosarjassaan-myotaelavana-dokumentaristina\/\" role=\"link\" rel=\"nofollow noopener\" target=\"_blank\">kuvaili<\/a> tammikuussa ilmestyneen Kieksi-sarjan yhteydess\u00e4.<\/p>\n<p class=\"aw-1gybjub aw-1p7kakr cmIuaG fmSRng yle__article__paragraph\">Kivim\u00e4elle ei my\u00f6t\u00e4tuntoa kuitenkaan riit\u00e4. Kieksi kuvailee hakkeria kylm\u00e4ksi ja analyyttiseksi. Haastattelussa t\u00e4m\u00e4 puhui rauhallisesti ja harkitsevasti.<\/p>\n<p class=\"aw-1gybjub aw-1p7kakr cmIuaG fmSRng yle__article__paragraph\">\u2013 Kivim\u00e4ki saattaa olla kivaa seuraa baarikeskusteluun, mutta en min\u00e4 h\u00e4nt\u00e4 kohtaan kyll\u00e4 mit\u00e4\u00e4n sympatiaa tunne.<\/p>\n<p class=\"aw-1gybjub aw-1p7kakr cmIuaG fmSRng yle__article__paragraph\">Sarjan tuottaja Soila tapasi Kivim\u00e4ke\u00e4 muutaman kerran. Dokumentissa n\u00e4hd\u00e4\u00e4n heid\u00e4n kohtaamisensa helmikuussa 2024, kun Kivim\u00e4ki on vapautettu tutkintavankeudesta odottamaan oikeudenk\u00e4ynnin alkua.<\/p>\n<p class=\"aw-1gybjub aw-1p7kakr cmIuaG fmSRng yle__article__paragraph\">Hakkeri istuu auton takapenkill\u00e4 ja miettii, ett\u00e4 maski naamalla voisi menn\u00e4 vaikka leffaan. H\u00e4n selitt\u00e4\u00e4, kuinka haluaisi kunnon ravintolaan. Palaceen tai Gr\u00f6niin, esimerkiksi.<\/p>\n<p class=\"aw-1gybjub aw-1p7kakr cmIuaG fmSRng yle__article__paragraph\">Empatiaa ei riit\u00e4 Soilallakaan.<\/p>\n<p class=\"aw-1gybjub aw-1p7kakr cmIuaG fmSRng yle__article__paragraph\">\u2013 En ole h\u00e4nen kanssaan k\u00e4ymieni keskustelujen perusteella l\u00f6yt\u00e4nyt mit\u00e4\u00e4n sellaista, mik\u00e4 muuttaisi teot perustellummiksi. Ehk\u00e4 jopa p\u00e4invastoin.<\/p>\n<p><img decoding=\"async\" alt=\"Tuottaja Joni Soila.\" src=\"https:\/\/www.europesays.com\/fi\/wp-content\/uploads\/2025\/09\/39-150978168a5a2e48eee0.jpeg\" loading=\"lazy\" class=\"aw-1l9m598 hKVVvP\"\/><\/p>\n<p>Avaa kuvien katselu<\/p>\n<p>Tuottaja Joni Soila sanoo, ett\u00e4 ajatus dokumentista syntyi pian Vastaamo-uutisoinnin alettua. Kuva: Mimmi Nietula \/ YleOikeus voi vapauttaa pian<\/p>\n<p class=\"aw-1gybjub aw-1p7kakr cmIuaG fmSRng yle__article__paragraph\">Kivim\u00e4en tuomiota k\u00e4sitell\u00e4\u00e4n parhaillaan Helsingin hovioikeudessa. Hakkerin asianajaja <strong class=\"aw-ak79eh KyCXm yle__article__strong\">Peter Jaari<\/strong> on vaatinut asiakkaansa vapauttamista tai ainakin m\u00e4\u00e4r\u00e4\u00e4mist\u00e4 matkustuskieltoon, mutta hovioikeus p\u00e4\u00e4tti pit\u00e4\u00e4 Kivim\u00e4en vangittuna.<\/p>\n<p class=\"aw-1gybjub aw-1p7kakr cmIuaG fmSRng yle__article__paragraph\">Tietoturva-asiantuntija <strong class=\"aw-ak79eh KyCXm yle__article__strong\">Mikko Hypp\u00f6nen<\/strong> ihmettelee dokumentissa, ett\u00e4 Kivim\u00e4ki tuomittiin rikoksestaan ensikertalaisena, vaikka taustalla on kaksi ehdollista tuomiota. T\u00e4m\u00e4 tarkoittaa, ett\u00e4 Kivim\u00e4ki istuu l\u00e4ht\u00f6kohtaisesti vain puolet tuomiostaan. Todenn\u00e4k\u00f6isesti h\u00e4n vapautuu vankilasta <a class=\"aw-iao6s4 iHOxEa yle__article__link\" href=\"https:\/\/www.iltalehti.fi\/kotimaa\/a\/e0681be2-304b-4cbb-9ec4-39ecf6c625de\" role=\"link\" rel=\"nofollow noopener\" target=\"_blank\">viimeist\u00e4\u00e4n ensi kev\u00e4\u00e4n\u00e4<\/a>.<\/p>\n<p class=\"aw-1gybjub aw-1p7kakr cmIuaG fmSRng yle__article__paragraph\">Ohjaaja Sami Kieksin mielest\u00e4 oikeusj\u00e4rjestelm\u00e4n pit\u00e4isi katsoa itse\u00e4\u00e4n peiliin.<\/p>\n<p class=\"aw-1gybjub aw-1p7kakr cmIuaG fmSRng yle__article__paragraph\">\u2013 Pit\u00e4isik\u00f6 meill\u00e4 olla kuitenkin pikkuisen vakavammat seuraukset ihmisille, jotka t\u00e4llaista tekev\u00e4t? Tuomio olisi erilainen, jos h\u00e4n olisi Yhdysvaltojen kansalainen.<\/p>\n<p><img decoding=\"async\" alt=\"Oikeudenk\u00e4ynti k\u00e4ynniss\u00e4, osanottajat istuvat oikeussalissa tietokoneiden \u00e4\u00e4rell\u00e4.\" src=\"https:\/\/www.europesays.com\/fi\/wp-content\/uploads\/2025\/09\/39-150913268a41e33b1a0d.jpeg\" loading=\"lazy\" class=\"aw-1l9m598 hKVVvP\"\/><\/p>\n<p>Avaa kuvien katselu<\/p>\n<p>Asianajaja Peter Jaari (vas.) ja Aleksanteri Kivim\u00e4ki hovioikeuden k\u00e4sittelyss\u00e4 19.8.2025. Kuva: Antti Haanp\u00e4\u00e4 \/ Yle<\/p>\n<p class=\"aw-1gybjub aw-1p7kakr cmIuaG fmSRng yle__article__paragraph\">Joni Soila arvioi, ett\u00e4 hovioikeus saattaa vapauttaa Kivim\u00e4en jo l\u00e4hiviikkoina. Kun Kivim\u00e4ki on kuultu, ei hovioikeudella v\u00e4ltt\u00e4m\u00e4tt\u00e4 ole edellytyksi\u00e4 pit\u00e4\u00e4 h\u00e4nt\u00e4 tutkintavankeudessa.<\/p>\n<p class=\"aw-1gybjub aw-1p7kakr cmIuaG fmSRng yle__article__paragraph\">Hovioikeuden tuomiossa saattaa my\u00f6s kest\u00e4\u00e4. Soila arvioi, ett\u00e4 oikeus tuskin haluaa ottaa riski\u00e4, ett\u00e4 Kivim\u00e4ki istuisi vankilassa pidemp\u00e4\u00e4n kuin mit\u00e4 tuleva tuomio edellytt\u00e4\u00e4.<\/p>\n<p class=\"aw-1gybjub aw-1p7kakr cmIuaG fmSRng yle__article__paragraph\">Tuottaja sanoo, ett\u00e4 dokumenttia tehdess\u00e4 kysyttiin asiantuntijoilta, mit\u00e4 tapahtuu, kun hakkeri astuu vapauteen.<\/p>\n<p class=\"aw-1gybjub aw-1p7kakr cmIuaG fmSRng yle__article__paragraph\">\u2013 Yksi kaveri arvioi, ett\u00e4 ei mene seitsem\u00e4\u00e4 p\u00e4iv\u00e4\u00e4, kun tapahtuu jotain. Se on ihan mielenkiintoinen kysymys, ett\u00e4 mille polulle h\u00e4n siin\u00e4 kohtaa l\u00e4htee.<\/p>\n<p class=\"aw-1gybjub aw-1p7kakr cmIuaG fmSRng yle__article__paragraph\">Korjattu 5.9. kello 18.59: Jutun otsikossa luki aiemmin virheellisesti, ett\u00e4 tuottaja Joni Soila olisi arvioinut, ett\u00e4 \u201dei mene seitsem\u00e4\u00e4 p\u00e4iv\u00e4\u00e4, kun tapahtuu jotain\u201d. Oikeasti toinen henkil\u00f6 oli esitt\u00e4nyt arvion.<\/p>\n","protected":false},"excerpt":{"rendered":"Juttu tiivistettyn\u00e4 Dokumentaristi Sami Kieksi on ohjannut neliosaisen dokumenttisarjan Aleksanteri Kivim\u00e4est\u00e4, joka on tuomittu Vastaamo-tietomurrosta yli kuuden vuoden&hellip;\n","protected":false},"author":2,"featured_media":36639,"comment_status":"","ping_status":"","sticky":false,"template":"","format":"standard","meta":{"footnotes":""},"categories":[133],"tags":[9452,2463,10255,137,33,31,30,280,8792,9290,108,2098,9451,581,10254,32,747,206,2713,2801,9453,140,156,8170,9450,109],"class_list":{"0":"post-36638","1":"post","2":"type-post","3":"status-publish","4":"format-standard","5":"has-post-thumbnail","7":"category-televisiot","8":"tag-aleksanteri-kivimaki","9":"tag-dokumenttiohjelmat","10":"tag-dokumenttisarjat","11":"tag-entertainment","12":"tag-fi","13":"tag-finland","14":"tag-finnish","15":"tag-hbo-max","16":"tag-helsingin-hovioikeus","17":"tag-hovioikeudet","18":"tag-kulttuuri","19":"tag-oikeudenkaynnit","20":"tag-psykoterapiakeskus-vastaamo","21":"tag-rikokset","22":"tag-sami-kieksi","23":"tag-suomi","24":"tag-televisiosarjat","25":"tag-televisiot","26":"tag-tietomurto","27":"tag-true-crime","28":"tag-tutkintavankeus","29":"tag-tv-ja-elokuvat","30":"tag-tv","31":"tag-vankeus","32":"tag-vastaamon-tietomurto","33":"tag-viihde"},"share_on_mastodon":{"url":"","error":""},"_links":{"self":[{"href":"https:\/\/www.europesays.com\/fi\/wp-json\/wp\/v2\/posts\/36638","targetHints":{"allow":["GET"]}}],"collection":[{"href":"https:\/\/www.europesays.com\/fi\/wp-json\/wp\/v2\/posts"}],"about":[{"href":"https:\/\/www.europesays.com\/fi\/wp-json\/wp\/v2\/types\/post"}],"author":[{"embeddable":true,"href":"https:\/\/www.europesays.com\/fi\/wp-json\/wp\/v2\/users\/2"}],"replies":[{"embeddable":true,"href":"https:\/\/www.europesays.com\/fi\/wp-json\/wp\/v2\/comments?post=36638"}],"version-history":[{"count":0,"href":"https:\/\/www.europesays.com\/fi\/wp-json\/wp\/v2\/posts\/36638\/revisions"}],"wp:featuredmedia":[{"embeddable":true,"href":"https:\/\/www.europesays.com\/fi\/wp-json\/wp\/v2\/media\/36639"}],"wp:attachment":[{"href":"https:\/\/www.europesays.com\/fi\/wp-json\/wp\/v2\/media?parent=36638"}],"wp:term":[{"taxonomy":"category","embeddable":true,"href":"https:\/\/www.europesays.com\/fi\/wp-json\/wp\/v2\/categories?post=36638"},{"taxonomy":"post_tag","embeddable":true,"href":"https:\/\/www.europesays.com\/fi\/wp-json\/wp\/v2\/tags?post=36638"}],"curies":[{"name":"wp","href":"https:\/\/api.w.org\/{rel}","templated":true}]}}