{"id":36675,"date":"2025-09-16T14:40:08","date_gmt":"2025-09-16T14:40:08","guid":{"rendered":"https:\/\/www.europesays.com\/fi\/36675\/"},"modified":"2025-09-16T14:40:08","modified_gmt":"2025-09-16T14:40:08","slug":"alzheimerin-tauti-ei-aina-ala-muistiongelmilla-nama-voivat-olla-harvinaisemmat-merkit","status":"publish","type":"post","link":"https:\/\/www.europesays.com\/fi\/36675\/","title":{"rendered":"Alzheimerin tauti ei aina ala muistiongelmilla \u2013 N\u00e4m\u00e4 voivat olla harvinaisemmat merkit"},"content":{"rendered":"<p>Muistisairaus voi joskus oireilla niin, ett\u00e4 ihminen hakeutuu ensin silm\u00e4l\u00e4\u00e4k\u00e4riin.<\/p>\n<p><img decoding=\"async\" class=\"image image-show image-preview\" src=\"https:\/\/www.europesays.com\/fi\/wp-content\/uploads\/2025\/09\/9063ecb5752509a6193fed88cbb36a5586b3cc0448016975fb834add6145a667.jpg\" alt=\"\"\/><img decoding=\"async\" class=\"image image-show\" src=\"https:\/\/www.europesays.com\/fi\/wp-content\/uploads\/2025\/09\/1758033608_413_9063ecb5752509a6193fed88cbb36a5586b3cc0448016975fb834add6145a667.jpg\" alt=\"\"\/><\/p>\n<p>Harvinaisempi Alzheimerin taudin oire voi saada luulemaan, ett\u00e4 omassa n\u00e4\u00f6ss\u00e4 olisi jotain vikaa. Adobe stock\/AOP<\/p>\n<p class=\"paragraph\">Yleisimm\u00e4ss\u00e4 muistisairaudessamme Alzheimerin taudissa ensimm\u00e4iset merkit liittyv\u00e4t tyypillisesti uuden oppimisen ja l\u00e4himuistin ongelmiin.<\/p>\n<p class=\"paragraph\">Ihminen voi unohtaa sovittuja tapaamisia, juuri k\u00e4ytyj\u00e4 keskusteluja tai ottaa l\u00e4\u00e4kkeens\u00e4 oikeaan aikaan.<\/p>\n<p class=\"paragraph\">\u2013 Oireet alkavat hiljalleen, v\u00e4h\u00e4n kuin varkain, kertoo neurologian dosentti, erikoisl\u00e4\u00e4k\u00e4ri <strong>Johanna Kr\u00fcger<\/strong> Oulun yliopistollisesta sairaalasta.<\/p>\n<p class=\"paragraph\">Kr\u00fcger puhui Aivos\u00e4\u00e4ti\u00f6n Alzheimerin tautia k\u00e4sittelev\u00e4ss\u00e4 webinaarissa.<\/p>\n<p class=\"paragraph\">Oireet johtuvat tiettyjen aivoalueiden vaurioista.<\/p>\n<p class=\"paragraph\">Muistisairaus, kuten Alzheimerin tauti voi kuitenkin joskus alkaa muillakin kuin muistin ongelmilla. N\u00e4m\u00e4 tiedonk\u00e4sittelytoimintojen muutokset ovat viel\u00e4 isommassa roolissa muissa muistisairauksissa.<\/p>\n<p class=\"paragraph\">T\u00e4ss\u00e4 Alzheimerin taudin harvinaisemmassa muodossa muistiongelmien sijaan ymp\u00e4rist\u00f6n hahmottaminen vaikeutuu.<\/p>\n<p class=\"paragraph\">Ihminen voi alkaa eksy\u00e4, ensin vieraassa ymp\u00e4rist\u00f6ss\u00e4, mutta my\u00f6hemmin my\u00f6s tutuilla reiteill\u00e4.<\/p>\n<p class=\"paragraph\">H\u00e4nen voi olla vaikea hahmottaa et\u00e4isyyksi\u00e4 ja suuntia. T\u00e4m\u00e4 vaikuttaa siihen, ett\u00e4 esimerkiksi autolla ajokyky voi heikenty\u00e4.<\/p>\n<p class=\"paragraph\">\u2013 T\u00e4st\u00e4 voi seurata l\u00e4helt\u00e4 piti -tilanteita ja kolareitakin.<\/p>\n<p>Azheimerin taudissa aivoissa tapahtuu muutoksia jo vuosia ennen kliinisi\u00e4 oireita.  <\/p>\n<p>Ongelmia n\u00e4kemisess\u00e4<\/p>\n<p class=\"paragraph\">Kr\u00fcgerin mukaan t\u00e4st\u00e4 Alzheimerin taudin hahmottamisvariantista k\u00e4rsiv\u00e4t saattavat usein itsekin tunnistaa oireensa.<\/p>\n<p class=\"paragraph\">\u2013 Ihminen saattaa kokea, ett\u00e4 h\u00e4nen n\u00e4\u00f6ss\u00e4\u00e4n on vikaa. Oma kokemukseni on, ett\u00e4 moni on hakeutunut ensin silm\u00e4l\u00e4\u00e4k\u00e4rille selvitt\u00e4m\u00e4\u00e4n, onko n\u00e4k\u00f6 heikentynyt, Kr\u00fcger kertoo.<\/p>\n<p class=\"paragraph\">\u2013 Silm\u00e4l\u00e4\u00e4k\u00e4ri on sitten todennut, ett\u00e4 ei ole, ja sitten l\u00e4hdet\u00e4\u00e4n selvitt\u00e4m\u00e4\u00e4n, mist\u00e4 oikein on kyse.<\/p>\n<p class=\"paragraph\">Alzheimerin tauti on t\u00e4rke\u00e4\u00e4 saada diagnosoitua varhaisessa vaiheessa. Vaikka sairautta ei pystyt\u00e4 parantamaan, sen oireita voidaan saada hallintaan.<\/p>\n<p class=\"paragraph\">\u2013 On t\u00e4rke\u00e4\u00e4 sek\u00e4 sairastuneelle itselleen ett\u00e4 l\u00e4heisille, ett\u00e4 tiedet\u00e4\u00e4n, mist\u00e4 sairaudesta on kyse ja mik\u00e4 on siihen oikea hoito.<\/p>\n<p class=\"paragraph\">Suomessa sairastuu vuosittain noin 23 000 ihmist\u00e4 muistisairauteen. Ty\u00f6ik\u00e4isen\u00e4 sairastuu noin 600 henkil\u00f6\u00e4 vuosittain. Ty\u00f6ik\u00e4isten alle 65-vuotiaiden muistisairaudet ovat Suomessa yleisempi\u00e4 kuin muualla maailmassa. Syyt\u00e4 t\u00e4h\u00e4n ei tiedet\u00e4.<\/p>\n<p class=\"paragraph\">Ty\u00f6ik\u00e4isen yleisin muistisairaus on Alzheimerin tauti. Toiseksi yleisin on otsa-ohimolohkorappeuma.<\/p>\n<p>LUE MY\u00d6S<\/p>\n<p class=\"paragraph\"><strong>Uusia l\u00e4\u00e4kkeit\u00e4 tulossa<\/strong><\/p>\n<p class=\"paragraph\">Alzheimerin taudin kulkuun vaikuttavia l\u00e4\u00e4kkeit\u00e4 on hyv\u00e4ksytty markkinoille k\u00e4ytett\u00e4v\u00e4ksi jo useissa maissa.<\/p>\n<p class=\"paragraph\">Suomessa lekanemabi-l\u00e4\u00e4ke on viranomaisk\u00e4sittelyss\u00e4 Fimeassa.<\/p>\n<p class=\"paragraph\">Donanemabi-l\u00e4\u00e4kkeen myyntilupa odottaa Euroopan komission k\u00e4sittely\u00e4.<\/p>\n<p class=\"paragraph\">Uudet l\u00e4\u00e4kkeet voivat poistaa aivoihin kertyv\u00e4\u00e4 beeta-amyloidia aivoista ja est\u00e4\u00e4 sen ker\u00e4\u00e4ntymist\u00e4. Beeta-amyloidi-proteiini vaurioittaa hermosoluja ja heikent\u00e4\u00e4 muistia ja tiedonk\u00e4sittely\u00e4.<\/p>\n<p class=\"paragraph\">Uudet l\u00e4\u00e4kkeet sopivat vain harvoille. Kumpaakin l\u00e4\u00e4kett\u00e4 voidaan antaa vain varhaisen vaiheen Alzheimer-potilaille. T\u00e4st\u00e4kin joukosta l\u00e4\u00e4kkeet sopivat pienelle osalle, sill\u00e4 niiden k\u00e4ytt\u00f6\u00f6n liittyy useita tiukkoja turvallisuuteen liittyvi\u00e4 rajoituksia.<\/p>\n<p class=\"paragraph\">L\u00e4\u00e4kkeet eiv\u00e4t paranna, mutta ne hidastavat taudin etenemist\u00e4.<\/p>\n<p class=\"paragraph\">Tutkimusten mukaan varhaisessa vaiheessa aloitettuna ne hidastavat kognitiivisten toimintojen heikkenemist\u00e4 noin 30 prosenttia ja v\u00e4hent\u00e4v\u00e4t aivojen amyloidikertymi\u00e4.<\/p>\n<p class=\"paragraph\">\u2013 Tutkimusten mukaan jopa noin vuoden verran tilanne pysyy ennallaan, osalla puolitoista vuottakin tai pidemp\u00e4\u00e4n, mutta kuinka kauan vaste kest\u00e4\u00e4, sit\u00e4 ei toki tiedet\u00e4. Tavoitteena on tietenkin, ett\u00e4 hyv\u00e4\u00e4 el\u00e4m\u00e4nlaatua saadaan lis\u00e4\u00e4, kertoo  neurologian dosentti <strong>Johanna Kr\u00fcger<\/strong>.<\/p>\n<p class=\"paragraph\">Uusia muitakin mahdollisia l\u00e4\u00e4kkeit\u00e4 muistisairauksiin tutkitaan parasta aikaa. T\u00e4ll\u00e4 hetkell\u00e4 viimeisen vaiheen tutkimuksissa on 31 l\u00e4\u00e4kett\u00e4.<\/p>\n<p class=\"paragraph\">My\u00f6s eri mekanismeilla vaikuttavien hoitojen yhdistelmi\u00e4 on alettu tutkia. T\u00e4llaisia ovat esimerkiksi amyloidiin ja tau-proteiiniin vaikuttavat l\u00e4\u00e4keaineet.<\/p>\n","protected":false},"excerpt":{"rendered":"Muistisairaus voi joskus oireilla niin, ett\u00e4 ihminen hakeutuu ensin silm\u00e4l\u00e4\u00e4k\u00e4riin. Harvinaisempi Alzheimerin taudin oire voi saada luulemaan, ett\u00e4&hellip;\n","protected":false},"author":2,"featured_media":36676,"comment_status":"","ping_status":"","sticky":false,"template":"","format":"standard","meta":{"footnotes":""},"categories":[165],"tags":[35,1933,33,31,30,166,4336,764,32,765,502,167],"class_list":{"0":"post-36675","1":"post","2":"type-post","3":"status-publish","4":"format-standard","5":"has-post-thumbnail","7":"category-terveys","8":"tag-24h","9":"tag-asiantuntijatyo","10":"tag-fi","11":"tag-finland","12":"tag-finnish","13":"tag-health","14":"tag-laakarit","15":"tag-sairaudet","16":"tag-suomi","17":"tag-taudit-ja-hairiot","18":"tag-terveydenhoito","19":"tag-terveys"},"share_on_mastodon":{"url":"","error":""},"_links":{"self":[{"href":"https:\/\/www.europesays.com\/fi\/wp-json\/wp\/v2\/posts\/36675","targetHints":{"allow":["GET"]}}],"collection":[{"href":"https:\/\/www.europesays.com\/fi\/wp-json\/wp\/v2\/posts"}],"about":[{"href":"https:\/\/www.europesays.com\/fi\/wp-json\/wp\/v2\/types\/post"}],"author":[{"embeddable":true,"href":"https:\/\/www.europesays.com\/fi\/wp-json\/wp\/v2\/users\/2"}],"replies":[{"embeddable":true,"href":"https:\/\/www.europesays.com\/fi\/wp-json\/wp\/v2\/comments?post=36675"}],"version-history":[{"count":0,"href":"https:\/\/www.europesays.com\/fi\/wp-json\/wp\/v2\/posts\/36675\/revisions"}],"wp:featuredmedia":[{"embeddable":true,"href":"https:\/\/www.europesays.com\/fi\/wp-json\/wp\/v2\/media\/36676"}],"wp:attachment":[{"href":"https:\/\/www.europesays.com\/fi\/wp-json\/wp\/v2\/media?parent=36675"}],"wp:term":[{"taxonomy":"category","embeddable":true,"href":"https:\/\/www.europesays.com\/fi\/wp-json\/wp\/v2\/categories?post=36675"},{"taxonomy":"post_tag","embeddable":true,"href":"https:\/\/www.europesays.com\/fi\/wp-json\/wp\/v2\/tags?post=36675"}],"curies":[{"name":"wp","href":"https:\/\/api.w.org\/{rel}","templated":true}]}}