{"id":36789,"date":"2025-09-16T17:18:09","date_gmt":"2025-09-16T17:18:09","guid":{"rendered":"https:\/\/www.europesays.com\/fi\/36789\/"},"modified":"2025-09-16T17:18:09","modified_gmt":"2025-09-16T17:18:09","slug":"seksikkaana-pidetty-vaate-teki-paluun-punaiselle-matolle-katso-kuvat","status":"publish","type":"post","link":"https:\/\/www.europesays.com\/fi\/36789\/","title":{"rendered":"Seksikk\u00e4\u00e4n\u00e4 pidetty vaate teki paluun punaiselle matolle \u2013 Katso kuvat"},"content":{"rendered":"<p>Televisioalan tekij\u00f6it\u00e4 juhlistava Emmy-gaala j\u00e4rjestettiin sunnuntaina 14.9.2025 Peacock-teatterissa Los Angelesissa.<\/p>\n<p><img decoding=\"async\" class=\"image image-show image-preview\" src=\"https:\/\/www.europesays.com\/fi\/wp-content\/uploads\/2025\/09\/a53d8aa88090eb959ef13f439b470aa15f8464551e178b566ce3be0e3a08c2c8.jpg\" alt=\"\"\/><img decoding=\"async\" class=\"image image-show\" src=\"https:\/\/www.europesays.com\/fi\/wp-content\/uploads\/2025\/09\/1758043089_562_a53d8aa88090eb959ef13f439b470aa15f8464551e178b566ce3be0e3a08c2c8.jpg\" alt=\"\"\/><\/p>\n<p> Emmy-gaala j\u00e4rjestettiin t\u00e4n\u00e4 vuonna 77. kertaa. Kuvassa Cristin Milloti. All Over Press<\/p>\n<p class=\"paragraph\">Palkintogaalan punaisella matolla n\u00e4htiin tuttuun tapaan s\u00e4v\u00e4ytt\u00e4v\u00e4\u00e4 <a href=\"https:\/\/www.iltalehti.fi\/viihdeuutiset\/5ba0c972-4860-4e71-a313-17307ab39ad9\" rel=\"nofollow noopener\" target=\"_blank\">pukuloistoa<\/a>. Yksi siluetti, joka erottui joukosta oli vartalonmy\u00f6t\u00e4inen, napakka ja tiimalasimainen korsettiyl\u00e4osa, joka korostaa kapeaa vy\u00f6t\u00e4r\u00f6\u00e4.<\/p>\n<p class=\"paragraph\">Muun muassa n\u00e4yttelij\u00e4t\u00e4rkollegat <a href=\"https:\/\/www.iltalehti.fi\/henkilot\/Scarlett Johansson\" class=\"article-link-person-page\" rel=\"nofollow noopener\" target=\"_blank\">Scarlett Johansson<\/a>, <a href=\"https:\/\/www.iltalehti.fi\/henkilot\/Aimee Lou Wood\" class=\"article-link-person-page\" rel=\"nofollow noopener\" target=\"_blank\">Aimee Lou Wood<\/a> ja <a href=\"https:\/\/www.iltalehti.fi\/henkilot\/Sydney Sweeney\" class=\"article-link-person-page\" rel=\"nofollow noopener\" target=\"_blank\">Sydney Sweeney<\/a> luottivat t\u00e4h\u00e4n iltapukumalliin Emmy-gaalassa.<\/p>\n<p>Katso kuvat:<\/p>\n<p>Scarlett Johansson All Over Press<\/p>\n<p>Isa Briones All Over Press<\/p>\n<p>Molly Gordon  All Over Press<\/p>\n<p>Lukita Maxwell All Over Press<\/p>\n<p>Phaedra Parks All Over Press<\/p>\n<p>Aimee Lou Wood  All Over Press<\/p>\n<p>Sydney Sweeney All Over Press<\/p>\n<p>Lucy Walsh All Over Press<\/p>\n","protected":false},"excerpt":{"rendered":"Televisioalan tekij\u00f6it\u00e4 juhlistava Emmy-gaala j\u00e4rjestettiin sunnuntaina 14.9.2025 Peacock-teatterissa Los Angelesissa. Emmy-gaala j\u00e4rjestettiin t\u00e4n\u00e4 vuonna 77. kertaa. Kuvassa Cristin&hellip;\n","protected":false},"author":2,"featured_media":36790,"comment_status":"","ping_status":"","sticky":false,"template":"","format":"standard","meta":{"footnotes":""},"categories":[130],"tags":[153,152,155,137,33,31,30,1390,718,154,32,140,156,109],"class_list":{"0":"post-36789","1":"post","2":"type-post","3":"status-publish","4":"format-standard","5":"has-post-thumbnail","7":"category-viihde","8":"tag-audiovisuaalinen-media","9":"tag-elokuva-ja-tv-nayttelijat","10":"tag-elokuvat","11":"tag-entertainment","12":"tag-fi","13":"tag-finland","14":"tag-finnish","15":"tag-kuukausi","16":"tag-nayttamotaide","17":"tag-nayttelijat-teatteri","18":"tag-suomi","19":"tag-tv-ja-elokuvat","20":"tag-tv","21":"tag-viihde"},"share_on_mastodon":{"url":"","error":""},"_links":{"self":[{"href":"https:\/\/www.europesays.com\/fi\/wp-json\/wp\/v2\/posts\/36789","targetHints":{"allow":["GET"]}}],"collection":[{"href":"https:\/\/www.europesays.com\/fi\/wp-json\/wp\/v2\/posts"}],"about":[{"href":"https:\/\/www.europesays.com\/fi\/wp-json\/wp\/v2\/types\/post"}],"author":[{"embeddable":true,"href":"https:\/\/www.europesays.com\/fi\/wp-json\/wp\/v2\/users\/2"}],"replies":[{"embeddable":true,"href":"https:\/\/www.europesays.com\/fi\/wp-json\/wp\/v2\/comments?post=36789"}],"version-history":[{"count":0,"href":"https:\/\/www.europesays.com\/fi\/wp-json\/wp\/v2\/posts\/36789\/revisions"}],"wp:featuredmedia":[{"embeddable":true,"href":"https:\/\/www.europesays.com\/fi\/wp-json\/wp\/v2\/media\/36790"}],"wp:attachment":[{"href":"https:\/\/www.europesays.com\/fi\/wp-json\/wp\/v2\/media?parent=36789"}],"wp:term":[{"taxonomy":"category","embeddable":true,"href":"https:\/\/www.europesays.com\/fi\/wp-json\/wp\/v2\/categories?post=36789"},{"taxonomy":"post_tag","embeddable":true,"href":"https:\/\/www.europesays.com\/fi\/wp-json\/wp\/v2\/tags?post=36789"}],"curies":[{"name":"wp","href":"https:\/\/api.w.org\/{rel}","templated":true}]}}