{"id":36793,"date":"2025-09-16T17:22:06","date_gmt":"2025-09-16T17:22:06","guid":{"rendered":"https:\/\/www.europesays.com\/fi\/36793\/"},"modified":"2025-09-16T17:22:06","modified_gmt":"2025-09-16T17:22:06","slug":"venaja-sekaantui-romanian-vaaleihin-ehdokasta-uhkaa-25-vuoden-vankeus","status":"publish","type":"post","link":"https:\/\/www.europesays.com\/fi\/36793\/","title":{"rendered":"Ven\u00e4j\u00e4 sekaantui Romanian vaaleihin, ehdokasta uhkaa 25 vuoden vankeus"},"content":{"rendered":"<p class=\"ai-optimize-6 ai-optimize-introduction\">Viime vuonna mit\u00e4t\u00f6idyt Romanian presidentinvaalit voittanut \u00e4\u00e4rioikeistolainen ehdokas on saanut syytteet vallankaappausyrityksest\u00e4, kertovat <a href=\"https:\/\/www.ft.com\/content\/5248339f-3dcc-4ee3-b2b3-7b54e4ecf0bc\" target=\"_blank\" rel=\"noopener nofollow\">kansainv\u00e4liset mediat<\/a>.<\/p>\n<p class=\"ai-optimize-7\">Romanian yleinen syytt\u00e4j\u00e4 vahvisti tiedotustilaisuudessa, ett\u00e4 <strong>C\u0103lin Georgescua<\/strong> ja 21 muuta henkil\u00f6\u00e4 ep\u00e4ill\u00e4\u00e4n demokraattisen j\u00e4rjestyksen horjuttamisesta.<\/p>\n<p class=\"ai-optimize-8\">Romanian perustuslakituomioistuin mit\u00e4t\u00f6i Georgescun yll\u00e4tt\u00e4v\u00e4n voiton viime vuonna. Taustalla oli Ven\u00e4j\u00e4n v\u00e4itetty sekaantuminen vaaleihin.<\/p>\n<p class=\"ai-optimize-9\">Jos Georgescu todetaan syylliseksi, h\u00e4nt\u00e4 uhkaa jopa 25 vuoden vankeustuomio.<\/p>\n<p class=\"ai-optimize-10\">Georgescua on syytetty hallituksen kaatamisen suunnittelusta <strong>Hora\u0163iu Potran<\/strong> johtaman puolisotilaallisen ryhm\u00e4n avulla. Potra pid\u00e4tettiin lyhyesti viime vuonna mutta on sittemmin paennut maasta.<\/p>\n<p class=\"ai-optimize-11\">Georgescu tapasi Potran hevostilalla Bukarestin laitamilla suunnitellakseen v\u00e4kivallan k\u00e4ytt\u00f6\u00e4 Georgescua tukevassa mielenosoituksessa, joka oli tarkoitus j\u00e4rjest\u00e4\u00e4 p\u00e4\u00e4kaupungissa muutamaa p\u00e4iv\u00e4\u00e4 my\u00f6hemmin \u201ddemokraattisen j\u00e4rjestyksen kaatamiseksi\u201d, syytteess\u00e4 todetaan.<\/p>\n<p class=\"ai-optimize-12\">Potra pid\u00e4tettiin viime vuoden lopulla matkalla Romanian p\u00e4\u00e4kaupunkiin aseistettujen miesten saattueen johdossa. H\u00e4n on sittemmin paennut maasta ja h\u00e4nest\u00e4 on annettu kansainv\u00e4linen pid\u00e4tysm\u00e4\u00e4r\u00e4ys.<\/p>\n<p class=\"ai-optimize-13\">Yleisen syytt\u00e4j\u00e4n mukaan h\u00e4n on nyt yhteydess\u00e4 \u201dVen\u00e4j\u00e4n viranomaisiin saadakseen turvapaikan\u201d maassa. Potraa syytet\u00e4\u00e4n my\u00f6s salaliitosta Georgescu-tapauksessa.<\/p>\n<p class=\"ai-optimize-14\">Yleisen syytt\u00e4j\u00e4n <strong>Alex Florentan\u00a0<\/strong>mukaan Georgescu on \u201dvarmasti\u201d hy\u00f6tynyt Ven\u00e4j\u00e4n vaikuttamiskampanjasta ennen viime vuoden presidentinvaaleja.<\/p>\n<p class=\"ai-optimize-15\">Syytt\u00e4j\u00e4t tunnistivat nelj\u00e4 yrityst\u00e4, joilla oli \u201dtodistetut yhteydet Ven\u00e4j\u00e4n federaatioon\u201d ja jotka levittiv\u00e4t disinformaatiota ja teko\u00e4lyn tuottamaa sis\u00e4lt\u00f6\u00e4 Romaniassa, Floren\u021ba sanoi lehdist\u00f6tilaisuudessa.<\/p>\n<p class=\"ai-optimize-17\">Georgescu on kiist\u00e4nyt kaikki yhteydet Ven\u00e4j\u00e4\u00e4n.<\/p>\n<p>Poimintoja videosis\u00e4ll\u00f6ist\u00e4mme<\/p>\n","protected":false},"excerpt":{"rendered":"Viime vuonna mit\u00e4t\u00f6idyt Romanian presidentinvaalit voittanut \u00e4\u00e4rioikeistolainen ehdokas on saanut syytteet vallankaappausyrityksest\u00e4, kertovat kansainv\u00e4liset mediat. Romanian yleinen syytt\u00e4j\u00e4&hellip;\n","protected":false},"author":2,"featured_media":36794,"comment_status":"","ping_status":"","sticky":false,"template":"","format":"standard","meta":{"footnotes":""},"categories":[14],"tags":[22,23,26,27,33,31,30,17,24,25,28,29,15,18,21,2698,32,19,20,56,16,59,60,61],"class_list":{"0":"post-36793","1":"post","2":"type-post","3":"status-publish","4":"format-standard","5":"has-post-thumbnail","7":"category-ulkomaat","8":"tag-breaking-news","9":"tag-breakingnews","10":"tag-featured-news","11":"tag-featurednews","12":"tag-fi","13":"tag-finland","14":"tag-finnish","15":"tag-headlines","16":"tag-latest-news","17":"tag-latestnews","18":"tag-main-news","19":"tag-mainnews","20":"tag-news","21":"tag-otsikot","22":"tag-paauutiset","23":"tag-romania","24":"tag-suomi","25":"tag-top-stories","26":"tag-topstories","27":"tag-ulkomaat","28":"tag-uutiset","29":"tag-world","30":"tag-world-news","31":"tag-worldnews"},"share_on_mastodon":{"url":"","error":""},"_links":{"self":[{"href":"https:\/\/www.europesays.com\/fi\/wp-json\/wp\/v2\/posts\/36793","targetHints":{"allow":["GET"]}}],"collection":[{"href":"https:\/\/www.europesays.com\/fi\/wp-json\/wp\/v2\/posts"}],"about":[{"href":"https:\/\/www.europesays.com\/fi\/wp-json\/wp\/v2\/types\/post"}],"author":[{"embeddable":true,"href":"https:\/\/www.europesays.com\/fi\/wp-json\/wp\/v2\/users\/2"}],"replies":[{"embeddable":true,"href":"https:\/\/www.europesays.com\/fi\/wp-json\/wp\/v2\/comments?post=36793"}],"version-history":[{"count":0,"href":"https:\/\/www.europesays.com\/fi\/wp-json\/wp\/v2\/posts\/36793\/revisions"}],"wp:featuredmedia":[{"embeddable":true,"href":"https:\/\/www.europesays.com\/fi\/wp-json\/wp\/v2\/media\/36794"}],"wp:attachment":[{"href":"https:\/\/www.europesays.com\/fi\/wp-json\/wp\/v2\/media?parent=36793"}],"wp:term":[{"taxonomy":"category","embeddable":true,"href":"https:\/\/www.europesays.com\/fi\/wp-json\/wp\/v2\/categories?post=36793"},{"taxonomy":"post_tag","embeddable":true,"href":"https:\/\/www.europesays.com\/fi\/wp-json\/wp\/v2\/tags?post=36793"}],"curies":[{"name":"wp","href":"https:\/\/api.w.org\/{rel}","templated":true}]}}