{"id":36821,"date":"2025-09-16T18:08:07","date_gmt":"2025-09-16T18:08:07","guid":{"rendered":"https:\/\/www.europesays.com\/fi\/36821\/"},"modified":"2025-09-16T18:08:07","modified_gmt":"2025-09-16T18:08:07","slug":"twilight-maratonissa-naytetaan-viisi-elokuvaa-perakkain-kesto-liki-12-tuntia","status":"publish","type":"post","link":"https:\/\/www.europesays.com\/fi\/36821\/","title":{"rendered":"Twilight-maratonissa n\u00e4ytet\u00e4\u00e4n viisi elokuvaa per\u00e4kk\u00e4in, kesto liki 12 tuntia"},"content":{"rendered":"<p>Elokuva|Romanttiset vampyyrifantasiat olivat suuria menestyksi\u00e4 toistakymment\u00e4 vuotta sitten.<\/p>\n<p class=\"article-body mb-nof-24 px-nof-16\">Finnkino j\u00e4rjest\u00e4\u00e4 marraskuussa Helsingiss\u00e4 Tennispalatsissa Twilight-elokuvamaratonin, jossa n\u00e4ytet\u00e4\u00e4n kaikki Twilight-elokuvat per\u00e4kk\u00e4in.<\/p>\n<p class=\"article-body mb-nof-24 px-nof-16\">Koko esitys kest\u00e4\u00e4 11 tuntia ja 40 minuuttia. Elokuvien v\u00e4liss\u00e4 on lyhyit\u00e4 taukoja jaloittelua ja wc-k\u00e4yntej\u00e4 varten. Erikoisn\u00e4yt\u00f6s j\u00e4rjestet\u00e4\u00e4n sunnuntaina 9. marraskuuta. <\/p>\n<p class=\"article-body mb-nof-24 px-nof-16\"><a class=\"article-personlink\" href=\"https:\/\/www.hs.fi\/haku\/?query=Stephanie%20Meyerin\" rel=\"nofollow noopener\" target=\"_blank\">Stephanie Meyerin<\/a> kirjasarjaan perustuvat Twilight-elokuvat ovat romanttisia fantasiaelokuvia, joissa ihmiset, vampyyrit ja ihmissudet solmivat monimutkaisia suhteita ja taistelevat kesken\u00e4\u00e4n.<\/p>\n<p class=\"article-body mb-nof-24 px-nof-16\">Elokuvasarjaan kuuluu viisi osaa. Ne julkaistiin vuosina 2008\u20132012. Sarja oli taloudellinen menestys, ja sen ymp\u00e4rille syntyi voimakas fanikulttuuri.<\/p>\n<p class=\"article-body mb-nof-24 px-nof-16\">Suomessa suosituin oli sarjan p\u00e4\u00e4tt\u00e4nyt Twilight &#8211; Aamunkoi, osa 2, joka oli vuoden 2012 kahdeksanneksi katsotuin elokuva.<\/p>\n<p class=\"article-body mb-nof-24 px-nof-16\">Tuntikausia kest\u00e4vi\u00e4 elokuvamaratoneja on j\u00e4rjestetty pienimuotoisemmin muun muassa elokuvakerhojen n\u00e4yt\u00f6ksiss\u00e4 ja kulttuuritapahtumissa.<\/p>\n<p class=\"article-body mb-nof-24 px-nof-16\">Kaupallisissa elokuvateattereissa maratonn\u00e4yt\u00f6kset ovat harvinaisempia.<\/p>\n","protected":false},"excerpt":{"rendered":"Elokuva|Romanttiset vampyyrifantasiat olivat suuria menestyksi\u00e4 toistakymment\u00e4 vuotta sitten. Finnkino j\u00e4rjest\u00e4\u00e4 marraskuussa Helsingiss\u00e4 Tennispalatsissa Twilight-elokuvamaratonin, jossa n\u00e4ytet\u00e4\u00e4n kaikki Twilight-elokuvat&hellip;\n","protected":false},"author":2,"featured_media":36822,"comment_status":"","ping_status":"","sticky":false,"template":"","format":"standard","meta":{"footnotes":""},"categories":[131],"tags":[155,137,33,173,31,30,46,172,32,109],"class_list":{"0":"post-36821","1":"post","2":"type-post","3":"status-publish","4":"format-standard","5":"has-post-thumbnail","7":"category-elokuvat","8":"tag-elokuvat","9":"tag-entertainment","10":"tag-fi","11":"tag-film","12":"tag-finland","13":"tag-finnish","14":"tag-helsingin-sanomat","15":"tag-movies","16":"tag-suomi","17":"tag-viihde"},"share_on_mastodon":{"url":"","error":""},"_links":{"self":[{"href":"https:\/\/www.europesays.com\/fi\/wp-json\/wp\/v2\/posts\/36821","targetHints":{"allow":["GET"]}}],"collection":[{"href":"https:\/\/www.europesays.com\/fi\/wp-json\/wp\/v2\/posts"}],"about":[{"href":"https:\/\/www.europesays.com\/fi\/wp-json\/wp\/v2\/types\/post"}],"author":[{"embeddable":true,"href":"https:\/\/www.europesays.com\/fi\/wp-json\/wp\/v2\/users\/2"}],"replies":[{"embeddable":true,"href":"https:\/\/www.europesays.com\/fi\/wp-json\/wp\/v2\/comments?post=36821"}],"version-history":[{"count":0,"href":"https:\/\/www.europesays.com\/fi\/wp-json\/wp\/v2\/posts\/36821\/revisions"}],"wp:featuredmedia":[{"embeddable":true,"href":"https:\/\/www.europesays.com\/fi\/wp-json\/wp\/v2\/media\/36822"}],"wp:attachment":[{"href":"https:\/\/www.europesays.com\/fi\/wp-json\/wp\/v2\/media?parent=36821"}],"wp:term":[{"taxonomy":"category","embeddable":true,"href":"https:\/\/www.europesays.com\/fi\/wp-json\/wp\/v2\/categories?post=36821"},{"taxonomy":"post_tag","embeddable":true,"href":"https:\/\/www.europesays.com\/fi\/wp-json\/wp\/v2\/tags?post=36821"}],"curies":[{"name":"wp","href":"https:\/\/api.w.org\/{rel}","templated":true}]}}