{"id":36881,"date":"2025-09-16T19:30:16","date_gmt":"2025-09-16T19:30:16","guid":{"rendered":"https:\/\/www.europesays.com\/fi\/36881\/"},"modified":"2025-09-16T19:30:16","modified_gmt":"2025-09-16T19:30:16","slug":"kylla-se-oli-aika-etova-tuttu-limainen-elain-ilmestyi-uuteen-paikkaan-pirkanmaalla","status":"publish","type":"post","link":"https:\/\/www.europesays.com\/fi\/36881\/","title":{"rendered":"\u201dKyll\u00e4 se oli aika etova\u201d \u2013 Tuttu limainen el\u00e4in ilmestyi uuteen paikkaan Pirkanmaalla"},"content":{"rendered":"<p>Pirkanmaalla tavatusta vieraslajista on tullut nyt n\u00e4k\u00f6havaintoja Mallasvedenkin vesist\u00f6ss\u00e4 Valkeakoskella.<\/p>\n<p class=\"article-body mb-nof-24 px-nof-16\">Valkeakosken rajan tuntumassa P\u00e4lk\u00e4neen Karhunsalossa m\u00f6kkeillyt <a class=\"article-personlink\" href=\"https:\/\/www.aamulehti.fi\/haku\/?query=Elina%20Karvonen\" rel=\"nofollow noopener\" target=\"_blank\">Elina Karvonen<\/a> kohtasi ensimm\u00e4ist\u00e4 kertaa Mallasvedell\u00e4 erikoisen n\u00e4yn. \u201dKyll\u00e4 se oli aika etova. Kun menin uimaan, niin osuin siihen jalalla. Se oli vaan sellainen ep\u00e4miellytt\u00e4v\u00e4.\u201d<\/p>\n","protected":false},"excerpt":{"rendered":"Pirkanmaalla tavatusta vieraslajista on tullut nyt n\u00e4k\u00f6havaintoja Mallasvedenkin vesist\u00f6ss\u00e4 Valkeakoskella. Valkeakosken rajan tuntumassa P\u00e4lk\u00e4neen Karhunsalossa m\u00f6kkeillyt Elina Karvonen&hellip;\n","protected":false},"author":2,"featured_media":36882,"comment_status":"","ping_status":"","sticky":false,"template":"","format":"standard","meta":{"footnotes":""},"categories":[112],"tags":[157,33,31,30,118,32,119],"class_list":{"0":"post-36881","1":"post","2":"type-post","3":"status-publish","4":"format-standard","5":"has-post-thumbnail","7":"category-tiede","8":"tag-aamulehti","9":"tag-fi","10":"tag-finland","11":"tag-finnish","12":"tag-science","13":"tag-suomi","14":"tag-tiede"},"share_on_mastodon":{"url":"","error":""},"_links":{"self":[{"href":"https:\/\/www.europesays.com\/fi\/wp-json\/wp\/v2\/posts\/36881","targetHints":{"allow":["GET"]}}],"collection":[{"href":"https:\/\/www.europesays.com\/fi\/wp-json\/wp\/v2\/posts"}],"about":[{"href":"https:\/\/www.europesays.com\/fi\/wp-json\/wp\/v2\/types\/post"}],"author":[{"embeddable":true,"href":"https:\/\/www.europesays.com\/fi\/wp-json\/wp\/v2\/users\/2"}],"replies":[{"embeddable":true,"href":"https:\/\/www.europesays.com\/fi\/wp-json\/wp\/v2\/comments?post=36881"}],"version-history":[{"count":0,"href":"https:\/\/www.europesays.com\/fi\/wp-json\/wp\/v2\/posts\/36881\/revisions"}],"wp:featuredmedia":[{"embeddable":true,"href":"https:\/\/www.europesays.com\/fi\/wp-json\/wp\/v2\/media\/36882"}],"wp:attachment":[{"href":"https:\/\/www.europesays.com\/fi\/wp-json\/wp\/v2\/media?parent=36881"}],"wp:term":[{"taxonomy":"category","embeddable":true,"href":"https:\/\/www.europesays.com\/fi\/wp-json\/wp\/v2\/categories?post=36881"},{"taxonomy":"post_tag","embeddable":true,"href":"https:\/\/www.europesays.com\/fi\/wp-json\/wp\/v2\/tags?post=36881"}],"curies":[{"name":"wp","href":"https:\/\/api.w.org\/{rel}","templated":true}]}}