{"id":36891,"date":"2025-09-16T19:35:07","date_gmt":"2025-09-16T19:35:07","guid":{"rendered":"https:\/\/www.europesays.com\/fi\/36891\/"},"modified":"2025-09-16T19:35:07","modified_gmt":"2025-09-16T19:35:07","slug":"tyler-robinson-syytteeseen-charlie-kirkin-murhasta-uutisia-lyhyesti","status":"publish","type":"post","link":"https:\/\/www.europesays.com\/fi\/36891\/","title":{"rendered":"Tyler Robinson syytteeseen Charlie Kirkin murhasta | Uutisia lyhyesti"},"content":{"rendered":"<p class=\"aw-1gybjub aw-5vja16 cmIuaG zKETg yle__article__paragraph\">Utahin piirikunnan syytt\u00e4j\u00e4 aikoo hakea Robinsonille kuoleman\u00adtuomiota, mik\u00e4li h\u00e4net todetaan syylliseksi.<\/p>\n<p>21:19\u2022P\u00e4ivitetty 21:43<\/p>\n<p class=\"aw-1gybjub aw-1p7kakr cmIuaG fmSRng yle__article__paragraph\"><strong class=\"aw-ak79eh KyCXm yle__article__strong\">Tyler<\/strong> <strong class=\"aw-ak79eh KyCXm yle__article__strong\">Robinson<\/strong>, 22, on asetettu syytteeseen oikeistoaktivisti <strong class=\"aw-ak79eh KyCXm yle__article__strong\">Charlie<\/strong> <strong class=\"aw-ak79eh KyCXm yle__article__strong\">Kirkin<\/strong> t\u00f6rke\u00e4st\u00e4 murhasta Yhdysvaltain Utahissa.<\/p>\n<p class=\"aw-1gybjub aw-1p7kakr cmIuaG fmSRng yle__article__paragraph\">Utahin piirikunnan syytt\u00e4j\u00e4 <strong class=\"aw-ak79eh KyCXm yle__article__strong\">Jeffrey<\/strong> <strong class=\"aw-ak79eh KyCXm yle__article__strong\">Gray<\/strong> aikoo hakea Robinsonille kuolemantuomiota, mik\u00e4li h\u00e4net todetaan syylliseksi. Robinsonia syytet\u00e4\u00e4n Kirkin ampumisesta katolta Utah Valleyn yliopiston kampuksella viime viikon keskiviikkona.<\/p>\n<p class=\"aw-1gybjub aw-1p7kakr cmIuaG fmSRng yle__article__paragraph\">Utahin piirikunnan syytt\u00e4j\u00e4 Gray kertoi uutistoimisto Reutersille tiistaina, ett\u00e4 h\u00e4nen toimistonsa on nostanut Robinsonia vastaan yhteens\u00e4 seitsem\u00e4n syytett\u00e4, mukaan lukien todisteiden tuhoaminen ja todistajiin vaikuttaminen.<\/p>\n<p class=\"aw-1gybjub aw-1p7kakr cmIuaG fmSRng yle__article__paragraph\">Robinson pid\u00e4tettiin viime viikon torstaina vanhempiensa kotoa.<\/p>\n<p class=\"aw-1gybjub aw-1p7kakr cmIuaG fmSRng yle__article__paragraph\">Utahin kuvern\u00f6\u00f6ri <strong class=\"aw-ak79eh KyCXm yle__article__strong\">Spencer<\/strong> <strong class=\"aw-ak79eh KyCXm yle__article__strong\">Cox<\/strong> sanoi, ett\u00e4 Utahin osavaltio on taipuvainen hakemaan Robinsonille kuolemantuomiota, mutta syytt\u00e4j\u00e4t keskustelevat ensin Kirkin perheen kanssa heid\u00e4n toiveistaan.<\/p>\n<p class=\"aw-1gybjub aw-1p7kakr cmIuaG fmSRng yle__article__paragraph\">L\u00e4hteet: AP, Reuters<\/p>\n","protected":false},"excerpt":{"rendered":"Utahin piirikunnan syytt\u00e4j\u00e4 aikoo hakea Robinsonille kuoleman\u00adtuomiota, mik\u00e4li h\u00e4net todetaan syylliseksi. 21:19\u2022P\u00e4ivitetty 21:43 Tyler Robinson, 22, on asetettu&hellip;\n","protected":false},"author":2,"featured_media":74,"comment_status":"","ping_status":"","sticky":false,"template":"","format":"standard","meta":{"footnotes":""},"categories":[5],"tags":[22,23,9333,26,27,33,31,30,17,5022,24,25,28,29,1252,15,2098,18,21,1263,32,19,20,56,6289,16,619],"class_list":{"0":"post-36891","1":"post","2":"type-post","3":"status-publish","4":"format-standard","5":"has-post-thumbnail","7":"category-otsikot","8":"tag-breaking-news","9":"tag-breakingnews","10":"tag-charlie-kirk","11":"tag-featured-news","12":"tag-featurednews","13":"tag-fi","14":"tag-finland","15":"tag-finnish","16":"tag-headlines","17":"tag-kuolemanrangaistus","18":"tag-latest-news","19":"tag-latestnews","20":"tag-main-news","21":"tag-mainnews","22":"tag-murha","23":"tag-news","24":"tag-oikeudenkaynnit","25":"tag-otsikot","26":"tag-paauutiset","27":"tag-rikosepailyt","28":"tag-suomi","29":"tag-top-stories","30":"tag-topstories","31":"tag-ulkomaat","32":"tag-utah","33":"tag-uutiset","34":"tag-yhdysvallat"},"share_on_mastodon":{"url":"","error":""},"_links":{"self":[{"href":"https:\/\/www.europesays.com\/fi\/wp-json\/wp\/v2\/posts\/36891","targetHints":{"allow":["GET"]}}],"collection":[{"href":"https:\/\/www.europesays.com\/fi\/wp-json\/wp\/v2\/posts"}],"about":[{"href":"https:\/\/www.europesays.com\/fi\/wp-json\/wp\/v2\/types\/post"}],"author":[{"embeddable":true,"href":"https:\/\/www.europesays.com\/fi\/wp-json\/wp\/v2\/users\/2"}],"replies":[{"embeddable":true,"href":"https:\/\/www.europesays.com\/fi\/wp-json\/wp\/v2\/comments?post=36891"}],"version-history":[{"count":0,"href":"https:\/\/www.europesays.com\/fi\/wp-json\/wp\/v2\/posts\/36891\/revisions"}],"wp:featuredmedia":[{"embeddable":true,"href":"https:\/\/www.europesays.com\/fi\/wp-json\/wp\/v2\/media\/74"}],"wp:attachment":[{"href":"https:\/\/www.europesays.com\/fi\/wp-json\/wp\/v2\/media?parent=36891"}],"wp:term":[{"taxonomy":"category","embeddable":true,"href":"https:\/\/www.europesays.com\/fi\/wp-json\/wp\/v2\/categories?post=36891"},{"taxonomy":"post_tag","embeddable":true,"href":"https:\/\/www.europesays.com\/fi\/wp-json\/wp\/v2\/tags?post=36891"}],"curies":[{"name":"wp","href":"https:\/\/api.w.org\/{rel}","templated":true}]}}