{"id":3691,"date":"2025-08-12T19:11:09","date_gmt":"2025-08-12T19:11:09","guid":{"rendered":"https:\/\/www.europesays.com\/fi\/3691\/"},"modified":"2025-08-12T19:11:09","modified_gmt":"2025-08-12T19:11:09","slug":"kuntalaiset-haadetaan-vastaanottokeskuksen-tielta-nyt-jyrahtaa-sisaministeri","status":"publish","type":"post","link":"https:\/\/www.europesays.com\/fi\/3691\/","title":{"rendered":"Kuntalaiset h\u00e4\u00e4det\u00e4\u00e4n vastaanottokeskuksen tielt\u00e4 \u2013 Nyt jyr\u00e4ht\u00e4\u00e4 sis\u00e4ministeri"},"content":{"rendered":"<p>Sis\u00e4ministeri Mari Rantanen vaatii turvapaikkapolitiikan kirist\u00e4mist\u00e4.<\/p>\n<p><img decoding=\"async\" class=\"image image-show image-preview\" src=\"https:\/\/www.europesays.com\/fi\/wp-content\/uploads\/2025\/08\/f0aa60e731725c7f3fa8fe47bd56d06ab15839b72093d62ad553b9a7681e9a15.jpg\" alt=\"\"\/><img decoding=\"async\" class=\"image image-show\" src=\"https:\/\/www.europesays.com\/fi\/wp-content\/uploads\/2025\/08\/1755025869_592_f0aa60e731725c7f3fa8fe47bd56d06ab15839b72093d62ad553b9a7681e9a15.jpg\" alt=\"\"\/><\/p>\n<p>Sis\u00e4ministeri Mari Rantanen (ps) \u00e4r\u00e4ht\u00e4\u00e4 Mikkelin vastaanottokeskussuunnitelmasta. Inka Soveri<\/p>\n<p class=\"paragraph\">Sis\u00e4ministeri <strong>Mari Rantanen<\/strong> (ps) vastustaa Mikkelin kaupungin suunnitelmaa varata kaupungin rivitaloja turvapaikanhakijoille.<\/p>\n<p class=\"paragraph\"><a href=\"https:\/\/yle.fi\/a\/74-20175828?utm_source=social-media-share&amp;utm_medium=social&amp;utm_campaign=ylefiapp\" target=\"_blank\" rel=\"noopener nofollow\">Yle<\/a> kertoi t\u00e4n\u00e4\u00e4n tiistaina, ett\u00e4 Mikkeli <a href=\"https:\/\/www.iltalehti.fi\/kotimaa\/38c578a7-8258-4f3d-8324-fa45af3fb17d\" rel=\"nofollow noopener\" target=\"_blank\">vuokraa 18 rivitaloasuntoa vastaanottokeskuksen k\u00e4ytt\u00f6\u00f6n<\/a>. Nykyiset vuokralaiset joutuvat p\u00e4\u00e4t\u00f6ksen my\u00f6t\u00e4 etsim\u00e4\u00e4n uudet kodit.<\/p>\n<p class=\"paragraph\">Sis\u00e4ministeri ei niele Mikkelin kaupungin perusteluja, joiden mukaan vastaanottokeskus tuo alueelle merkitt\u00e4v\u00e4n m\u00e4\u00e4r\u00e4n valtion rahaa, ja keskuksen asukkaat parantavat alueen elinvoimaa asioimalla kaupoissa.<\/p>\n<p class=\"paragraph\">\u2013 Ei ole \u201dvaltion rahaa\u201d, on vain veronmaksajien rahaa, sis\u00e4ministeri <a href=\"https:\/\/x.com\/MariPSRantanen\/status\/1955308929228927368\" target=\"_blank\" rel=\"noopener nofollow\">kirjoittaa<\/a> viestipalvelu X:ss\u00e4.<\/p>\n<p class=\"paragraph\">Rantanen kirjoittaa, ett\u00e4 valtion tulee \u201densisijaisesti huolehtia omistaan\u201d.<\/p>\n<p class=\"paragraph\">\u2013 Siksi 0 turvapaikanhakijaa on hyv\u00e4 tavoite. Ja siksi my\u00f6s ep\u00e4terveiden kannustimien vuoksi on syyt\u00e4 vet\u00e4\u00e4 valtion tuet minimiin, kiinti\u00f6pakolaiset nollaan ja lakkauttaa kuntien ja hyvinvointialueiden korvaukset kotoutumisesta, Rantanen kirjoittaa.<\/p>\n<p class=\"paragraph\">Ylen mukaan osa turvapaikanhakijoiden k\u00e4ytt\u00f6\u00f6n menevist\u00e4 asunnoista on jo valmiiksi tyhjill\u00e4\u00e4n. Asukkaita, jotka joutuvat muuttamaan vastaanottokeskuksen alta pois, on yhdeks\u00e4n.<\/p>\n<p class=\"paragraph\">\u2013 Se on suoraan sanottuna perseest\u00e4. Eih\u00e4n ihmisi\u00e4 kuulu ajaa omasta kodistaan minnek\u00e4\u00e4n pakolaisten takia, l\u00e4htij\u00f6iden joukossa oleva <strong>Mika Ahonen<\/strong> sanoo Ylen haastattelussa.<\/p>\n","protected":false},"excerpt":{"rendered":"Sis\u00e4ministeri Mari Rantanen vaatii turvapaikkapolitiikan kirist\u00e4mist\u00e4. Sis\u00e4ministeri Mari Rantanen (ps) \u00e4r\u00e4ht\u00e4\u00e4 Mikkelin vastaanottokeskussuunnitelmasta. Inka Soveri Sis\u00e4ministeri Mari Rantanen&hellip;\n","protected":false},"author":2,"featured_media":3692,"comment_status":"","ping_status":"","sticky":false,"template":"","format":"standard","meta":{"footnotes":""},"categories":[12],"tags":[35,36,542,22,23,26,27,33,31,30,863,17,24,25,28,29,2594,15,18,21,637,32,19,20,16],"class_list":{"0":"post-3691","1":"post","2":"type-post","3":"status-publish","4":"format-standard","5":"has-post-thumbnail","7":"category-suomi","8":"tag-24h","9":"tag-asuintalot-ja-asunnot","10":"tag-asuminen","11":"tag-breaking-news","12":"tag-breakingnews","13":"tag-featured-news","14":"tag-featurednews","15":"tag-fi","16":"tag-finland","17":"tag-finnish","18":"tag-hallitus","19":"tag-headlines","20":"tag-latest-news","21":"tag-latestnews","22":"tag-main-news","23":"tag-mainnews","24":"tag-muuttoliike-ja-siirtolaisuus","25":"tag-news","26":"tag-otsikot","27":"tag-paauutiset","28":"tag-politiikka","29":"tag-suomi","30":"tag-top-stories","31":"tag-topstories","32":"tag-uutiset"},"share_on_mastodon":{"url":"","error":""},"_links":{"self":[{"href":"https:\/\/www.europesays.com\/fi\/wp-json\/wp\/v2\/posts\/3691","targetHints":{"allow":["GET"]}}],"collection":[{"href":"https:\/\/www.europesays.com\/fi\/wp-json\/wp\/v2\/posts"}],"about":[{"href":"https:\/\/www.europesays.com\/fi\/wp-json\/wp\/v2\/types\/post"}],"author":[{"embeddable":true,"href":"https:\/\/www.europesays.com\/fi\/wp-json\/wp\/v2\/users\/2"}],"replies":[{"embeddable":true,"href":"https:\/\/www.europesays.com\/fi\/wp-json\/wp\/v2\/comments?post=3691"}],"version-history":[{"count":0,"href":"https:\/\/www.europesays.com\/fi\/wp-json\/wp\/v2\/posts\/3691\/revisions"}],"wp:featuredmedia":[{"embeddable":true,"href":"https:\/\/www.europesays.com\/fi\/wp-json\/wp\/v2\/media\/3692"}],"wp:attachment":[{"href":"https:\/\/www.europesays.com\/fi\/wp-json\/wp\/v2\/media?parent=3691"}],"wp:term":[{"taxonomy":"category","embeddable":true,"href":"https:\/\/www.europesays.com\/fi\/wp-json\/wp\/v2\/categories?post=3691"},{"taxonomy":"post_tag","embeddable":true,"href":"https:\/\/www.europesays.com\/fi\/wp-json\/wp\/v2\/tags?post=3691"}],"curies":[{"name":"wp","href":"https:\/\/api.w.org\/{rel}","templated":true}]}}