{"id":37042,"date":"2025-09-16T23:46:07","date_gmt":"2025-09-16T23:46:07","guid":{"rendered":"https:\/\/www.europesays.com\/fi\/37042\/"},"modified":"2025-09-16T23:46:07","modified_gmt":"2025-09-16T23:46:07","slug":"joulupukkinukkemurhaaja-kauhua-katso-dollyn-veripalttuinen-traileri","status":"publish","type":"post","link":"https:\/\/www.europesays.com\/fi\/37042\/","title":{"rendered":"Joulupukkinukkemurhaaja? Kauhua? \u2013 Katso Dollyn veripalttuinen traileri"},"content":{"rendered":"<p>Ohjaaja<strong> Rod Blackhurstin<\/strong> (Blood for Dust) elokuva Dolly on outo kauhutarina hirvi\u00f6m\u00e4isest\u00e4 hahmosta.<\/p>\n<p>Elokuvasta julkaistiin juuri ensimm\u00e4inen kiusoittelutraileri.<\/p>\n<p>Lue my\u00f6s: <a href=\"https:\/\/www.episodi.fi\/uutiset\/alaston-charlie-hunnam-pukee-ruumispuvun-paalleen-katso-traileri\/\" title=\"Alaston Charlie Hunnam pukee ruumispuvun p\u00e4\u00e4lleen \u2013 katso traileri\" class=\"underline-custom !font-montserrat !font-bold !underline-offset-4 !decoration-4 !decoration-episodi-blue !text-md\" rel=\"nofollow noopener\" target=\"_blank\">Alaston Charlie Hunnam pukee ruumispuvun p\u00e4\u00e4lleen \u2013 katso traileri<\/a><\/p>\n<p>Lue my\u00f6s: <a href=\"https:\/\/www.episodi.fi\/uutiset\/sadistista-verimuhjua-katso-suositun-kauhuleffasarjan-uutukaisen-traileri\/\" title=\"Sadistista verimuhjua! \u2013 Katso suositun kauhuleffasarjan uutukaisen traileri\" class=\"underline-custom !font-montserrat !font-bold !underline-offset-4 !decoration-4 !decoration-episodi-blue !text-md\" rel=\"nofollow noopener\" target=\"_blank\">Sadistista verimuhjua! \u2013 Katso suositun kauhuleffasarjan uutukaisen traileri<\/a><\/p>\n<p>Nuori nainen Macy taistelee hengest\u00e4\u00e4n tultuaan siepatuksi mielenvikaisen, hirvi\u00f6m\u00e4isen hahmon toimesta, joka haluaa kasvattaa Macyn omana lapsenaan.<\/p>\n<p>T\u00e4ss\u00e4 folk-kauhutarussa esiintyv\u00e4t <strong>Fabianne Therese, Seann William Scott, Ethan Suplee, Kate Cobb<\/strong> sek\u00e4 transmaskuliininen showpainija <strong>Max the Impaler.<\/strong><\/p>\n<p>Vaikuttaa pime\u00e4lt\u00e4 rainalta.<\/p>\n<p>Katso Dollyn hurja traileri alta.<\/p>\n<p><img loading=\"lazy\" decoding=\"async\" alt=\"YouTube video\" width=\"480\" height=\"360\" data-pin-nopin=\"true\" nopin=\"nopin\" class=\"perfmatters-lazy\" src=\"https:\/\/www.europesays.com\/fi\/wp-content\/uploads\/2025\/09\/1758066367_553_hqdefault.jpg\"\/><\/p>\n<p>Lue my\u00f6s: <a href=\"https:\/\/www.episodi.fi\/uutiskirje\/?uutiskirjemainos=tekstilinkkimainos\" title=\"Tilaa Episodin uutiskirje ja voit voittaa leffalippuja! Nappaa tv-vinkit suoraan s\u00e4hk\u00f6postiin t\u00e4st\u00e4.\" class=\"underline-custom !font-montserrat !font-bold !underline-offset-4 !decoration-4 !decoration-episodi-blue !text-md\" rel=\"nofollow noopener\" target=\"_blank\">Tilaa Episodin uutiskirje ja voit voittaa leffalippuja! Nappaa katseluvinkit suoraan s\u00e4hk\u00f6postiin t\u00e4st\u00e4.<\/a><\/p>\n","protected":false},"excerpt":{"rendered":"Ohjaaja Rod Blackhurstin (Blood for Dust) elokuva Dolly on outo kauhutarina hirvi\u00f6m\u00e4isest\u00e4 hahmosta. Elokuvasta julkaistiin juuri ensimm\u00e4inen kiusoittelutraileri.&hellip;\n","protected":false},"author":2,"featured_media":37043,"comment_status":"","ping_status":"","sticky":false,"template":"","format":"standard","meta":{"footnotes":""},"categories":[131],"tags":[10338,155,137,33,173,31,30,3057,172,32,109],"class_list":{"0":"post-37042","1":"post","2":"type-post","3":"status-publish","4":"format-standard","5":"has-post-thumbnail","7":"category-elokuvat","8":"tag-dolly","9":"tag-elokuvat","10":"tag-entertainment","11":"tag-fi","12":"tag-film","13":"tag-finland","14":"tag-finnish","15":"tag-kauhu","16":"tag-movies","17":"tag-suomi","18":"tag-viihde"},"share_on_mastodon":{"url":"","error":""},"_links":{"self":[{"href":"https:\/\/www.europesays.com\/fi\/wp-json\/wp\/v2\/posts\/37042","targetHints":{"allow":["GET"]}}],"collection":[{"href":"https:\/\/www.europesays.com\/fi\/wp-json\/wp\/v2\/posts"}],"about":[{"href":"https:\/\/www.europesays.com\/fi\/wp-json\/wp\/v2\/types\/post"}],"author":[{"embeddable":true,"href":"https:\/\/www.europesays.com\/fi\/wp-json\/wp\/v2\/users\/2"}],"replies":[{"embeddable":true,"href":"https:\/\/www.europesays.com\/fi\/wp-json\/wp\/v2\/comments?post=37042"}],"version-history":[{"count":0,"href":"https:\/\/www.europesays.com\/fi\/wp-json\/wp\/v2\/posts\/37042\/revisions"}],"wp:featuredmedia":[{"embeddable":true,"href":"https:\/\/www.europesays.com\/fi\/wp-json\/wp\/v2\/media\/37043"}],"wp:attachment":[{"href":"https:\/\/www.europesays.com\/fi\/wp-json\/wp\/v2\/media?parent=37042"}],"wp:term":[{"taxonomy":"category","embeddable":true,"href":"https:\/\/www.europesays.com\/fi\/wp-json\/wp\/v2\/categories?post=37042"},{"taxonomy":"post_tag","embeddable":true,"href":"https:\/\/www.europesays.com\/fi\/wp-json\/wp\/v2\/tags?post=37042"}],"curies":[{"name":"wp","href":"https:\/\/api.w.org\/{rel}","templated":true}]}}