{"id":37214,"date":"2025-09-17T04:31:07","date_gmt":"2025-09-17T04:31:07","guid":{"rendered":"https:\/\/www.europesays.com\/fi\/37214\/"},"modified":"2025-09-17T04:31:07","modified_gmt":"2025-09-17T04:31:07","slug":"illalla-tvssa-berliinin-elokuvajuhlien-voittajaelokuva-ja-oscar-ehdokas-4-tahden-leffassa-mukana-lahes-pelkastaan-amatoorinayttelijoita","status":"publish","type":"post","link":"https:\/\/www.europesays.com\/fi\/37214\/","title":{"rendered":"Illalla tv:ss\u00e4: Berliinin elokuvajuhlien voittajaelokuva ja Oscar-ehdokas &#8211; 4 t\u00e4hden leffassa mukana l\u00e4hes pelk\u00e4st\u00e4\u00e4n amat\u00f6\u00f6rin\u00e4yttelij\u00f6it\u00e4"},"content":{"rendered":"<p>Illan tv-tarjonnassa on espanjalais-italialainen elokuva T\u00e4m\u00e4 maa (Alcarr\u00e0s, 2022). Se oli Espanjan Oscar-ehdokas.<\/p>\n<p>Pienen katalonialaiskyl\u00e4n persikanviljelij\u00e4perheen el\u00e4m\u00e4 muuttuu, kun heid\u00e4n suurtilansa omistaja kuolee. Perij\u00e4 p\u00e4\u00e4tt\u00e4\u00e4 myyd\u00e4 maan, mik\u00e4 uhkaa yht\u00e4kki\u00e4 perheen toimeentuloa.<\/p>\n<p>Ohjaajana <strong>Carla Sim\u00f3n<\/strong>. N\u00e4yttelij\u00f6in\u00e4 <strong>Jordi Pujol Dolcet<\/strong>, <strong>Anna Otin<\/strong>, <strong>X\u00e8nia Roset<\/strong>, <strong>Albert Bosch <\/strong>sek\u00e4 <strong>Ainet Jounou<\/strong>. Elokuvan n\u00e4yttelij\u00e4kaarti koostuu Katalonian alueen asukkaista. Ainoana ammattilaisn\u00e4yttelij\u00e4n\u00e4 toimi ohjaajan sisar <strong>Berta Pip\u00f3<\/strong>, joka esitti Barcelonasta kotoisin olevaa siskohahmoa.<\/p>\n<p>Episodi antoi <a href=\"https:\/\/www.episodi.fi\/elokuvat\/tama-maa\/\" target=\"_blank\" rel=\"noreferrer noopener nofollow\">arvostelussa<\/a> elokuvalle nelj\u00e4 t\u00e4hte\u00e4:<\/p>\n<p>\u201dAnsiokkaan elokuvan heikkous on sen l\u00f6yh\u00e4 rakenne ja ajoittain ajelehtiva kerronta. Sim\u00f3nilla on taipumus antautua hetkellisten tunnelmien viet\u00e4v\u00e4ksi ja p\u00e4\u00e4st\u00e4\u00e4 kerronnan langat karkaamaan k\u00e4sist\u00e4\u00e4n.\u201d<\/p>\n<p>My\u00f6s The Hollywood Reporter l\u00f6ysi parannettavaa elokuvan rakenteesta:<\/p>\n<p>\u201dVaikka juonessa voisi olla parempi rakenne, draaman hienovarainen emotionaalinen vaikutus on kiistaton.\u201d<\/p>\n<p>Rotten Tomatoesin kriitikkomittari on luvussa 93, ja elokuvan keskim\u00e4\u00e4r\u00e4inen pistem\u00e4\u00e4r\u00e4 on 8,1\/10. Elokuva voitti Berliinin kansainv\u00e4lisell\u00e4 elokuvajuhlilla Kultaisen karhun, joka on festivaalin p\u00e4\u00e4palkinto.<\/p>\n<p>T\u00e4m\u00e4 maa on my\u00f6s Yle Areenassa ja Cineastissa. Alla traileri.<\/p>\n<p>Tulevat l\u00e4hetykset:<\/p>\n<ul class=\"wp-block-list\">\n<li>Ke 17.9.2025 klo 21.00, Yle Teema &amp; Fem<\/li>\n<\/ul>\n<p>Lue my\u00f6s: <a href=\"https:\/\/www.episodi.fi\/uutiset\/kuvataanko-taman-legendaarisen-scifi-pelin-elokuvaversio-pian\/\" title=\"Kuvataanko t\u00e4m\u00e4n legendaarisen scifi-pelin elokuvaversio pian?\" class=\"underline-custom !font-montserrat !font-bold !underline-offset-4 !decoration-4 !decoration-episodi-blue !text-md\" rel=\"nofollow noopener\" target=\"_blank\">Kuvataanko t\u00e4m\u00e4n legendaarisen scifi-pelin elokuvaversio pian?<\/a><\/p>\n<p>Lue my\u00f6s: <a href=\"https:\/\/www.episodi.fi\/uutiset\/latinalaisamerikkalaita-elokuvaa-juhlitaan-helsingissa-20-kerran\/\" title=\"Latinalaisamerikkalaista elokuvaa juhlitaan Helsingiss\u00e4 20. kerran\" class=\"underline-custom !font-montserrat !font-bold !underline-offset-4 !decoration-4 !decoration-episodi-blue !text-md\" rel=\"nofollow noopener\" target=\"_blank\">Latinalaisamerikkalaista elokuvaa juhlitaan Helsingiss\u00e4 20. kerran<\/a><\/p>\n<p>Lue my\u00f6s: <a href=\"https:\/\/www.episodi.fi\/uutiset\/klaus-haron-elokuva-palkittiin-hollannissa\/\" title=\"Klaus H\u00e4r\u00f6n elokuva palkittiin Hollannissa\" class=\"underline-custom !font-montserrat !font-bold !underline-offset-4 !decoration-4 !decoration-episodi-blue !text-md\" rel=\"nofollow noopener\" target=\"_blank\">Klaus H\u00e4r\u00f6n elokuva palkittiin Hollannissa<\/a><\/p>\n<p>Lue my\u00f6s: <a href=\"https:\/\/www.episodi.fi\/uutiset\/nyt-netflixissa-patevassa-trillerissa-on-virkistavan-omaperainen-kerrontatyyli-katsojaa-koijataan-nyt-oikein-urakalla\/\" title=\"Nyt Netflixiss\u00e4: P\u00e4tev\u00e4ss\u00e4 trilleriss\u00e4 on virkist\u00e4v\u00e4n omaper\u00e4inen kerrontatyyli \u2013 katsojaa koijataan nyt oikein urakalla\" class=\"underline-custom !font-montserrat !font-bold !underline-offset-4 !decoration-4 !decoration-episodi-blue !text-md\" rel=\"nofollow noopener\" target=\"_blank\">Nyt Netflixiss\u00e4: P\u00e4tev\u00e4ss\u00e4 trilleriss\u00e4 on virkist\u00e4v\u00e4n omaper\u00e4inen kerrontatyyli \u2013 katsojaa koijataan nyt oikein urakalla<\/a><\/p>\n<p><img loading=\"lazy\" decoding=\"async\" alt=\"YouTube video\" width=\"480\" height=\"360\" data-pin-nopin=\"true\" nopin=\"nopin\" class=\"perfmatters-lazy\" src=\"https:\/\/www.europesays.com\/fi\/wp-content\/uploads\/2025\/09\/1758083467_564_hqdefault.jpg\"\/><\/p>\n<p>L\u00e4hde: <a href=\"https:\/\/www.hollywoodreporter.com\/movies\/movie-reviews\/alcarras-berlin-2022-1235094690\/\" target=\"_blank\" rel=\"noreferrer noopener nofollow\">THR<\/a>, <a href=\"https:\/\/www.imdb.com\/title\/tt11930126\/?ref_=tttrv_ov_bk\" target=\"_blank\" rel=\"noreferrer noopener nofollow\">IMDb<\/a><\/p>\n<p>Lue my\u00f6s: <a href=\"https:\/\/www.episodi.fi\/uutiskirje\/?uutiskirjemainos=tekstilinkkimainos\" title=\"Tilaa Episodin uutiskirje ja voit voittaa leffalippuja! Nappaa tv-vinkit suoraan s\u00e4hk\u00f6postiin t\u00e4st\u00e4.\" class=\"underline-custom !font-montserrat !font-bold !underline-offset-4 !decoration-4 !decoration-episodi-blue !text-md\" rel=\"nofollow noopener\" target=\"_blank\">Tilaa Episodin uutiskirje ja voit voittaa leffalippuja! Nappaa katseluvinkit suoraan s\u00e4hk\u00f6postiin t\u00e4st\u00e4.<\/a><\/p>\n","protected":false},"excerpt":{"rendered":"Illan tv-tarjonnassa on espanjalais-italialainen elokuva T\u00e4m\u00e4 maa (Alcarr\u00e0s, 2022). Se oli Espanjan Oscar-ehdokas. Pienen katalonialaiskyl\u00e4n persikanviljelij\u00e4perheen el\u00e4m\u00e4 muuttuu,&hellip;\n","protected":false},"author":2,"featured_media":37215,"comment_status":"","ping_status":"","sticky":false,"template":"","format":"standard","meta":{"footnotes":""},"categories":[133],"tags":[137,33,31,30,32,206,139,156,109],"class_list":{"0":"post-37214","1":"post","2":"type-post","3":"status-publish","4":"format-standard","5":"has-post-thumbnail","7":"category-televisiot","8":"tag-entertainment","9":"tag-fi","10":"tag-finland","11":"tag-finnish","12":"tag-suomi","13":"tag-televisiot","14":"tag-tv-ohjelmat","15":"tag-tv","16":"tag-viihde"},"share_on_mastodon":{"url":"","error":""},"_links":{"self":[{"href":"https:\/\/www.europesays.com\/fi\/wp-json\/wp\/v2\/posts\/37214","targetHints":{"allow":["GET"]}}],"collection":[{"href":"https:\/\/www.europesays.com\/fi\/wp-json\/wp\/v2\/posts"}],"about":[{"href":"https:\/\/www.europesays.com\/fi\/wp-json\/wp\/v2\/types\/post"}],"author":[{"embeddable":true,"href":"https:\/\/www.europesays.com\/fi\/wp-json\/wp\/v2\/users\/2"}],"replies":[{"embeddable":true,"href":"https:\/\/www.europesays.com\/fi\/wp-json\/wp\/v2\/comments?post=37214"}],"version-history":[{"count":0,"href":"https:\/\/www.europesays.com\/fi\/wp-json\/wp\/v2\/posts\/37214\/revisions"}],"wp:featuredmedia":[{"embeddable":true,"href":"https:\/\/www.europesays.com\/fi\/wp-json\/wp\/v2\/media\/37215"}],"wp:attachment":[{"href":"https:\/\/www.europesays.com\/fi\/wp-json\/wp\/v2\/media?parent=37214"}],"wp:term":[{"taxonomy":"category","embeddable":true,"href":"https:\/\/www.europesays.com\/fi\/wp-json\/wp\/v2\/categories?post=37214"},{"taxonomy":"post_tag","embeddable":true,"href":"https:\/\/www.europesays.com\/fi\/wp-json\/wp\/v2\/tags?post=37214"}],"curies":[{"name":"wp","href":"https:\/\/api.w.org\/{rel}","templated":true}]}}