{"id":37226,"date":"2025-09-17T04:42:08","date_gmt":"2025-09-17T04:42:08","guid":{"rendered":"https:\/\/www.europesays.com\/fi\/37226\/"},"modified":"2025-09-17T04:42:08","modified_gmt":"2025-09-17T04:42:08","slug":"sanna-marinin-ja-kajn-vetovoima-ei-riita-tylyt-tilastot-julki","status":"publish","type":"post","link":"https:\/\/www.europesays.com\/fi\/37226\/","title":{"rendered":"Sanna Marinin ja KAJ\u2019n vetovoima ei riit\u00e4 \u2013 Tylyt tilastot julki"},"content":{"rendered":"<p>Ruotsalaisten silmiss\u00e4 Suomi ei vaikuta olevan erityisen kiinnostava matkakohde.<\/p>\n<p><img decoding=\"async\" class=\"image image-show image-preview\" src=\"https:\/\/www.europesays.com\/fi\/wp-content\/uploads\/2025\/09\/33a39a1d0e4341b36a43951d1eb4ddd0b134501b83b4a4048ec09e30f2d8d27f.jpg\" alt=\"\"\/><img decoding=\"async\" class=\"image image-show\" src=\"https:\/\/www.europesays.com\/fi\/wp-content\/uploads\/2025\/09\/1758084128_909_33a39a1d0e4341b36a43951d1eb4ddd0b134501b83b4a4048ec09e30f2d8d27f.jpg\" alt=\"\"\/><\/p>\n<p>Ruotsalaisten matkailu\u00f6ist\u00e4 noin kolmannes on vietetty Ahvenanmaalla. AOP<\/p>\n<p class=\"paragraph\">Ruotsalaisten osuus Suomen ulkomaisista y\u00f6pymisist\u00e4 on l\u00e4hes puolittunut 2000-luvun alusta.<\/p>\n<p class=\"paragraph\">T\u00e4m\u00e4 k\u00e4y ilmi ajatushautomo Magman raportista, jossa todetaan, ettei ruotsalaisten \u201dSuomi-buumi\u201d n\u00e4y majoitustilastoissa, vaikka kiinnostuksen Suomea kohtaan on sanottu kasvaneen Ruotsissa jopa buumiksi asti.<\/p>\n<p class=\"paragraph\">\u2013 Askel yleisest\u00e4 mielenkiinnosta konkreettisiin tekoihin on usein pitk\u00e4, toteaa Magman tutkija <strong>Mikko Majander<\/strong>.<\/p>\n<p class=\"paragraph\">Magman tiedotteessa huomautetaan, ettei esimerkiksi Ruotsin vahva v\u00e4est\u00f6nkasvu ole heijastunut Suomeen suuntautuneeseen matkailuun. Absoluuttisissa luvuissa laskua on toistasataa tuhatta. Vuosina 2023\u20132024 ei ylletty edes pandemiaa edelt\u00e4neelle tasolle.<\/p>\n<p class=\"paragraph\">Maaliskuussa <a href=\"https:\/\/www.iltalehti.fi\/ulkomaat\/5cce3a6a-2908-446e-b4cc-c527f67a087f\" rel=\"nofollow noopener\" target=\"_blank\">kerrottiin<\/a> Suomi-kuvan muuttuneen Ruotsissa nopeasti. Tuolloin Pohjoismaiden tutkimuksen professori <strong>Johan Strang<\/strong> arvioi Iltalehdelle, ett\u00e4 viel\u00e4 viisi vuotta sitten olisi ollut mahdotonta, ett\u00e4 ruotsalaiset \u00e4\u00e4nest\u00e4isiv\u00e4t suomalaisen yhtyeen edustajakseen Euroviisuissa.<\/p>\n<p class=\"paragraph\">KAJ\u2019n ohella Strang mainitsi my\u00f6s <strong>Sanna Marinin<\/strong> (sd) ja Nato-prosessin, jossa Ruotsi seurasi Suomen viitoittamalla tiell\u00e4 kohti puolustusliittoumaa.<\/p>\n<p>\u201dLapin lumo\u201d ei ved\u00e4<\/p>\n<p class=\"paragraph\">Ruotsalaisten matkailu\u00f6ist\u00e4 noin kolmannes on vietetty Ahvenanmaalla. Jos puhutaan vain Manner-Suomesta, Ruotsi on pudonnut toiselta sijalta viidenneksi vuosituhannen vaihteen j\u00e4lkeen. Nyt edell\u00e4 ovat Saksa, Britannia, Yhdysvallat ja Ranska.<\/p>\n<p class=\"paragraph\">\u2013 Suomen voimakkaasti kasvanut joulumarkkina ja \u201dLapin lumo\u201d ei ved\u00e4 samalla tavalla puoleensa ruotsalaisia kuin brittej\u00e4, hollantilaisia ja matkailijoita V\u00e4limeren maista.<\/p>\n<p class=\"paragraph\">Magman tutkija my\u00f6s muistuttaa, ett\u00e4 pohjoista eksotiikkaa riitt\u00e4\u00e4 l\u00e4nsinaapurissa omastakin takaa.<\/p>\n<p class=\"paragraph\">\u2013 Suomi saattaa monien silmiss\u00e4 olla paitsi kallis my\u00f6s liian samanlainen kuin Ruotsi. Sukusiteiden heiketess\u00e4 tarvittaisiin uusia vetovoimatekij\u00f6it\u00e4, tiedotteessa todetaan lopuksi.<\/p>\n","protected":false},"excerpt":{"rendered":"Ruotsalaisten silmiss\u00e4 Suomi ei vaikuta olevan erityisen kiinnostava matkakohde. Ruotsalaisten matkailu\u00f6ist\u00e4 noin kolmannes on vietetty Ahvenanmaalla. AOP Ruotsalaisten&hellip;\n","protected":false},"author":2,"featured_media":37227,"comment_status":"","ping_status":"","sticky":false,"template":"","format":"standard","meta":{"footnotes":""},"categories":[5],"tags":[35,22,23,26,27,33,31,30,17,5679,2260,24,25,28,29,923,15,18,21,637,887,32,19,20,16],"class_list":{"0":"post-37226","1":"post","2":"type-post","3":"status-publish","4":"format-standard","5":"has-post-thumbnail","7":"category-otsikot","8":"tag-24h","9":"tag-breaking-news","10":"tag-breakingnews","11":"tag-featured-news","12":"tag-featurednews","13":"tag-fi","14":"tag-finland","15":"tag-finnish","16":"tag-headlines","17":"tag-kansainvaliset-organisaatiot-ja-sopimukset","18":"tag-kansainvalisyys","19":"tag-latest-news","20":"tag-latestnews","21":"tag-main-news","22":"tag-mainnews","23":"tag-matkustaminen","24":"tag-news","25":"tag-otsikot","26":"tag-paauutiset","27":"tag-politiikka","28":"tag-suomen-politiikka","29":"tag-suomi","30":"tag-top-stories","31":"tag-topstories","32":"tag-uutiset"},"share_on_mastodon":{"url":"","error":""},"_links":{"self":[{"href":"https:\/\/www.europesays.com\/fi\/wp-json\/wp\/v2\/posts\/37226","targetHints":{"allow":["GET"]}}],"collection":[{"href":"https:\/\/www.europesays.com\/fi\/wp-json\/wp\/v2\/posts"}],"about":[{"href":"https:\/\/www.europesays.com\/fi\/wp-json\/wp\/v2\/types\/post"}],"author":[{"embeddable":true,"href":"https:\/\/www.europesays.com\/fi\/wp-json\/wp\/v2\/users\/2"}],"replies":[{"embeddable":true,"href":"https:\/\/www.europesays.com\/fi\/wp-json\/wp\/v2\/comments?post=37226"}],"version-history":[{"count":0,"href":"https:\/\/www.europesays.com\/fi\/wp-json\/wp\/v2\/posts\/37226\/revisions"}],"wp:featuredmedia":[{"embeddable":true,"href":"https:\/\/www.europesays.com\/fi\/wp-json\/wp\/v2\/media\/37227"}],"wp:attachment":[{"href":"https:\/\/www.europesays.com\/fi\/wp-json\/wp\/v2\/media?parent=37226"}],"wp:term":[{"taxonomy":"category","embeddable":true,"href":"https:\/\/www.europesays.com\/fi\/wp-json\/wp\/v2\/categories?post=37226"},{"taxonomy":"post_tag","embeddable":true,"href":"https:\/\/www.europesays.com\/fi\/wp-json\/wp\/v2\/tags?post=37226"}],"curies":[{"name":"wp","href":"https:\/\/api.w.org\/{rel}","templated":true}]}}