{"id":37242,"date":"2025-09-17T05:08:08","date_gmt":"2025-09-17T05:08:08","guid":{"rendered":"https:\/\/www.europesays.com\/fi\/37242\/"},"modified":"2025-09-17T05:08:08","modified_gmt":"2025-09-17T05:08:08","slug":"latelan-lauri-pudottaa-urapommin-uudessa-tv-sarjassa","status":"publish","type":"post","link":"https:\/\/www.europesays.com\/fi\/37242\/","title":{"rendered":"Latelan Lauri pudottaa urapommin uudessa tv-sarjassa"},"content":{"rendered":"<p>Autoharrastajien suosikkisarjasta tutuksi tullut Lauri Huttunen pyrkii siihen, ett\u00e4 h\u00e4nen autoty\u00f6ns\u00e4 tulevat v\u00e4henem\u00e4\u00e4n tulevaisuudessa.<\/p>\n<p><img decoding=\"async\" class=\"image image-show image-preview\" src=\"https:\/\/www.europesays.com\/fi\/wp-content\/uploads\/2025\/09\/ec8ca587aeb0c12daed6b019d4762d84f842441ba0cfef970056e9489e6ef8a5.jpg\" alt=\"\"\/><img decoding=\"async\" class=\"image image-show\" src=\"https:\/\/www.europesays.com\/fi\/wp-content\/uploads\/2025\/09\/1758085688_904_ec8ca587aeb0c12daed6b019d4762d84f842441ba0cfef970056e9489e6ef8a5.jpg\" alt=\"\"\/><\/p>\n<p>Lauri Huttusen autokorjaamo on toiminut h\u00e4nen p\u00e4iv\u00e4ty\u00f6n\u00e4\u00e4n. WBD<\/p>\n<p class=\"paragraph\">Alun perin Latela-ohjelmasta tuttu <a href=\"https:\/\/www.iltalehti.fi\/henkilot\/Lauri Huttunen\" class=\"article-link-person-page\" rel=\"nofollow noopener\" target=\"_blank\">Lauri Huttunen<\/a> paljastaa uuden Laten ja Sarkun hurjat suunnitelmat -ohjelman ensimm\u00e4isess\u00e4 jaksossa, ett\u00e4 h\u00e4n pyrkii lopettamaan tai ainakin v\u00e4hent\u00e4m\u00e4\u00e4n t\u00f6it\u00e4\u00e4n autokorjaamolla.<\/p>\n<p class=\"paragraph\">\u2013 Kyll\u00e4 varmaan jatkossa n\u00e4m\u00e4 minun autoty\u00f6ni tulevat olemaan sellaisia.. En n\u00e4e itse\u00e4ni jarrupaloja ja jakop\u00e4\u00e4remmej\u00e4 vaihtelemassa p\u00e4ivitt\u00e4in, Huttunen toteaa.<\/p>\n<p class=\"paragraph\">Huttunen ja h\u00e4nen nykyinen vaimonsa <strong>Sarianna Huttunen<\/strong> pyrkiv\u00e4t keskittym\u00e4\u00e4n tulevaisuudessa maatilaansa ja omiin bisneksiins\u00e4.<\/p>\n<p class=\"paragraph\">\u2013 Olen itse ja ollaan Sariannankin kanssa puhuttu, ett\u00e4 olemme ottaneet 10 vuoden t\u00e4ht\u00e4imen, jolloin meill\u00e4 on omavaraisuusastetta, on el\u00e4imi\u00e4 ja paikat kunnossa. Raha-asiatkin toivottavasti siin\u00e4 kunnossa, ett\u00e4 pystyy helpottamaan t\u00e4t\u00e4 el\u00e4m\u00e4n tahtia.<\/p>\n<p>Lauri Huttunen kertoo tulevaiksuudensuunnitelmistaan jaksossa. WBD<\/p>\n<p class=\"paragraph\">Latela alkoi vuonna 2013 Yle TV2:lla. Viime vuosina sarjaa on esitetty TV5-kanavalla. Sarja keskittyy pirkanmaalaisiin autoharrastajiin ja autotalleihin. Huttunen on yksi Latela-tallin perustajista ja sarjan keskeisimmist\u00e4 autonrakentajista. H\u00e4n on ollut sarjassa mukana alusta alkaen.<\/p>\n<p class=\"paragraph\">Ensimm\u00e4inen kausi TV5-kanavalla keskiviikkona 17.9 klo 20 alkaen. My\u00f6s HBO Max -suoratoistopalvelussa.<\/p>\n","protected":false},"excerpt":{"rendered":"Autoharrastajien suosikkisarjasta tutuksi tullut Lauri Huttunen pyrkii siihen, ett\u00e4 h\u00e4nen autoty\u00f6ns\u00e4 tulevat v\u00e4henem\u00e4\u00e4n tulevaisuudessa. Lauri Huttusen autokorjaamo on&hellip;\n","protected":false},"author":2,"featured_media":37243,"comment_status":"","ping_status":"","sticky":false,"template":"","format":"standard","meta":{"footnotes":""},"categories":[5],"tags":[35,153,648,22,23,26,27,33,31,30,17,24,25,28,29,15,18,21,32,128,19,20,140,139,16],"class_list":{"0":"post-37242","1":"post","2":"type-post","3":"status-publish","4":"format-standard","5":"has-post-thumbnail","7":"category-otsikot","8":"tag-24h","9":"tag-audiovisuaalinen-media","10":"tag-autot","11":"tag-breaking-news","12":"tag-breakingnews","13":"tag-featured-news","14":"tag-featurednews","15":"tag-fi","16":"tag-finland","17":"tag-finnish","18":"tag-headlines","19":"tag-latest-news","20":"tag-latestnews","21":"tag-main-news","22":"tag-mainnews","23":"tag-news","24":"tag-otsikot","25":"tag-paauutiset","26":"tag-suomi","27":"tag-tieliikenne","28":"tag-top-stories","29":"tag-topstories","30":"tag-tv-ja-elokuvat","31":"tag-tv-ohjelmat","32":"tag-uutiset"},"share_on_mastodon":{"url":"","error":""},"_links":{"self":[{"href":"https:\/\/www.europesays.com\/fi\/wp-json\/wp\/v2\/posts\/37242","targetHints":{"allow":["GET"]}}],"collection":[{"href":"https:\/\/www.europesays.com\/fi\/wp-json\/wp\/v2\/posts"}],"about":[{"href":"https:\/\/www.europesays.com\/fi\/wp-json\/wp\/v2\/types\/post"}],"author":[{"embeddable":true,"href":"https:\/\/www.europesays.com\/fi\/wp-json\/wp\/v2\/users\/2"}],"replies":[{"embeddable":true,"href":"https:\/\/www.europesays.com\/fi\/wp-json\/wp\/v2\/comments?post=37242"}],"version-history":[{"count":0,"href":"https:\/\/www.europesays.com\/fi\/wp-json\/wp\/v2\/posts\/37242\/revisions"}],"wp:featuredmedia":[{"embeddable":true,"href":"https:\/\/www.europesays.com\/fi\/wp-json\/wp\/v2\/media\/37243"}],"wp:attachment":[{"href":"https:\/\/www.europesays.com\/fi\/wp-json\/wp\/v2\/media?parent=37242"}],"wp:term":[{"taxonomy":"category","embeddable":true,"href":"https:\/\/www.europesays.com\/fi\/wp-json\/wp\/v2\/categories?post=37242"},{"taxonomy":"post_tag","embeddable":true,"href":"https:\/\/www.europesays.com\/fi\/wp-json\/wp\/v2\/tags?post=37242"}],"curies":[{"name":"wp","href":"https:\/\/api.w.org\/{rel}","templated":true}]}}