{"id":37351,"date":"2025-09-17T07:43:07","date_gmt":"2025-09-17T07:43:07","guid":{"rendered":"https:\/\/www.europesays.com\/fi\/37351\/"},"modified":"2025-09-17T07:43:07","modified_gmt":"2025-09-17T07:43:07","slug":"charlie-kirkin-ampuja-kirjoitti-luoteihin-paaosin-meemeja","status":"publish","type":"post","link":"https:\/\/www.europesays.com\/fi\/37351\/","title":{"rendered":"Charlie Kirkin ampuja kirjoitti luoteihin \u201dp\u00e4\u00e4osin meemej\u00e4\u201d"},"content":{"rendered":"<p>Syytt\u00e4j\u00e4 vaatii kuolemantuomiota 22-vuotiaalle Tyler Robinsonille, jota ep\u00e4ill\u00e4\u00e4n oikeisto\u00adaktivisti Charlie Kirkin murhasta.<\/p>\n<p>Lue tiivistelm\u00e4<\/p>\n<p>Tiivistelm\u00e4 on teko\u00e4lyn tekem\u00e4 ja ihmisen tarkistama.<\/p>\n<p class=\"article-body mb-nof-24 px-nof-16 sndp-summary-bullet-point-font\">Utahin syytt\u00e4j\u00e4 vaatii kuolemantuomiota 22-vuotiaalle Tyler Robinsonille, jota ep\u00e4ill\u00e4\u00e4n oikeistoaktivisti Charlie Kirkin murhasta.<\/p>\n<p class=\"article-body mb-nof-24 px-nof-16 sndp-summary-bullet-point-font\">Robinsonin ep\u00e4ill\u00e4\u00e4n ampuneen Kirki\u00e4 kaulaan kiv\u00e4\u00e4rill\u00e4 Utahin yliopiston kampuksella puhetilaisuuden aikana viime viikolla.<\/p>\n<p class=\"article-body mb-nof-24 px-nof-16 sndp-summary-bullet-point-font\">Syytt\u00e4j\u00e4n mukaan Robinson suunnitteli murhaa yli viikon ja teki sen Kirkin poliittisten n\u00e4kemysten vuoksi.<\/p>\n<p class=\"article-body mb-nof-24 px-nof-16\">Utahin piirikunnan syytt\u00e4j\u00e4virasto on virallisesti nostanut syytteet <a class=\"article-personlink\" href=\"https:\/\/www.satakunnankansa.fi\/haku\/?query=Tyler%20Robinsonia\" rel=\"nofollow noopener\" target=\"_blank\">Tyler Robinsonia<\/a> kohtaan. H\u00e4nt\u00e4 ep\u00e4ill\u00e4\u00e4n oikeisto\u00adaktivisti <a class=\"article-personlink\" href=\"https:\/\/www.satakunnankansa.fi\/haku\/?query=Charlie%20Kirkin\" rel=\"nofollow noopener\" target=\"_blank\">Charlie Kirkin<\/a> murhasta, uutis\u00adtoimisto Reuters kertoo.<\/p>\n<p class=\"article-body mb-nof-24 px-nof-16\">Viranomaisten mukaan 22-vuotias Robinson ampui kiv\u00e4\u00e4rill\u00e4 Kirki\u00e4 kaulaan. Robinson otettiin kiinni reilu vuorokausi tapahtuman j\u00e4lkeen.<\/p>\n<p class=\"article-body mb-nof-24 px-nof-16\">Syytt\u00e4j\u00e4 <a class=\"article-personlink\" href=\"https:\/\/www.satakunnankansa.fi\/haku\/?query=Jeffrey%20S.%20Grayn\" rel=\"nofollow noopener\" target=\"_blank\">Jeffrey S. Grayn<\/a> mukaan Robinsonille vaaditaan kuolemantuomiota.<\/p>\n<p class=\"article-body mb-nof-24 px-nof-16\">\u201dEn tee t\u00e4t\u00e4 p\u00e4\u00e4t\u00f6st\u00e4 kevyin perustein, vaan se on p\u00e4\u00e4t\u00f6s, jonka olen tehnyt itsen\u00e4isesti saatavilla olevan todistusaineiston, olosuhteiden ja rikoksen luonteen perusteella,\u201d Gray sanoi.<\/p>\n<p class=\"article-body mb-nof-24 px-nof-16\">Robinsonia vastaan on lis\u00e4ksi nostettu kuusi muuta syytett\u00e4. H\u00e4nt\u00e4 ep\u00e4ill\u00e4\u00e4n muun muassa oikeuden toiminnan est\u00e4misest\u00e4 ja todistajan painostuksesta.<\/p>\n<p class=\"article-body mb-nof-24 px-nof-16\">Robinsonin kerrottiin pyyt\u00e4neen k\u00e4mpp\u00e4kaveriaan poistamaan tekstiviestej\u00e4, joissa h\u00e4nen syyllisyytens\u00e4 olisi paljastunut, Reuters kertoo.<\/p>\n<p class=\"article-body mb-nof-24 px-nof-16\">Oikeuden asiakirjojen mukaan Robinson kertoi tekstiviestitse k\u00e4mpp\u00e4kaverilleen tappaneensa Kirkin, koska h\u00e4n oli saanut tarpeekseen Kirkin vihasta.<\/p>\n<p class=\"article-body mb-nof-24 px-nof-16\">Robinson oli my\u00f6s kertonut k\u00e4mpp\u00e4\u00adkaverilleen suunnitelleensa murhaa yli viikon ajan.<\/p>\n<p class=\"article-body mb-nof-24 px-nof-16\">Syytt\u00e4j\u00e4 Grayn mukaan Robinson oli j\u00e4tt\u00e4nyt tietokoneensa n\u00e4pp\u00e4imist\u00f6n alle k\u00e4mpp\u00e4\u00adkaverinsa l\u00f6ydett\u00e4v\u00e4ksi viestin, <a class=\"article-genericlink\" href=\"https:\/\/www.bbc.com\/news\/articles\/ckg2r8lvjn2o\" rel=\"nofollow noopener\" target=\"_blank\">BBC kertoo<\/a>. Grayn mukaan viestiss\u00e4 luki: \u201dMinulla oli tilaisuus eliminoida Charlie Kirk, ja aion tarttua siihen.\u201d<\/p>\n<p class=\"article-body mb-nof-24 px-nof-16\">K\u00e4mpp\u00e4kaveri oli saanut tiedon viestist\u00e4 Robinsonin l\u00e4hetetty\u00e4 h\u00e4nelle tekstiviestin, jossa t\u00e4m\u00e4 kehotti k\u00e4mpp\u00e4\u00adkaveri katsomaan n\u00e4pp\u00e4imist\u00f6n alle.<\/p>\n<p class=\"article-body mb-nof-24 px-nof-16\">T\u00e4m\u00e4 johti viestinvaihtoon, jossa oikeuden asiakirjojen mukaan Robinson my\u00f6nsi tappaneensa Kirkin. Samassa viestiketjussa Robinson kirjoitti luoteihin kaiverrettujen tekstien olleen p\u00e4\u00e4osin meemej\u00e4, ilmenee <a class=\"article-genericlink\" href=\"https:\/\/edition.cnn.com\/2025\/09\/16\/us\/text-message-tyler-robinson-roomate-vis?iid=cnn_buildContentRecirc_end_recirc&amp;recs_exp=most-read-article-end&amp;tenant_id=popular.en\" rel=\"nofollow noopener\" target=\"_blank\">CNN:n<\/a> litteroimasta keskustelusta.<\/p>\n<p class=\"article-body mb-nof-24 px-nof-16\">Syytt\u00e4jien mukaan viranomaiset l\u00f6ysiv\u00e4t my\u00f6s Robinsoniin yhdistetty\u00e4 DNA:ta ep\u00e4illyst\u00e4 murha-aseesta.<\/p>\n<p class=\"article-body mb-nof-24 px-nof-16\">Syytt\u00e4j\u00e4 pit\u00e4\u00e4 raskauttavana asiana muun muassa sit\u00e4, ett\u00e4 ep\u00e4ilty ampui Kirki\u00e4 t\u00e4m\u00e4n poliittisten n\u00e4kemysten takia.<\/p>\n<p class=\"article-body mb-nof-24 px-nof-16\">Robinson osallistui et\u00e4yhteyksin k\u00e4ytyyn oikeusistuntoon tiistain ja keskiviikon v\u00e4lisen\u00e4 y\u00f6n\u00e4 Suomen aikaa.<\/p>\n<p class=\"article-body mb-nof-24 px-nof-16\">22-vuotiaalla Robinsonilla oli p\u00e4\u00e4ll\u00e4\u00e4n luotiliivej\u00e4 muistuttava vihre\u00e4 vaate. <a class=\"article-genericlink\" href=\"https:\/\/www.nytimes.com\/live\/2025\/09\/16\/us\/kirk-shooting-suspect-charges\/c3a49d4e-704e-5c92-9494-658944c5dc6f?smid=url-share\" rel=\"nofollow noopener\" target=\"_blank\">The New York Timesin<\/a> mukaan kyse oli vaatteesta, joka est\u00e4\u00e4 itsens\u00e4 vahingoittamisen.<\/p>\n<p class=\"article-body mb-nof-24 px-nof-16\">NYT huomauttaa, ett\u00e4 vaate on tavallinen korkean profiilin vangeille Utahissa.<\/p>\n<p class=\"article-body mb-nof-24 px-nof-16\">Robinson kertoi koko nimens\u00e4 sit\u00e4 kysytt\u00e4ess\u00e4. Muutoin Robinson oli hiljaa, kun h\u00e4nelle kerrottiin oikeuksistaan ja tuomari luki syytekohdat, joista h\u00e4nt\u00e4 syytet\u00e4\u00e4n.<\/p>\n<p class=\"article-body mb-nof-24 px-nof-16\">Robinson ei vaikuttanut n\u00e4ytt\u00e4v\u00e4n paljoa tunteita, NYT kuvailee.<\/p>\n<p class=\"article-body mb-nof-24 px-nof-16\">Kirk ammuttiin kuoliaaksi viime viikolla Utahin yliopiston kampuksella puhetilaisuuden aikana.<\/p>\n<p class=\"article-body mb-nof-24 px-nof-16\">H\u00e4n oli vaikutusvaltaisen konservatiivisen nuorten poliittisen ryhm\u00e4n Turning Point USA:n perustaja.<\/p>\n","protected":false},"excerpt":{"rendered":"Syytt\u00e4j\u00e4 vaatii kuolemantuomiota 22-vuotiaalle Tyler Robinsonille, jota ep\u00e4ill\u00e4\u00e4n oikeisto\u00adaktivisti Charlie Kirkin murhasta. Lue tiivistelm\u00e4 Tiivistelm\u00e4 on teko\u00e4lyn tekem\u00e4&hellip;\n","protected":false},"author":2,"featured_media":37352,"comment_status":"","ping_status":"","sticky":false,"template":"","format":"standard","meta":{"footnotes":""},"categories":[14],"tags":[22,23,26,27,33,31,30,17,24,25,28,29,15,18,21,80,32,19,20,56,16,59,60,61],"class_list":{"0":"post-37351","1":"post","2":"type-post","3":"status-publish","4":"format-standard","5":"has-post-thumbnail","7":"category-ulkomaat","8":"tag-breaking-news","9":"tag-breakingnews","10":"tag-featured-news","11":"tag-featurednews","12":"tag-fi","13":"tag-finland","14":"tag-finnish","15":"tag-headlines","16":"tag-latest-news","17":"tag-latestnews","18":"tag-main-news","19":"tag-mainnews","20":"tag-news","21":"tag-otsikot","22":"tag-paauutiset","23":"tag-satakunnan-kansa","24":"tag-suomi","25":"tag-top-stories","26":"tag-topstories","27":"tag-ulkomaat","28":"tag-uutiset","29":"tag-world","30":"tag-world-news","31":"tag-worldnews"},"share_on_mastodon":{"url":"","error":""},"_links":{"self":[{"href":"https:\/\/www.europesays.com\/fi\/wp-json\/wp\/v2\/posts\/37351","targetHints":{"allow":["GET"]}}],"collection":[{"href":"https:\/\/www.europesays.com\/fi\/wp-json\/wp\/v2\/posts"}],"about":[{"href":"https:\/\/www.europesays.com\/fi\/wp-json\/wp\/v2\/types\/post"}],"author":[{"embeddable":true,"href":"https:\/\/www.europesays.com\/fi\/wp-json\/wp\/v2\/users\/2"}],"replies":[{"embeddable":true,"href":"https:\/\/www.europesays.com\/fi\/wp-json\/wp\/v2\/comments?post=37351"}],"version-history":[{"count":0,"href":"https:\/\/www.europesays.com\/fi\/wp-json\/wp\/v2\/posts\/37351\/revisions"}],"wp:featuredmedia":[{"embeddable":true,"href":"https:\/\/www.europesays.com\/fi\/wp-json\/wp\/v2\/media\/37352"}],"wp:attachment":[{"href":"https:\/\/www.europesays.com\/fi\/wp-json\/wp\/v2\/media?parent=37351"}],"wp:term":[{"taxonomy":"category","embeddable":true,"href":"https:\/\/www.europesays.com\/fi\/wp-json\/wp\/v2\/categories?post=37351"},{"taxonomy":"post_tag","embeddable":true,"href":"https:\/\/www.europesays.com\/fi\/wp-json\/wp\/v2\/tags?post=37351"}],"curies":[{"name":"wp","href":"https:\/\/api.w.org\/{rel}","templated":true}]}}