{"id":37361,"date":"2025-09-17T07:59:07","date_gmt":"2025-09-17T07:59:07","guid":{"rendered":"https:\/\/www.europesays.com\/fi\/37361\/"},"modified":"2025-09-17T07:59:07","modified_gmt":"2025-09-17T07:59:07","slug":"kirja-arvio-samuli-knuuti-kuviot-joita-kadut-eivat-tieda-tekevansa","status":"publish","type":"post","link":"https:\/\/www.europesays.com\/fi\/37361\/","title":{"rendered":"Kirja-arvio Samuli Knuuti: Kuviot, joita kadut eiv\u00e4t tied\u00e4 tekev\u00e4ns\u00e4"},"content":{"rendered":"<p class=\"article-body mb-nof-24 px-nof-16\">Samuli Knuuti: Kuviot, joita kadut eiv\u00e4t tied\u00e4 tekev\u00e4ns\u00e4. WSOY 2025. 857 s.<\/p>\n<p class=\"article-body mb-nof-24 px-nof-16\">Espoolaisen <a class=\"article-personlink\" href=\"https:\/\/www.satakunnankansa.fi\/haku\/?query=Samuli%20Knuutin\" rel=\"nofollow noopener\" target=\"_blank\">Samuli Knuutin<\/a> (s. 1970) yli 850-sivuinen esikoisromaani on kirjoitettu pienell\u00e4 pr\u00e4ntill\u00e4.<\/p>\n<p class=\"article-body mb-nof-24 px-nof-16\">Kirjallisuusihmisen\u00e4 Knuuti on ollut jo kauan vanha tekij\u00e4 ja suuruuksien ty\u00f6st\u00e4j\u00e4. H\u00e4nen kustannustoimittamiaan kirjoja on myyty lukematon m\u00e4\u00e4r\u00e4.<\/p>\n<p class=\"article-body mb-nof-24 px-nof-16\">Pitk\u00e4n linjan kustannustoimittaja antoi periksi el\u00e4m\u00e4nik\u00e4iselle unelmalleen romaanikirjailijan urasta vasta 49-vuotiaana.<\/p>\n<p class=\"article-body mb-nof-24 px-nof-16\">Kuusivuotisen esikoisromaaniurakan j\u00e4lkeen kirjailija on j\u00e4\u00e4nyt ilmiselv\u00e4n paljossa velkaa <a class=\"article-personlink\" href=\"https:\/\/www.satakunnankansa.fi\/haku\/?query=Miki%20Liukkoselle\" rel=\"nofollow noopener\" target=\"_blank\">Miki Liukkoselle<\/a>. T\u00e4m\u00e4 mainitaankin eritoten kiitt\u00e4viss\u00e4 loppusanoissa.<\/p>\n<p class=\"article-body mb-nof-24 px-nof-16\">Eniten debytantti on \u201doppinut\u201d Liukkosen maksimalismista, jossa sanoja ei s\u00e4\u00e4stell\u00e4 ja maailmaa syleill\u00e4\u00e4n ilman estoja.<\/p>\n<p class=\"article-body mb-nof-24 px-nof-16\">Syyskuussa ilmestyneen esikoisromaanin p\u00e4\u00e4henkil\u00f6 on kirjailija Klaus Pettymys, joka on onnistunut tuottamaan viidennell\u00e4 romaanillaan mit\u00e4 ilmeisimm\u00e4n menestys\u00adkirjan.<\/p>\n<p class=\"article-body mb-nof-24 px-nof-16\">Rahavirtoja odotellessaan Klaus aloittaa matkan kirjallisuus\u00adinstituution keski\u00f6\u00f6n, viihteen ja taiteen yhtym\u00e4kohtaan, jossa todellinen menestys ja ylivertainen gloria mitataan.<\/p>\n<p class=\"article-body mb-nof-24 px-nof-16\">Tuossa keski\u00f6ss\u00e4 alkaa tapahtua kaikenlaista outoa kirjailijoille ja n\u00e4iden ymp\u00e4rill\u00e4 liikkuville lakeijoille. N\u00e4iden etunen\u00e4ss\u00e4 vy\u00f6ryy ulkoiselta olemukseltaan v\u00e4rit\u00f6n Niku Nuutti, Klausin oma kustannus\u00adtoimittaja.<\/p>\n<p class=\"article-body mb-nof-24 px-nof-16\">Kuviot, joita kadut eiv\u00e4t tied\u00e4 tekev\u00e4ns\u00e4 sijoittuu l\u00e4hitulevaisuuteen. Teos on Helsinki-romaani, vaikka v\u00e4lill\u00e4 piipahdetaan my\u00f6s ulkomailla. Varsinkin helsinkil\u00e4inen lukija voi l\u00f6yt\u00e4\u00e4 kosolti samastumispintoja.<\/p>\n<p class=\"article-body mb-nof-24 px-nof-16\">Yht\u00e4 yksitt\u00e4ist\u00e4 lajityyppi\u00e4 Knuutin romaanille on vaikea m\u00e4\u00e4ritt\u00e4\u00e4. On matkakertomusta, tulevaisuusdystopiaa, metafiktiota ja jonkin verran humoristista kerrontaa. Kirjailija ilmiselv\u00e4sti nauttii eri kerrontatapojen ja tekstilajien sekoittamisesta.<\/p>\n<p class=\"article-body mb-nof-24 px-nof-16\"><a class=\"article-personlink\" href=\"https:\/\/www.satakunnankansa.fi\/haku\/?query=Matti%20Pulkkisen\" rel=\"nofollow noopener\" target=\"_blank\">Matti Pulkkisen<\/a> Romaanihenkil\u00f6n kuolemassa (1985) k\u00e4ytiin voimalla kiinni muodikkaaseen romaanimuotoon ja venytettiin sen rajat \u00e4\u00e4rimmilleen. Knuutin kokeileva proosa tekee samantyyppisi\u00e4 asioita kirjoittamiselle itselleen:<\/p>\n<p class=\"article-body mb-nof-24 px-nof-16\">\u201dTodellisuudessa kaikki teokset syntyv\u00e4t kuolleena. El\u00e4m\u00e4\u00e4 niihin voi puhaltaa vain lukija, joka l\u00f6yt\u00e4\u00e4 niist\u00e4 parhaista jotakin h\u00e4nt\u00e4 itse\u00e4\u00e4n koskettavaa \u2013 mik\u00e4 on harvinaista, sill\u00e4 hyvi\u00e4 romaaneja on harvassa ja hyvi\u00e4 lukijoita viel\u00e4 harvemmassa.\u201d<\/p>\n<p class=\"article-body mb-nof-24 px-nof-16\">Lopputulema on kaukana viihteellisest\u00e4 lukuromaanista. Enemm\u00e4n Knuuti hakee taiteellista ulottuvuutta \u2013 ja onnistuukin tavoitteessaan. H\u00e4n kokeilee urakalla, kuinka laaja teos pysyy viel\u00e4 aiheeltaan kasassa.<\/p>\n<p class=\"article-body mb-nof-24 px-nof-16\">Samuli Knuutia ei voi moittia kunnianhimon puutteesta. On kuin kirjailijan olisi saatava kaikki t\u00e4ss\u00e4 ja nyt, yhdell\u00e4 istumalla tai teoksella. Se selitt\u00e4\u00e4 romaanin suuret mitat, laajat aiheet ja maailmanparannustendenssin.<\/p>\n<p class=\"article-body mb-nof-24 px-nof-16\">Luin Knuutin romaania enemm\u00e4n dystopiana kuin utopiana. Saapa n\u00e4hd\u00e4, j\u00e4ik\u00f6 kirjailijalle aineksia seuraavaan romaaniin.<\/p>\n","protected":false},"excerpt":{"rendered":"Samuli Knuuti: Kuviot, joita kadut eiv\u00e4t tied\u00e4 tekev\u00e4ns\u00e4. WSOY 2025. 857 s. Espoolaisen Samuli Knuutin (s. 1970) yli&hellip;\n","protected":false},"author":2,"featured_media":37362,"comment_status":"","ping_status":"","sticky":false,"template":"","format":"standard","meta":{"footnotes":""},"categories":[134],"tags":[377,137,33,31,30,378,80,32,109],"class_list":{"0":"post-37361","1":"post","2":"type-post","3":"status-publish","4":"format-standard","5":"has-post-thumbnail","7":"category-kirjat","8":"tag-books","9":"tag-entertainment","10":"tag-fi","11":"tag-finland","12":"tag-finnish","13":"tag-kirjat","14":"tag-satakunnan-kansa","15":"tag-suomi","16":"tag-viihde"},"share_on_mastodon":{"url":"","error":""},"_links":{"self":[{"href":"https:\/\/www.europesays.com\/fi\/wp-json\/wp\/v2\/posts\/37361","targetHints":{"allow":["GET"]}}],"collection":[{"href":"https:\/\/www.europesays.com\/fi\/wp-json\/wp\/v2\/posts"}],"about":[{"href":"https:\/\/www.europesays.com\/fi\/wp-json\/wp\/v2\/types\/post"}],"author":[{"embeddable":true,"href":"https:\/\/www.europesays.com\/fi\/wp-json\/wp\/v2\/users\/2"}],"replies":[{"embeddable":true,"href":"https:\/\/www.europesays.com\/fi\/wp-json\/wp\/v2\/comments?post=37361"}],"version-history":[{"count":0,"href":"https:\/\/www.europesays.com\/fi\/wp-json\/wp\/v2\/posts\/37361\/revisions"}],"wp:featuredmedia":[{"embeddable":true,"href":"https:\/\/www.europesays.com\/fi\/wp-json\/wp\/v2\/media\/37362"}],"wp:attachment":[{"href":"https:\/\/www.europesays.com\/fi\/wp-json\/wp\/v2\/media?parent=37361"}],"wp:term":[{"taxonomy":"category","embeddable":true,"href":"https:\/\/www.europesays.com\/fi\/wp-json\/wp\/v2\/categories?post=37361"},{"taxonomy":"post_tag","embeddable":true,"href":"https:\/\/www.europesays.com\/fi\/wp-json\/wp\/v2\/tags?post=37361"}],"curies":[{"name":"wp","href":"https:\/\/api.w.org\/{rel}","templated":true}]}}