{"id":37380,"date":"2025-09-17T08:11:07","date_gmt":"2025-09-17T08:11:07","guid":{"rendered":"https:\/\/www.europesays.com\/fi\/37380\/"},"modified":"2025-09-17T08:11:07","modified_gmt":"2025-09-17T08:11:07","slug":"esitys-perinteikas-voionmaan-opisto-lopetetaan","status":"publish","type":"post","link":"https:\/\/www.europesays.com\/fi\/37380\/","title":{"rendered":"Esitys: Perinteik\u00e4s Voionmaan opisto lopetetaan"},"content":{"rendered":"<p>Sasky Voionmaan kansanopiston yt-neuvottelut ovat p\u00e4\u00e4ttyneet. Niiden seurauksena perinteikk\u00e4\u00e4n kansanopiston toimintaa esitet\u00e4\u00e4n lopetettavaksi.<\/p>\n<p class=\"article-body mb-nof-24 px-nof-16\">Aamulehti<\/p>\n<p class=\"article-body mb-nof-24 px-nof-16\">K\u00e4ytyjen yhteistoimintaneuvotteluiden tuloksena Sasky Voionmaan kansanopiston toiminta esitet\u00e4\u00e4n kokonaisuudessaan lopetettavaksi t\u00e4m\u00e4n lukuvuoden j\u00e4lkeen.<\/p>\n<p class=\"article-body mb-nof-24 px-nof-16\">Saskyn kuntayhtym\u00e4johtaja <a class=\"article-personlink\" href=\"https:\/\/www.aamulehti.fi\/haku\/?query=Antti%20Lahti\" rel=\"nofollow noopener\" target=\"_blank\">Antti Lahti<\/a> sanoo, ett\u00e4 syyn\u00e4 esitykseen ovat opiskelijoiden v\u00e4h\u00e4inen m\u00e4\u00e4r\u00e4 ja taloudellinen tilanne.<\/p>\n<p class=\"article-body mb-nof-24 px-nof-16\">Kansanopiston valtionosuusrahoitus on t\u00e4lle vuodelle yli 650\u202f000 euroa, mutta se pienenee v\u00e4h\u00e4isen opiskelijam\u00e4\u00e4r\u00e4n takia.<\/p>\n<p class=\"article-body mb-nof-24 px-nof-16\">Saskyn yhtym\u00e4hallitus p\u00e4\u00e4tt\u00e4\u00e4 asiasta torstaina illalla.<\/p>\n<p class=\"article-body mb-nof-24 px-nof-16\">Esityksen mukaan kansanopisto voisi lopettaa osan linjoista nopeutetusti jo kesken lukuvuoden, jos opiskelijoita on kolme tai v\u00e4hemm\u00e4n.<\/p>\n<p class=\"article-body mb-nof-24 px-nof-16\">Yt-neuvotteluissa k\u00e4siteltiin vaihtoehtoina toiminnan siirt\u00e4mist\u00e4 uusiin tiloihin Tampereella, toiminnan siirt\u00e4mist\u00e4 Tampereen ulkopuolelle, toiminnan osittaista supistamista ja koko opiston lakkauttamista t\u00e4m\u00e4n lukuvuoden p\u00e4\u00e4tytty\u00e4.<\/p>\n<p class=\"article-body mb-nof-24 px-nof-16\">Yhtym\u00e4hallituksen esityslistalla kuvataan, ett\u00e4 yt-neuvotteluiden aikana ty\u00f6nantajan esitt\u00e4m\u00e4st\u00e4 toiminnan alasajosta saavutettiin yksimielisyys. Neuvottelut p\u00e4\u00e4ttyiv\u00e4t kuitenkin erimielisin\u00e4, sill\u00e4 ty\u00f6nantaja ja henkil\u00f6st\u00f6n edustajat eiv\u00e4t olleet yksimielisi\u00e4 lukuvuoden aikana mahdollisesti toteutettavista opintolinjojen lakkauttamisista ja niiden henkil\u00f6st\u00f6vaikutuksista.<\/p>\n<p class=\"article-body mb-nof-24 px-nof-16\">Aamulehden tavoittaman Saskyn Kunta-alan unionin p\u00e4\u00e4luottamushenkil\u00f6n <a class=\"article-personlink\" href=\"https:\/\/www.aamulehti.fi\/haku\/?query=Marko%20Hulkkosen\" rel=\"nofollow noopener\" target=\"_blank\">Marko Hulkkosen<\/a> mukaan tiedotuksesta vastaa Saskyn kuntayhtym\u00e4johtaja Antti Lahti.<\/p>\n<p>Tampereen keskustassa<\/p>\n<p class=\"article-body mb-nof-24 px-nof-16\">Voionmaan opisto on perustettu jo vuonna 1951 Yl\u00f6j\u00e4rvelle, mist\u00e4 se on siirtynyt Tampereelle. Kansanopisto j\u00e4rjest\u00e4\u00e4 koulutusta t\u00e4ll\u00e4 hetkell\u00e4 vuokratiloissa Tampereen yliopiston Keskustakampuksella, mihin se siirtyi vuonna 2016.<\/p>\n<p class=\"article-body mb-nof-24 px-nof-16\">Opetus- ja kulttuuriministeri\u00f6n p\u00e4\u00e4t\u00f6ksell\u00e4 Voionmaan koulutuskeskuksen sek\u00e4 Kiljavan opiston ammatillisen koulutuksen toiminta siirtyi Sasky koulutuskuntayhtym\u00e4lle vuoden alussa.<\/p>\n<p class=\"article-body mb-nof-24 px-nof-16\">Voionmaan kansanopisto on yleissivist\u00e4v\u00e4\u00e4 vapaata sivistysty\u00f6t\u00e4 tarjoava oppilaitos, jossa j\u00e4rjestet\u00e4\u00e4n seuraavia kansanopistolinjoja: elokuva- ja TV-koulutus, kasvatustieteen linja, monimediatoimittajakoulutus, n\u00e4yttelij\u00e4- ja ohjaajalinja, psykologian linja, psykologian jatkolinja, valokuvauskoulutus sek\u00e4 rap-musiikkilinja. Lis\u00e4ksi monimuotokoulutuksena j\u00e4rjestet\u00e4\u00e4n k\u00e4sikirjoituskoulutusta.<\/p>\n<p class=\"article-body mb-nof-24 px-nof-16\">Sasky Voionmaan kansanopistolla toimii yhteens\u00e4 yhdeks\u00e4n ty\u00f6ntekij\u00e4\u00e4, joista seitsem\u00e4n on opetushenkil\u00f6st\u00f6\u00e4.<\/p>\n<p class=\"article-body nof-ui-body-medium mb-nof-24 px-nof-16\">T\u00e4m\u00e4 oli p\u00e4ivittyv\u00e4 uutinen.<\/p>\n","protected":false},"excerpt":{"rendered":"Sasky Voionmaan kansanopiston yt-neuvottelut ovat p\u00e4\u00e4ttyneet. Niiden seurauksena perinteikk\u00e4\u00e4n kansanopiston toimintaa esitet\u00e4\u00e4n lopetettavaksi. Aamulehti K\u00e4ytyjen yhteistoimintaneuvotteluiden tuloksena Sasky&hellip;\n","protected":false},"author":2,"featured_media":37381,"comment_status":"","ping_status":"","sticky":false,"template":"","format":"standard","meta":{"footnotes":""},"categories":[5],"tags":[157,22,23,26,27,33,31,30,17,24,25,28,29,15,18,21,32,19,20,16],"class_list":{"0":"post-37380","1":"post","2":"type-post","3":"status-publish","4":"format-standard","5":"has-post-thumbnail","7":"category-otsikot","8":"tag-aamulehti","9":"tag-breaking-news","10":"tag-breakingnews","11":"tag-featured-news","12":"tag-featurednews","13":"tag-fi","14":"tag-finland","15":"tag-finnish","16":"tag-headlines","17":"tag-latest-news","18":"tag-latestnews","19":"tag-main-news","20":"tag-mainnews","21":"tag-news","22":"tag-otsikot","23":"tag-paauutiset","24":"tag-suomi","25":"tag-top-stories","26":"tag-topstories","27":"tag-uutiset"},"share_on_mastodon":{"url":"","error":""},"_links":{"self":[{"href":"https:\/\/www.europesays.com\/fi\/wp-json\/wp\/v2\/posts\/37380","targetHints":{"allow":["GET"]}}],"collection":[{"href":"https:\/\/www.europesays.com\/fi\/wp-json\/wp\/v2\/posts"}],"about":[{"href":"https:\/\/www.europesays.com\/fi\/wp-json\/wp\/v2\/types\/post"}],"author":[{"embeddable":true,"href":"https:\/\/www.europesays.com\/fi\/wp-json\/wp\/v2\/users\/2"}],"replies":[{"embeddable":true,"href":"https:\/\/www.europesays.com\/fi\/wp-json\/wp\/v2\/comments?post=37380"}],"version-history":[{"count":0,"href":"https:\/\/www.europesays.com\/fi\/wp-json\/wp\/v2\/posts\/37380\/revisions"}],"wp:featuredmedia":[{"embeddable":true,"href":"https:\/\/www.europesays.com\/fi\/wp-json\/wp\/v2\/media\/37381"}],"wp:attachment":[{"href":"https:\/\/www.europesays.com\/fi\/wp-json\/wp\/v2\/media?parent=37380"}],"wp:term":[{"taxonomy":"category","embeddable":true,"href":"https:\/\/www.europesays.com\/fi\/wp-json\/wp\/v2\/categories?post=37380"},{"taxonomy":"post_tag","embeddable":true,"href":"https:\/\/www.europesays.com\/fi\/wp-json\/wp\/v2\/tags?post=37380"}],"curies":[{"name":"wp","href":"https:\/\/api.w.org\/{rel}","templated":true}]}}