{"id":37479,"date":"2025-09-17T10:35:09","date_gmt":"2025-09-17T10:35:09","guid":{"rendered":"https:\/\/www.europesays.com\/fi\/37479\/"},"modified":"2025-09-17T10:35:09","modified_gmt":"2025-09-17T10:35:09","slug":"parasta-juuri-nyt-17-9-2025-kulttuurin-vuosisata-sinua-sinua-hana-mina-olin-anastasia-talviuinti","status":"publish","type":"post","link":"https:\/\/www.europesays.com\/fi\/37479\/","title":{"rendered":"Parasta juuri nyt (17.9.2025): Kulttuurin vuosisata, Sinua sinua, Hana, Min\u00e4 olin Anastasia, talviuinti"},"content":{"rendered":"<p class=\"p1\">Valokuvassa n\u00e4yttelij\u00e4t <b>Seela Sella<\/b> ja <b>Veikko Honkanen<\/b> istuvat t\u00e4ydess\u00e4 kylpyammeessa. On vuosi 1982 ja tekeill\u00e4 kuunnelma Sinuhe egyptil\u00e4inen Radioteatterille. Sinuhen ja Neferneferneferin v\u00e4liseen kohtaukseen tarvitaan veden \u00e4\u00e4ni\u00e4, joita n\u00e4yttelij\u00e4t ammeessa valokuvassa luovat.<\/p>\n<p class=\"p1\">Kuva on vain yksi esimerkki <a href=\"https:\/\/kirjat.finlit.fi\/sivu\/tuote\/kulttuurin-vuosisata\/5223285\" rel=\"nofollow noopener\" target=\"_blank\">Kulttuurin vuosisata<\/a> -teoksen (SKS Kirjat, 2025) perinpohjaisesta sukelluksesta Yleisradion ohjelmaty\u00f6h\u00f6n vuosina 1926\u2013 2025 Yleisradio t\u00e4ytt\u00e4\u00e4 ensi vuonna sata vuotta ja sit\u00e4 juhlistamaan on koottu j\u00e4rk\u00e4lemainen kirja, joka keskittyy luovaan ohjelmaty\u00f6h\u00f6n sek\u00e4 radiossa ett\u00e4 televisiossa.<\/p>\n<p class=\"p1\">Ty\u00f6ryhm\u00e4 <b>Anu Koivunen<\/b>, <b>Maiju Kannisto<\/b>, <b>Heidi Heinonen<\/b> ja <b>Janne M\u00e4kel\u00e4<\/b> ovat tehneet valtavan ty\u00f6n ja luoneet lukijayst\u00e4v\u00e4llisen kirjan. Teoksessa on kattavat viite- ja l\u00e4hdeluettelot ja alun sis\u00e4llysluettelosta on helppo etsi\u00e4 omat mielenkiinnon kohteet.<\/p>\n<p class=\"p1\">Pelk\u00e4st\u00e4\u00e4n valokuvien katselu tuo mieleen monta muistoa vuosikymmenten varrelta, mutta teos tarjoaa lukemista my\u00f6s t\u00e4st\u00e4 ajasta<\/p>\n<p class=\"p1\">Ennen muuta kirjasta huomaa, miten paljon Yleisradio on vaikuttanut suomalaiseen kulttuuriin. Toisekseen se panee miettim\u00e4\u00e4n, minne julkisen palvelun yhti\u00f6 on nyt matkalla.<\/p>\n<p class=\"p1\">Jo <b>Petri Tammisen<\/b> <a href=\"https:\/\/otava.fi\/kirjat\/sinua-sinua\/\" rel=\"nofollow noopener\" target=\"_blank\">Sinua sinua<\/a> -romaanin (Otava, 2025) nimi kertoo, mist\u00e4 on kyse. Suurella osalla meist\u00e4 kirjan nimi jatkuu mieless\u00e4 tuttuna rakkauslauluna \u2013 jota my\u00f6s romaanin kertoja yritt\u00e4\u00e4 nuoruudessaan k\u00e4\u00e4nt\u00e4\u00e4 t\u0161ekin kielelle suurelle rakkaudelleen.<\/p>\n<p class=\"p1\">Praha on iso osa romaania. Sinne kertoja menee kihlausmatkalle morsiamensa kanssa, mutta rakastuukin samalla matkalla toiseen.<\/p>\n<p class=\"p1\">Pieni teos on l\u00e4mmitt\u00e4v\u00e4\u00e4 luettavaa. Kertoja pit\u00e4\u00e4 itse\u00e4\u00e4n varovaisena miehen\u00e4, joka on ymm\u00e4rt\u00e4vin\u00e4\u00e4n kaiken, mit\u00e4 keskustelukumppani sanoo. Varovainen tai ei, naisiin h\u00e4n ihastuu nopeasti ja liikkuu ketter\u00e4sti rakkauden per\u00e4ss\u00e4. Tai mit\u00e4 voisi luulla rakkaudeksi.<\/p>\n<p class=\"p1\">Vuosikymmeni\u00e4 my\u00f6hemmin kertoja etsii nuoruuden rakkauttaan internetin sovelluksista ja l\u00f6yt\u00e4\u00e4kin sen \u2013 kuten meist\u00e4 kaiketi aika monet muutkin ovat tehneet. Kaiken yll\u00e4 leijuu nostalgiasta ja kaipauksesta huolimatta my\u00f6s onni t\u00e4st\u00e4 p\u00e4iv\u00e4st\u00e4 ja omista rakkaista juuri nyt.<\/p>\n<p class=\"p1\">Tsekkil\u00e4isen <b>Alena Morn\u0161tajnov\u00e1n<\/b> <a href=\"https:\/\/www.kairaamo.fi\/tuote\/hana-pokkari\" rel=\"nofollow noopener\" target=\"_blank\">Hana<\/a> (Kairaamo, 2024) vie surulliselle, mutta antoisalle matkalle taannoiseen T\u0161ekkoslovakiaan. Holokaustia ei ole edes mainittu kirjan kansilehdill\u00e4, mutta siit\u00e4 kirja lopulta kertoo.<\/p>\n<p class=\"p1\">N\u00e4ytt\u00e4m\u00f6 on pieni Mezi\u0159\u00ed\u010d\u00edn kaupunki, jossa 1950-luvun puoliv\u00e4liss\u00e4 puhkeaa raju lavantautiepidemia. Tauti tekee pienest\u00e4 Mirasta orvon ja h\u00e4n p\u00e4\u00e4tyy ainoan hengiss\u00e4 olevan sukulaisensa Hana-t\u00e4din luokse. Hana on kolkko ja outo nainen, jota Mira ei entuudestaan juuri tunne.<\/p>\n<p class=\"p1\">Romaani kulkee eri aikatasoilla 1930-luvulta alkaen. Lukija p\u00e4\u00e4see seuraamaan esimerkiksi sit\u00e4, miten <b>Hitler<\/b> nousee Saksassa valtaan ja miehitt\u00e4\u00e4 my\u00f6s T\u0161ekkoslovakian.<\/p>\n<p class=\"p1\">H\u00e4tk\u00e4hdytt\u00e4vint\u00e4 Hanassa ovat kuvaukset siit\u00e4, miten natsismi ja juutalaisvastaisuus tulivat kuin varkain pikkukaupunkiin. Romaanin tapahtumat muistuttavat, ett\u00e4 vastenmielisetkin ajatukset voivat hiljalleen muuttua hyv\u00e4ksytyiksi, ellei niit\u00e4 pys\u00e4ytet\u00e4 ajoissa.<\/p>\n<p class=\"p1\">Teoksensa <a href=\"https:\/\/docendo.fi\/kirjat\/mina-olin-anastasia\/\" rel=\"nofollow noopener\" target=\"_blank\">Min\u00e4 olin Anastasia<\/a> (Docendo, 2025) saatesanoissa kirjailija <b>Ariel Lawhon<\/b> kutsuu romaaneja satojen sivujen mittaiseksi y\u00f6kyl\u00e4ksi. Sellaiseksi t\u00e4m\u00e4 h\u00e4nen kevyehk\u00f6 historiallinen romaaninsa sopii mainiosti.<\/p>\n<p class=\"p1\">Romaani on kertomus kahdesta naisesta, joista toinen on Ven\u00e4j\u00e4n viimeisen tsaariperheen nuorin tyt\u00e4r <b>Anastasia Nikolajevna Romanova<\/b>. Perhe teloitettiin Ven\u00e4j\u00e4n vallankumouksen j\u00e4lkeen, mutta huhu Anastasian selviytymisest\u00e4 j\u00e4i el\u00e4m\u00e4\u00e4n. Romaanin toinen p\u00e4\u00e4henkil\u00f6 on <b>Anna Anderson<\/b>, joka vuosikymmenien ajan v\u00e4itti olevansa Anastasia.<\/p>\n<p class=\"p1\">Teoksessa vuorottelevat Anastasian ja Annan tarinat, ja lopussa odottaa yll\u00e4tys. Min\u00e4 olin Anastasia tuskin antaa uutta lukijalle, joka on perehtynyt Romanovien kohtaloon ja lukenut aiheesta kirjoitettuja lukuisia kirjoja.<\/p>\n<p class=\"p1\">Muille romaani voi olla ihan sopiva y\u00f6kyl\u00e4.<\/p>\n<p class=\"p1\">Ellet viel\u00e4 kuulu talviuimareiden onnelliseen joukkoon, nyt on juuri oikea aika aloittaa totuttelu kylm\u00e4\u00e4n veteen. Eik\u00e4 aikaakaan, kun olet ihan koukussa, usko pois!<\/p>\n<p class=\"p1\" style=\"text-align: right;\">Leena Reikko<\/p>\n","protected":false},"excerpt":{"rendered":"Valokuvassa n\u00e4yttelij\u00e4t Seela Sella ja Veikko Honkanen istuvat t\u00e4ydess\u00e4 kylpyammeessa. On vuosi 1982 ja tekeill\u00e4 kuunnelma Sinuhe egyptil\u00e4inen&hellip;\n","protected":false},"author":2,"featured_media":37480,"comment_status":"","ping_status":"","sticky":false,"template":"","format":"standard","meta":{"footnotes":""},"categories":[134],"tags":[10412,10413,377,137,33,31,30,10414,378,10415,10416,10417,10418,32,10419,109],"class_list":{"0":"post-37479","1":"post","2":"type-post","3":"status-publish","4":"format-standard","5":"has-post-thumbnail","7":"category-kirjat","8":"tag-alena-mornstajnova","9":"tag-ariel-lawhon","10":"tag-books","11":"tag-entertainment","12":"tag-fi","13":"tag-finland","14":"tag-finnish","15":"tag-hana","16":"tag-kirjat","17":"tag-kulttuurin-vuosisata","18":"tag-mina-olin-anastasia","19":"tag-petri-tamminen","20":"tag-sinua-sinua","21":"tag-suomi","22":"tag-talviuinti","23":"tag-viihde"},"share_on_mastodon":{"url":"","error":""},"_links":{"self":[{"href":"https:\/\/www.europesays.com\/fi\/wp-json\/wp\/v2\/posts\/37479","targetHints":{"allow":["GET"]}}],"collection":[{"href":"https:\/\/www.europesays.com\/fi\/wp-json\/wp\/v2\/posts"}],"about":[{"href":"https:\/\/www.europesays.com\/fi\/wp-json\/wp\/v2\/types\/post"}],"author":[{"embeddable":true,"href":"https:\/\/www.europesays.com\/fi\/wp-json\/wp\/v2\/users\/2"}],"replies":[{"embeddable":true,"href":"https:\/\/www.europesays.com\/fi\/wp-json\/wp\/v2\/comments?post=37479"}],"version-history":[{"count":0,"href":"https:\/\/www.europesays.com\/fi\/wp-json\/wp\/v2\/posts\/37479\/revisions"}],"wp:featuredmedia":[{"embeddable":true,"href":"https:\/\/www.europesays.com\/fi\/wp-json\/wp\/v2\/media\/37480"}],"wp:attachment":[{"href":"https:\/\/www.europesays.com\/fi\/wp-json\/wp\/v2\/media?parent=37479"}],"wp:term":[{"taxonomy":"category","embeddable":true,"href":"https:\/\/www.europesays.com\/fi\/wp-json\/wp\/v2\/categories?post=37479"},{"taxonomy":"post_tag","embeddable":true,"href":"https:\/\/www.europesays.com\/fi\/wp-json\/wp\/v2\/tags?post=37479"}],"curies":[{"name":"wp","href":"https:\/\/api.w.org\/{rel}","templated":true}]}}