{"id":37547,"date":"2025-09-17T11:51:08","date_gmt":"2025-09-17T11:51:08","guid":{"rendered":"https:\/\/www.europesays.com\/fi\/37547\/"},"modified":"2025-09-17T11:51:08","modified_gmt":"2025-09-17T11:51:08","slug":"stallonen-syltyn-hittisarja-uusittiin-jo-ennen-uuden-kauden-julkaisua-samuel-l-jacksonin-spinoffikin-on-tulossa","status":"publish","type":"post","link":"https:\/\/www.europesays.com\/fi\/37547\/","title":{"rendered":"Stallonen Syltyn hittisarja uusittiin jo ennen uuden kauden julkaisua \u2013 Samuel L. Jacksonin spinoffikin on tulossa!"},"content":{"rendered":"<p>SkyShowtimessa py\u00f6riv\u00e4<strong> Sylvester Stallonen <\/strong>rikossarja Tulsa King saa pian kolmannen kauden.<\/p>\n<p>Paramount on kuitenkin tilannut jo nelj\u00e4nnen kauden ennen kuin ihmiset ovat edes n\u00e4hneet tulevaa kautta.<\/p>\n<p>Lue my\u00f6s: <a href=\"https:\/\/www.episodi.fi\/uutiset\/skyshowtime-tuo-suoratoistoon-kovan-kattauksen-sarjoja-ja-elokuvia-dexterin-uusi-tuleminen-nosferatu-anora\/\" title=\"SkyShowtime tuo suoratoistoon kovan kattauksen sarjoja ja elokuvia\" class=\"underline-custom !font-montserrat !font-bold !underline-offset-4 !decoration-4 !decoration-episodi-blue !text-md\" rel=\"nofollow noopener\" target=\"_blank\">SkyShowtime tuo suoratoistoon kovan kattauksen sarjoja ja elokuvia<\/a><\/p>\n<p>Lue my\u00f6s: <a href=\"https:\/\/www.episodi.fi\/uutiset\/sylvester-stallonen-hittisarjasta-tekeilla-spin-offi-paaosaan-samuel-l-jackson\/\" title=\"Sylvester Stallonen hittisarjasta tekeill\u00e4 spin-offi \u2013 P\u00e4\u00e4osaan Samuel L. Jackson\" class=\"underline-custom !font-montserrat !font-bold !underline-offset-4 !decoration-4 !decoration-episodi-blue !text-md\" rel=\"nofollow noopener\" target=\"_blank\">Sylvester Stallonen hittisarjasta tekeill\u00e4 spin-offi \u2013 P\u00e4\u00e4osaan Samuel L. Jackson<\/a><\/p>\n<p>Amerikkalaisessa Paramount Plus -suoratoistopalvelussa 21. syyskuuta starttaavalla uudella kaudella on yhdeks\u00e4n jaksoa. Toivottavasti kausi n\u00e4hd\u00e4\u00e4n pian my\u00f6s Suomessa.<\/p>\n<p>Tulsa Kingin kakkoskauden ensimm\u00e4isen jakson katsoi hurjat 21,1 miljoonaa katsojaa, joten ei varsinaisesti yll\u00e4t\u00e4, ett\u00e4 uusi kausi on jo tilattu.<\/p>\n<p>Tulsa King saa my\u00f6s<strong> Samuel L. Jacksonin<\/strong> t\u00e4hditt\u00e4m\u00e4n spinoff-sarjan, NOLA Kingin. Jacksonin hahmo esitell\u00e4\u00e4n vasta tulevalla kaudella, joten luotto on kova.<\/p>\n<p>Stallonen lis\u00e4ksi palaaviin n\u00e4yttelij\u00f6ihin kuuluvat <strong>Martin Starr<\/strong> (Lawrence Geigerman), <strong>Jay Will<\/strong> (Tyson Mitchell),<strong> Annabella Sciorra <\/strong>(Joanne Manfredi),<strong> Neal McDonough<\/strong> (Cal Thresher) ja<strong> Frank Grillo <\/strong>(Bill Bevilaqua). Uusina tulokkaina Jacksonin rinnalle liittyv\u00e4t <strong>Robert Patrick, Beau Knapp <\/strong>ja<strong> Kevin Pollak.<\/strong><\/p>\n<p>Alla kolmannen kauden traileri.<\/p>\n<p><img loading=\"lazy\" decoding=\"async\" alt=\"YouTube video\" width=\"480\" height=\"360\" data-pin-nopin=\"true\" nopin=\"nopin\" class=\"perfmatters-lazy\" src=\"https:\/\/www.europesays.com\/fi\/wp-content\/uploads\/2025\/09\/1758109868_531_hqdefault.jpg\"\/><\/p>\n<p>L\u00e4hde: <a href=\"https:\/\/www.joblo.com\/tulsa-king-season-four-announced\/\" target=\"_blank\" rel=\"noreferrer noopener nofollow\">JoBlo<\/a><\/p>\n<p>Lue my\u00f6s: <a href=\"https:\/\/www.episodi.fi\/uutiskirje\/?uutiskirjemainos=tekstilinkkimainos\" title=\"Tilaa Episodin uutiskirje ja voit voittaa leffalippuja! Nappaa tv-vinkit suoraan s\u00e4hk\u00f6postiin t\u00e4st\u00e4.\" class=\"underline-custom !font-montserrat !font-bold !underline-offset-4 !decoration-4 !decoration-episodi-blue !text-md\" rel=\"nofollow noopener\" target=\"_blank\">Tilaa Episodin uutiskirje ja voit voittaa leffalippuja! Nappaa katseluvinkit suoraan s\u00e4hk\u00f6postiin t\u00e4st\u00e4.<\/a><\/p>\n","protected":false},"excerpt":{"rendered":"SkyShowtimessa py\u00f6riv\u00e4 Sylvester Stallonen rikossarja Tulsa King saa pian kolmannen kauden. Paramount on kuitenkin tilannut jo nelj\u00e4nnen kauden&hellip;\n","protected":false},"author":2,"featured_media":37548,"comment_status":"","ping_status":"","sticky":false,"template":"","format":"standard","meta":{"footnotes":"","_share_on_mastodon":"0"},"categories":[136],"tags":[407,137,33,31,30,408,10426,341,32,1490,7639,109],"class_list":["post-37547","post","type-post","status-publish","format-standard","has-post-thumbnail","category-julkkikset","tag-celebrities","tag-entertainment","tag-fi","tag-finland","tag-finnish","tag-julkkikset","tag-samuel-l-jackson","tag-skyshowtime","tag-suomi","tag-sylvester-stallone","tag-tulsa-king","tag-viihde"],"share_on_mastodon":{"url":"","error":""},"_links":{"self":[{"href":"https:\/\/www.europesays.com\/fi\/wp-json\/wp\/v2\/posts\/37547","targetHints":{"allow":["GET"]}}],"collection":[{"href":"https:\/\/www.europesays.com\/fi\/wp-json\/wp\/v2\/posts"}],"about":[{"href":"https:\/\/www.europesays.com\/fi\/wp-json\/wp\/v2\/types\/post"}],"author":[{"embeddable":true,"href":"https:\/\/www.europesays.com\/fi\/wp-json\/wp\/v2\/users\/2"}],"replies":[{"embeddable":true,"href":"https:\/\/www.europesays.com\/fi\/wp-json\/wp\/v2\/comments?post=37547"}],"version-history":[{"count":0,"href":"https:\/\/www.europesays.com\/fi\/wp-json\/wp\/v2\/posts\/37547\/revisions"}],"wp:featuredmedia":[{"embeddable":true,"href":"https:\/\/www.europesays.com\/fi\/wp-json\/wp\/v2\/media\/37548"}],"wp:attachment":[{"href":"https:\/\/www.europesays.com\/fi\/wp-json\/wp\/v2\/media?parent=37547"}],"wp:term":[{"taxonomy":"category","embeddable":true,"href":"https:\/\/www.europesays.com\/fi\/wp-json\/wp\/v2\/categories?post=37547"},{"taxonomy":"post_tag","embeddable":true,"href":"https:\/\/www.europesays.com\/fi\/wp-json\/wp\/v2\/tags?post=37547"}],"curies":[{"name":"wp","href":"https:\/\/api.w.org\/{rel}","templated":true}]}}