{"id":37605,"date":"2025-09-17T12:56:07","date_gmt":"2025-09-17T12:56:07","guid":{"rendered":"https:\/\/www.europesays.com\/fi\/37605\/"},"modified":"2025-09-17T12:56:07","modified_gmt":"2025-09-17T12:56:07","slug":"kaukaan-sellutehtaan-huoltoseisokki-jatkuu-lokakuun-puolivaliin-paikalliset","status":"publish","type":"post","link":"https:\/\/www.europesays.com\/fi\/37605\/","title":{"rendered":"Kaukaan sellutehtaan huoltoseisokki jatkuu lokakuun puoliv\u00e4liin | Paikalliset"},"content":{"rendered":"<p>Huoltoseisokin jatkuminen voi aiheuttaa lomautuksia.<\/p>\n<p>UPM Kaukaan sellutehtaan elokuussa alkanutta huoltoseisokkia jatketaan kahdella viikolla 11. lokakuuta asti, mets\u00e4yhti\u00f6 tiedotti keskiviikkona. Lis\u00e4ksi UPM Pietarsaaren sellutehtaalla on marraskuussa noin kahden viikon mittainen tuotantoseisokki.<\/p>\n<p>UPM Fibres Suomi -operaatioiden johtaja <strong>Petri Hakanen<\/strong> kertoo tiedotteessa, ett\u00e4 tuotantoa rajoittamalla yhti\u00f6 sopeuttaa toimintaansa vastaamaan sellun markkinatilannetta ja puukustannustasoa. H\u00e4n sanoo, ett\u00e4 toimilla keskityt\u00e4\u00e4n varmistamaan liiketoiminnan kannattavuus.<\/p>\n","protected":false},"excerpt":{"rendered":"Huoltoseisokin jatkuminen voi aiheuttaa lomautuksia. UPM Kaukaan sellutehtaan elokuussa alkanutta huoltoseisokkia jatketaan kahdella viikolla 11. lokakuuta asti, mets\u00e4yhti\u00f6&hellip;\n","protected":false},"author":2,"featured_media":37606,"comment_status":"","ping_status":"","sticky":false,"template":"","format":"standard","meta":{"footnotes":""},"categories":[76],"tags":[79,77,33,31,30,2256,10444,823,9084,7918,938,32,78,860],"class_list":{"0":"post-37605","1":"post","2":"type-post","3":"status-publish","4":"format-standard","5":"has-post-thumbnail","7":"category-talous","8":"tag-business","9":"tag-economy","10":"tag-fi","11":"tag-finland","12":"tag-finnish","13":"tag-metsa-ja-paperiteollisuus","14":"tag-metsankasvatus-ja-puunkorjuu","15":"tag-metsat","16":"tag-metsateollisuus-metsatalous-ja-siihen-liittyvat-palvelut","17":"tag-pietarsaaren-seutukunta","18":"tag-rakennusmateriaalit","19":"tag-suomi","20":"tag-talous","21":"tag-tyoelama"},"share_on_mastodon":{"url":"","error":""},"_links":{"self":[{"href":"https:\/\/www.europesays.com\/fi\/wp-json\/wp\/v2\/posts\/37605","targetHints":{"allow":["GET"]}}],"collection":[{"href":"https:\/\/www.europesays.com\/fi\/wp-json\/wp\/v2\/posts"}],"about":[{"href":"https:\/\/www.europesays.com\/fi\/wp-json\/wp\/v2\/types\/post"}],"author":[{"embeddable":true,"href":"https:\/\/www.europesays.com\/fi\/wp-json\/wp\/v2\/users\/2"}],"replies":[{"embeddable":true,"href":"https:\/\/www.europesays.com\/fi\/wp-json\/wp\/v2\/comments?post=37605"}],"version-history":[{"count":0,"href":"https:\/\/www.europesays.com\/fi\/wp-json\/wp\/v2\/posts\/37605\/revisions"}],"wp:featuredmedia":[{"embeddable":true,"href":"https:\/\/www.europesays.com\/fi\/wp-json\/wp\/v2\/media\/37606"}],"wp:attachment":[{"href":"https:\/\/www.europesays.com\/fi\/wp-json\/wp\/v2\/media?parent=37605"}],"wp:term":[{"taxonomy":"category","embeddable":true,"href":"https:\/\/www.europesays.com\/fi\/wp-json\/wp\/v2\/categories?post=37605"},{"taxonomy":"post_tag","embeddable":true,"href":"https:\/\/www.europesays.com\/fi\/wp-json\/wp\/v2\/tags?post=37605"}],"curies":[{"name":"wp","href":"https:\/\/api.w.org\/{rel}","templated":true}]}}