{"id":37690,"date":"2025-09-17T14:41:07","date_gmt":"2025-09-17T14:41:07","guid":{"rendered":"https:\/\/www.europesays.com\/fi\/37690\/"},"modified":"2025-09-17T14:41:07","modified_gmt":"2025-09-17T14:41:07","slug":"droonia-varsovassa-lennattanyt-ukrainalaismies-karkotetaan-kotimaahansa-uutissuomalainen","status":"publish","type":"post","link":"https:\/\/www.europesays.com\/fi\/37690\/","title":{"rendered":"Droonia Varsovassa lenn\u00e4tt\u00e4nyt ukrainalaismies karkotetaan kotimaahansa | Uutissuomalainen"},"content":{"rendered":"<p>Puola aikoo karkottaa nuoren ukrainalaismiehen, joka rikkoi Puolan ilmailulakia lenn\u00e4tt\u00e4m\u00e4ll\u00e4 droonia hallintorakennusten yll\u00e4 maanantaina maan p\u00e4\u00e4kaupungissa Varsovassa.<\/p>\n<p>Tunnistamaton lennokki havaittiin paikassa, jossa sijaitsee yksi presidentin residensseist\u00e4 sek\u00e4 p\u00e4\u00e4- ja puolustusministerin k\u00e4ytt\u00e4mi\u00e4 tiloja.<\/p>\n<p>Poliisi otti kiinni 21-vuotiaan ukrainalaismiehen ja 17-vuotiaan valkoven\u00e4l\u00e4isnaisen. Poliisin edustaja kertoo uutistoimisto AFP:lle, ett\u00e4 sakkorangaistuksen lis\u00e4ksi mies karkotetaan Puolasta Ukrainaan ja t\u00e4lle m\u00e4\u00e4r\u00e4t\u00e4\u00e4n m\u00e4\u00e4r\u00e4aikainen matkustuskielto Schengen-alueelle.<\/p>\n<p>Valkoven\u00e4l\u00e4inen vapautettiin ilman syytett\u00e4.<\/p>\n","protected":false},"excerpt":{"rendered":"Puola aikoo karkottaa nuoren ukrainalaismiehen, joka rikkoi Puolan ilmailulakia lenn\u00e4tt\u00e4m\u00e4ll\u00e4 droonia hallintorakennusten yll\u00e4 maanantaina maan p\u00e4\u00e4kaupungissa Varsovassa. Tunnistamaton&hellip;\n","protected":false},"author":2,"featured_media":26824,"comment_status":"","ping_status":"","sticky":false,"template":"","format":"standard","meta":{"footnotes":""},"categories":[14],"tags":[22,23,26,27,33,31,30,17,55,53,24,25,28,29,15,18,21,54,52,637,32,19,20,546,56,16,4645,59,60,61],"class_list":{"0":"post-37690","1":"post","2":"type-post","3":"status-publish","4":"format-standard","5":"has-post-thumbnail","7":"category-ulkomaat","8":"tag-breaking-news","9":"tag-breakingnews","10":"tag-featured-news","11":"tag-featurednews","12":"tag-fi","13":"tag-finland","14":"tag-finnish","15":"tag-headlines","16":"tag-lainvalvonta","17":"tag-laki-oikeus-ja-rikos","18":"tag-latest-news","19":"tag-latestnews","20":"tag-main-news","21":"tag-mainnews","22":"tag-news","23":"tag-otsikot","24":"tag-paauutiset","25":"tag-pelastuspalvelut","26":"tag-poliisi","27":"tag-politiikka","28":"tag-suomi","29":"tag-top-stories","30":"tag-topstories","31":"tag-turvallisuus","32":"tag-ulkomaat","33":"tag-uutiset","34":"tag-viranomaiset","35":"tag-world","36":"tag-world-news","37":"tag-worldnews"},"share_on_mastodon":{"url":"","error":""},"_links":{"self":[{"href":"https:\/\/www.europesays.com\/fi\/wp-json\/wp\/v2\/posts\/37690","targetHints":{"allow":["GET"]}}],"collection":[{"href":"https:\/\/www.europesays.com\/fi\/wp-json\/wp\/v2\/posts"}],"about":[{"href":"https:\/\/www.europesays.com\/fi\/wp-json\/wp\/v2\/types\/post"}],"author":[{"embeddable":true,"href":"https:\/\/www.europesays.com\/fi\/wp-json\/wp\/v2\/users\/2"}],"replies":[{"embeddable":true,"href":"https:\/\/www.europesays.com\/fi\/wp-json\/wp\/v2\/comments?post=37690"}],"version-history":[{"count":0,"href":"https:\/\/www.europesays.com\/fi\/wp-json\/wp\/v2\/posts\/37690\/revisions"}],"wp:featuredmedia":[{"embeddable":true,"href":"https:\/\/www.europesays.com\/fi\/wp-json\/wp\/v2\/media\/26824"}],"wp:attachment":[{"href":"https:\/\/www.europesays.com\/fi\/wp-json\/wp\/v2\/media?parent=37690"}],"wp:term":[{"taxonomy":"category","embeddable":true,"href":"https:\/\/www.europesays.com\/fi\/wp-json\/wp\/v2\/categories?post=37690"},{"taxonomy":"post_tag","embeddable":true,"href":"https:\/\/www.europesays.com\/fi\/wp-json\/wp\/v2\/tags?post=37690"}],"curies":[{"name":"wp","href":"https:\/\/api.w.org\/{rel}","templated":true}]}}