{"id":37691,"date":"2025-09-17T14:42:08","date_gmt":"2025-09-17T14:42:08","guid":{"rendered":"https:\/\/www.europesays.com\/fi\/37691\/"},"modified":"2025-09-17T14:42:08","modified_gmt":"2025-09-17T14:42:08","slug":"syksyn-yo-kokelaat-joutuivat-vian-vuoksi-eriarvoiseen-asemaan-sanoo-abi-robin-makkonen-harmittaa-ja-arsyttaa","status":"publish","type":"post","link":"https:\/\/www.europesays.com\/fi\/37691\/","title":{"rendered":"Syksyn yo-kokelaat joutuivat vian vuoksi eriarvoiseen asemaan, sanoo abi Robin Makkonen: \u201dHarmittaa ja \u00e4rsytt\u00e4\u00e4\u201d"},"content":{"rendered":"<p>Keskeytynyt yo-koe|\u00c4idinkielen ja kirjallisuuden ylioppilaskoe keskeytyi maanantaina kymmeniss\u00e4 lukioissa. Monet HS:n kyselyyn vastanneet abiturientit pelk\u00e4\u00e4v\u00e4t nyt, ettei yhden\u00advertaisuus toteudu kokeen arvostelussa.<\/p>\n<p>Lue tiivistelm\u00e4<\/p>\n<p>Tiivistelm\u00e4 on teko\u00e4lyn tekem\u00e4 ja ihmisen tarkistama.<\/p>\n<p class=\"article-body mb-nof-24 px-nof-16 sndp-summary-bullet-point-font\">\u00c4idinkielen ylioppilaskoe keskeytyi maanantaina teknisen vian vuoksi kymmeniss\u00e4 lukioissa Suomessa.<\/p>\n<p class=\"article-body mb-nof-24 px-nof-16 sndp-summary-bullet-point-font\">Abiturientti Robin Makkonen vaatii kokeen uusimista, sill\u00e4 h\u00e4nen mielest\u00e4\u00e4n kokelaat ovat nyt eriarvoisessa asemassa.<\/p>\n<p class=\"article-body mb-nof-24 px-nof-16 sndp-summary-bullet-point-font\">Monet HS:n kyselyyn vastanneet abiturientit pelk\u00e4\u00e4v\u00e4t, ettei yhdenvertaisuus toteudu kokeen arvostelussa.<\/p>\n<p class=\"article-body mb-nof-24 px-nof-16 sndp-summary-bullet-point-font\">Ylioppilastutkintolautakunnan p\u00e4\u00e4sihteeri Tiina T\u00e4hk\u00e4 kertoo, ettei korvaavaa koetta j\u00e4rjestet\u00e4.<\/p>\n<p class=\"article-body mb-nof-24 px-nof-16\">\u00c4idinkielen ja kirjallisuuden ylioppilaskoe pit\u00e4isi pikaisesti j\u00e4rjest\u00e4\u00e4 kokonaan uusiksi, t\u00e4ysin uusilla teht\u00e4vill\u00e4, sanoo Salon lukion abiturientti <a class=\"article-personlink\" href=\"https:\/\/www.hs.fi\/haku\/?query=Robin%20Makkonen\" rel=\"nofollow noopener\" target=\"_blank\">Robin Makkonen<\/a>.<\/p>\n<p class=\"article-body mb-nof-24 px-nof-16\">Se olisi Makkosesta nyt aidosti tasapuolisin ratkaisu.<\/p>\n<p class=\"article-body mb-nof-24 px-nof-16\">Makkonen on yksi niist\u00e4 tuhansista ylioppilaskokelaista, joiden \u00e4idinkielen ja kirjallisuuden koe keskeytyi maanantaina teknisen vian vuoksi.<\/p>\n<p class=\"article-body mb-nof-24 px-nof-16\">Makkosen mielest\u00e4 h\u00e4nen kokeensa meni penkin alle h\u00e4iri\u00f6n takia, mutta viel\u00e4 enemm\u00e4n h\u00e4nt\u00e4 harmittaa se, ett\u00e4 syksyn yo-kokelaat ovat h\u00e4nest\u00e4 nyt eriarvoisessa asemassa. Makkonen ei ymm\u00e4rr\u00e4, miten Ylioppilastutkintolautakunta (YTL) voi arvioida kokelaita tasapuolisesti, kun kouluissa on toimittu niin eri tavalla keskeytyksen aikana.<\/p>\n<p class=\"article-body mb-nof-24 px-nof-16\">\u201dHarmittaa ja \u00e4rsytt\u00e4\u00e4\u201d, h\u00e4n sanoo.<\/p>\n<p class=\"article-body mb-nof-24 px-nof-16\">Makkonen ei ole ainoa abi, joka on kokenut tilanteen ep\u00e4reiluna, selvi\u00e4\u00e4 HS:n kyselyst\u00e4.<\/p>\n<p class=\"article-body mb-nof-24 px-nof-16\">\u00c4idinkielen ja kirjallisuuden koe keskeytyi maanantaina kymmeniss\u00e4 lukioissa Suomessa. H\u00e4iri\u00f6n kesto vaihteli muutamista minuuteista jopa yli viiteen tuntiin. Niiss\u00e4 kouluissa, joissa h\u00e4iri\u00f6it\u00e4 oli yli kahden tunnin ajan, kokeen sai tehd\u00e4 lyhennettyn\u00e4.<\/p>\n<p class=\"article-body mb-nof-24 px-nof-16\">Keskeytyksen aikaiset toimintatavat vaihtelivat oppilaitosten kesken. Toisissa lukioissa keskeytyksen aikana sai tutustua aineistoihin tai tehd\u00e4 muistiinpanoja, kun toisissa opiskelijat joutuivat tuijottamaan hiljaa sein\u00e4\u00e4.<\/p>\n<p class=\"article-body mb-nof-24 px-nof-16\">HS:n kyselyyn vastanneet yo-kokelaat kuvailevat tapahtunutta kuormittavaksi, kamalaksi ja \u201dpahimmaksi mahdolliseksi skenaarioksi\u201d.<\/p>\n<p class=\"article-body mb-nof-24 px-nof-16\">Monissa vastauksissa ep\u00e4iltiin, ettei yhdenvertaisuus voi toteutua kokeen arvostelussa.<\/p>\n<p class=\"article-body mb-nof-24 px-nof-16\">Salon lukiossa \u00e4idinkielen koe tehtiin t\u00e4ysimittaisena. Kokelaat olivat p\u00e4\u00e4sseet teht\u00e4viss\u00e4 jo vauhtiin, kun ongelmat puolen p\u00e4iv\u00e4n aikaan alkoivat, Makkonen kertoo.<\/p>\n<p class=\"article-body mb-nof-24 px-nof-16\">Makkonen kuvailee tilannetta stressaavaksi. Ep\u00e4tietoisuus ja j\u00e4nnitys kuluttivat voimavaroja ennen kuin itse koetta p\u00e4\u00e4si jatkamaan. Makkosen mukaan stressi n\u00e4kyi my\u00f6s opiskelutovereissa.<\/p>\n<p class=\"article-body mb-nof-24 px-nof-16\">\u201dJalat t\u00e4risiv\u00e4t ja silm\u00e4t py\u00f6riv\u00e4t p\u00e4\u00e4ss\u00e4.\u201d<\/p>\n<p class=\"article-body mb-nof-24 px-nof-16\">H\u00e4iri\u00f6 kesti noin tunnin. Kun koe p\u00e4\u00e4si jatkumaan, ajatuksen suuntaaminen takaisin teht\u00e4v\u00e4\u00e4n tuntui vaikealta. Lis\u00e4ksi Makkosen mukaan valvojat eiv\u00e4t kertoneet, mihin asti koeaikaa on. Se piti osata itse p\u00e4\u00e4tell\u00e4.<\/p>\n<p class=\"article-body mb-nof-24 px-nof-16\">Kun aikaa oli j\u00e4ljell\u00e4 en\u00e4\u00e4 kymmenen minuuttia, valvoja ilmoitti, ett\u00e4 koeaika on p\u00e4\u00e4ttym\u00e4ss\u00e4. Silloin Makkoselle tuli kuitenkin kiire, sill\u00e4 h\u00e4n oli luullut aikaa olevan enemm\u00e4n j\u00e4ljell\u00e4.<\/p>\n<p class=\"article-body mb-nof-24 px-nof-16\">\u201dTuhat merkki\u00e4 j\u00e4i puuttumaan teht\u00e4v\u00e4st\u00e4. Lause j\u00e4i k\u00e4yt\u00e4nn\u00f6ss\u00e4 kesken.\u201d<\/p>\n<p class=\"article-body mb-nof-24 px-nof-16\">Salon lukion rehtori <a class=\"article-personlink\" href=\"https:\/\/www.hs.fi\/haku\/?query=Maria%20Liippo\" rel=\"nofollow noopener\" target=\"_blank\">Maria Liippo<\/a> sanoo HS:lle, ettei tunnista tilannetta. H\u00e4nen mukaansa opiskelijoilla on aina mahdollisuus kysy\u00e4, jos kokeen p\u00e4\u00e4ttymisajasta on ep\u00e4selvyytt\u00e4.<\/p>\n<p class=\"article-body mb-nof-24 px-nof-16\">HS:n kyselyyn vastanneiden opiskelijoiden mukaan oppilaat ovat olleet eriarvoisessa asemassa jopa saman lukion sis\u00e4ll\u00e4.<\/p>\n<p class=\"article-body mb-nof-24 px-nof-16\">N\u00e4in sanoo esimerkiksi Otaniemen lukiossa \u00e4idinkielen kirjoituksiin osallistunut <a class=\"article-personlink\" href=\"https:\/\/www.hs.fi\/haku\/?query=Jalo%20Reunanen\" rel=\"nofollow noopener\" target=\"_blank\">Jalo Reunanen<\/a>. Otaniemess\u00e4 tehtiin lyhennetty koe, koska h\u00e4iri\u00f6it\u00e4 oli yli viiden tunnin ajan. Lyhennetyss\u00e4 kokeessa tehtiin vain yksi teht\u00e4v\u00e4, mutta vaihtoehtoina olivat vain teht\u00e4v\u00e4t 2 tai 3.<\/p>\n<p class=\"article-body mb-nof-24 px-nof-16\">Reunanen oli ehtinyt itse aloittaa teht\u00e4v\u00e4\u00e4 1 ennen keskeytyst\u00e4. H\u00e4n oli tutustunut aineistoon ja kirjoittanut siit\u00e4 muistiinpanot. Reunasesta asetelma suosi niit\u00e4, jotka olivat tajunneet valita jo heti kokeen alussa teht\u00e4v\u00e4n 2 tai 3.<\/p>\n<p class=\"article-body mb-nof-24 px-nof-16\">\u201dHeill\u00e4 oli jo heti lyhennetyn kokeen alkaessa sis\u00e4lt\u00f6\u00f6n liittyvi\u00e4 muistiinpanoja ja pitk\u00e4lle hiottu ajatusprosessi tulevasta vastauksestaan, kun taas toiset joutuivat aloittamaan nollasta. Mit\u00e4\u00e4n selityst\u00e4 meille ei annettu, miksi juuri n\u00e4m\u00e4 teht\u00e4v\u00e4t valittiin.\u201d<\/p>\n<p class=\"article-body mb-nof-24 px-nof-16\">YTL:n p\u00e4\u00e4sihteeri <a class=\"article-personlink\" href=\"https:\/\/www.hs.fi\/haku\/?query=Tiina%20T%C3%A4hk%C3%A4\" rel=\"nofollow noopener\" target=\"_blank\">Tiina T\u00e4hk\u00e4<\/a> sanoi <a class=\"article-genericlink\" href=\"https:\/\/www.hs.fi\/suomi\/art-2000011497625.html\" rel=\"nofollow noopener\" target=\"_blank\">tiistaina HS:lle<\/a>, ettei korvaavaa \u00e4idinkielen koetta j\u00e4rjestet\u00e4.<\/p>\n<p class=\"article-body mb-nof-24 px-nof-16\">T\u00e4hk\u00e4 pysyi kannassaan my\u00f6s keskiviikkona. T\u00e4hk\u00e4 kertoi uskovansa, ett\u00e4 YTL pystyy arvioimaan opiskelijoiden osaamista poikkeuksellisista olosuhteista huolimatta.<\/p>\n<p class=\"article-body mb-nof-24 px-nof-16\">Robin Makkonen uskoo, ett\u00e4 joutuu kirjoittamaan \u00e4idinkielen uudestaan ensi kev\u00e4\u00e4n\u00e4. Makkonen tavoitteli \u00e4idinkielest\u00e4 magnaa eli M:\u00e4\u00e4, mutta uskoo nyt saavansa cum lauden eli C:n tai lubenterin eli B:n.<\/p>\n<p class=\"article-body mb-nof-24 px-nof-16\">\u201dYlioppilaskokeen tuloksilla on kuitenkin suora vaikutus mahdollisuuksiin p\u00e4\u00e4st\u00e4 jatko-opintoihin.\u201d<\/p>\n<p class=\"article-body mb-nof-24 px-nof-16\">Makkosen mielest\u00e4 YTL:\u00e4\u00e4 ei silti saisi nyt p\u00e4\u00e4st\u00e4\u00e4 \u201dkuin koiraa ver\u00e4j\u00e4st\u00e4\u201d.<\/p>\n<p class=\"article-body mb-nof-24 px-nof-16\">\u201dV\u00e4hint\u00e4 mit\u00e4 YTL:lt\u00e4 voi odottaa on l\u00e4pin\u00e4kyvyytt\u00e4, vastuunkantoa ja ratkaisuja, jotka huomioivat kaikkien kokelaiden hyvinvoinnin.\u201d<\/p>\n<p class=\"article-body mb-nof-24 px-nof-16\">My\u00f6s HS:n kyselyn vastauksissa opiskelijat pen\u00e4\u00e4v\u00e4t lautakuntaa kantamaan vastuunsa, sill\u00e4 kyse on opiskelijoille merkitt\u00e4v\u00e4st\u00e4 asiasta, jolla on vaikutusta jatko-opiskelupaikan saamiseen.<\/p>\n","protected":false},"excerpt":{"rendered":"Keskeytynyt yo-koe|\u00c4idinkielen ja kirjallisuuden ylioppilaskoe keskeytyi maanantaina kymmeniss\u00e4 lukioissa. Monet HS:n kyselyyn vastanneet abiturientit pelk\u00e4\u00e4v\u00e4t nyt, ettei yhden\u00advertaisuus&hellip;\n","protected":false},"author":2,"featured_media":37692,"comment_status":"","ping_status":"","sticky":false,"template":"","format":"standard","meta":{"footnotes":""},"categories":[12],"tags":[22,23,26,27,33,31,30,17,46,24,25,28,29,15,18,21,32,19,20,16],"class_list":{"0":"post-37691","1":"post","2":"type-post","3":"status-publish","4":"format-standard","5":"has-post-thumbnail","7":"category-suomi","8":"tag-breaking-news","9":"tag-breakingnews","10":"tag-featured-news","11":"tag-featurednews","12":"tag-fi","13":"tag-finland","14":"tag-finnish","15":"tag-headlines","16":"tag-helsingin-sanomat","17":"tag-latest-news","18":"tag-latestnews","19":"tag-main-news","20":"tag-mainnews","21":"tag-news","22":"tag-otsikot","23":"tag-paauutiset","24":"tag-suomi","25":"tag-top-stories","26":"tag-topstories","27":"tag-uutiset"},"share_on_mastodon":{"url":"","error":""},"_links":{"self":[{"href":"https:\/\/www.europesays.com\/fi\/wp-json\/wp\/v2\/posts\/37691","targetHints":{"allow":["GET"]}}],"collection":[{"href":"https:\/\/www.europesays.com\/fi\/wp-json\/wp\/v2\/posts"}],"about":[{"href":"https:\/\/www.europesays.com\/fi\/wp-json\/wp\/v2\/types\/post"}],"author":[{"embeddable":true,"href":"https:\/\/www.europesays.com\/fi\/wp-json\/wp\/v2\/users\/2"}],"replies":[{"embeddable":true,"href":"https:\/\/www.europesays.com\/fi\/wp-json\/wp\/v2\/comments?post=37691"}],"version-history":[{"count":0,"href":"https:\/\/www.europesays.com\/fi\/wp-json\/wp\/v2\/posts\/37691\/revisions"}],"wp:featuredmedia":[{"embeddable":true,"href":"https:\/\/www.europesays.com\/fi\/wp-json\/wp\/v2\/media\/37692"}],"wp:attachment":[{"href":"https:\/\/www.europesays.com\/fi\/wp-json\/wp\/v2\/media?parent=37691"}],"wp:term":[{"taxonomy":"category","embeddable":true,"href":"https:\/\/www.europesays.com\/fi\/wp-json\/wp\/v2\/categories?post=37691"},{"taxonomy":"post_tag","embeddable":true,"href":"https:\/\/www.europesays.com\/fi\/wp-json\/wp\/v2\/tags?post=37691"}],"curies":[{"name":"wp","href":"https:\/\/api.w.org\/{rel}","templated":true}]}}