{"id":37711,"date":"2025-09-17T15:06:12","date_gmt":"2025-09-17T15:06:12","guid":{"rendered":"https:\/\/www.europesays.com\/fi\/37711\/"},"modified":"2025-09-17T15:06:12","modified_gmt":"2025-09-17T15:06:12","slug":"nokia-perustaa-kaksi-uutta-organisaatiota-johtaja-nishant-batra-jattaa-tehtavansa","status":"publish","type":"post","link":"https:\/\/www.europesays.com\/fi\/37711\/","title":{"rendered":"Nokia perustaa kaksi uutta organisaatiota, johtaja Nishant Batra j\u00e4tt\u00e4\u00e4 teht\u00e4v\u00e4ns\u00e4"},"content":{"rendered":"<p>Muutosten on m\u00e4\u00e4r\u00e4 tukea Nokian menestyst\u00e4 teko\u00e4lyn aikakaudella.<\/p>\n<p class=\"article-body mb-nof-24 px-nof-16\">Verkkolaitteita valmistava Nokia perustaa kaksi uutta organisaatiota. Ne ovat Teknologia ja teko\u00e4ly sek\u00e4 Strategia ja kehitys.<\/p>\n<p class=\"article-body mb-nof-24 px-nof-16\">Yhti\u00f6 kertoo tiedotteessaan, ett\u00e4 muutokset ovat osa sen tavoitetta vahvistaa teknologiainnovaatioita, tukea liiketoiminnan kehityst\u00e4 ja mahdollistaa parempi fokus teknologiaan, strategiaan ja yhti\u00f6n kehitykseen.<\/p>\n<p class=\"article-body mb-nof-24 px-nof-16\">\u2013\u2009Menesty\u00e4ksemme teko\u00e4lyn aikakaudella meid\u00e4n on keskitytt\u00e4v\u00e4 teknologioihin, joilla voimme erottautua kilpailijoistamme, vahvistettava kyberturva- ja teko\u00e4lyosaamistamme sek\u00e4 panostettava strategisiin kumppanuuksiin, Nokian toimitusjohtaja <a class=\"article-personlink\" href=\"https:\/\/www.is.fi\/haku\/?query=Justin%20Hotard\" rel=\"nofollow noopener\" target=\"_blank\">Justin Hotard<\/a> sanoo tiedotteessa.<\/p>\n<p class=\"article-body mb-nof-24 px-nof-16\">Teknologia ja teko\u00e4ly -organisaation tavoitteena on integroida teknologia- ja teko\u00e4lykehitys, kyberturvallisuus ja Nokia Bell Labsin osaaminen.<\/p>\n<p class=\"article-body mb-nof-24 px-nof-16\">Teknologia &#8211; ja teko\u00e4lyjohtajaksi Nokia on nimitt\u00e4nyt <a class=\"article-personlink\" href=\"https:\/\/www.is.fi\/haku\/?query=Pallavi%20Mahajanin\" rel=\"nofollow noopener\" target=\"_blank\">Pallavi Mahajanin<\/a>, joka on aiemmin johtanut siruvalmistaja Intelin datakeskus- ja teko\u00e4lyohjelmistoliiketoimintoja. Mahajan on Intian kansalainen.<\/p>\n<p class=\"article-body mb-nof-24 px-nof-16\">Strategia ja kehitys -organisaatio puolestaan vastaa Nokian kehityksest\u00e4, strategisten kumppanuuksien luomisesta, fuusioista ja yrityskaupoista, ja NGP Capitalin toiminnasta.<\/p>\n<p class=\"article-body mb-nof-24 px-nof-16\">Sen johtajana aloittaa <a class=\"article-personlink\" href=\"https:\/\/www.is.fi\/haku\/?query=Konstanty%20Owczarek\" rel=\"nofollow noopener\" target=\"_blank\">Konstanty Owczarek<\/a>. H\u00e4n on toiminut aiemmin johtoteht\u00e4viss\u00e4 Hewlett Packard Enterprisessa. Owczarek on Puolan ja Yhdysvaltojen kansalainen.<\/p>\n<p class=\"article-body mb-nof-24 px-nof-16\">Mahajanista ja Owczarekist\u00e4 tulee my\u00f6s Nokian johtoryhm\u00e4n j\u00e4seni\u00e4 lokakuun alusta alkaen.<\/p>\n<p class=\"article-body mb-nof-24 px-nof-16\"><a class=\"article-genericlink\" href=\"https:\/\/www.is.fi\/taloussanomat\/art-2000011023421.html\" rel=\"nofollow noopener\" target=\"_blank\">Hotard on ty\u00f6skennellyt<\/a> ennen Nokiaan siirtymist\u00e4\u00e4n sek\u00e4 Intelliss\u00e4 ett\u00e4 Hewlett Packard Enterprisess\u00e4.<\/p>\n<p class=\"article-body mb-nof-24 px-nof-16\">Nokian strategia- ja teknologiajohtaja <a class=\"article-personlink\" href=\"https:\/\/www.is.fi\/haku\/?query=Nishant%20Batra\" rel=\"nofollow noopener\" target=\"_blank\">Nishant Batra<\/a> on puolestaan p\u00e4\u00e4tt\u00e4nyt j\u00e4tt\u00e4\u00e4 teht\u00e4v\u00e4ns\u00e4 sek\u00e4 Nokian johtoryhm\u00e4n syyskuun lopussa. H\u00e4n johti yhti\u00f6n innovaatiostrategian toteutusta ja Nokia Bell Labsin muutosta.<\/p>\n","protected":false},"excerpt":{"rendered":"Muutosten on m\u00e4\u00e4r\u00e4 tukea Nokian menestyst\u00e4 teko\u00e4lyn aikakaudella. Verkkolaitteita valmistava Nokia perustaa kaksi uutta organisaatiota. Ne ovat Teknologia&hellip;\n","protected":false},"author":2,"featured_media":37712,"comment_status":"","ping_status":"","sticky":false,"template":"","format":"standard","meta":{"footnotes":""},"categories":[76],"tags":[79,77,33,31,30,34,32,78],"class_list":{"0":"post-37711","1":"post","2":"type-post","3":"status-publish","4":"format-standard","5":"has-post-thumbnail","7":"category-talous","8":"tag-business","9":"tag-economy","10":"tag-fi","11":"tag-finland","12":"tag-finnish","13":"tag-ilta-sanomat","14":"tag-suomi","15":"tag-talous"},"share_on_mastodon":{"url":"","error":""},"_links":{"self":[{"href":"https:\/\/www.europesays.com\/fi\/wp-json\/wp\/v2\/posts\/37711","targetHints":{"allow":["GET"]}}],"collection":[{"href":"https:\/\/www.europesays.com\/fi\/wp-json\/wp\/v2\/posts"}],"about":[{"href":"https:\/\/www.europesays.com\/fi\/wp-json\/wp\/v2\/types\/post"}],"author":[{"embeddable":true,"href":"https:\/\/www.europesays.com\/fi\/wp-json\/wp\/v2\/users\/2"}],"replies":[{"embeddable":true,"href":"https:\/\/www.europesays.com\/fi\/wp-json\/wp\/v2\/comments?post=37711"}],"version-history":[{"count":0,"href":"https:\/\/www.europesays.com\/fi\/wp-json\/wp\/v2\/posts\/37711\/revisions"}],"wp:featuredmedia":[{"embeddable":true,"href":"https:\/\/www.europesays.com\/fi\/wp-json\/wp\/v2\/media\/37712"}],"wp:attachment":[{"href":"https:\/\/www.europesays.com\/fi\/wp-json\/wp\/v2\/media?parent=37711"}],"wp:term":[{"taxonomy":"category","embeddable":true,"href":"https:\/\/www.europesays.com\/fi\/wp-json\/wp\/v2\/categories?post=37711"},{"taxonomy":"post_tag","embeddable":true,"href":"https:\/\/www.europesays.com\/fi\/wp-json\/wp\/v2\/tags?post=37711"}],"curies":[{"name":"wp","href":"https:\/\/api.w.org\/{rel}","templated":true}]}}