{"id":37715,"date":"2025-09-17T15:08:09","date_gmt":"2025-09-17T15:08:09","guid":{"rendered":"https:\/\/www.europesays.com\/fi\/37715\/"},"modified":"2025-09-17T15:08:09","modified_gmt":"2025-09-17T15:08:09","slug":"murtoaalto-gigantteihin-ja-powereihin-ilta-sanomat","status":"publish","type":"post","link":"https:\/\/www.europesays.com\/fi\/37715\/","title":{"rendered":"Murtoaalto Gigantteihin ja Powereihin &#8211; Ilta-Sanomat"},"content":{"rendered":"<p>Poliisi ei ole tavoittanut tekij\u00f6it\u00e4.<\/p>\n<p class=\"article-body mb-nof-24 px-nof-16\">Useisiin elektroniikkaliikkeisiin on murtauduttu viime aikoina eri puolilla Suomea. Murroissa toistuu yksi ja sama tekotapa.<\/p>\n<p class=\"article-body mb-nof-24 px-nof-16\">Sastamalan Powerin yritt\u00e4j\u00e4 <a class=\"article-personlink\" href=\"https:\/\/www.is.fi\/haku\/?query=Lassi%20Tuominen\" rel=\"nofollow noopener\" target=\"_blank\">Lassi Tuominen<\/a> kertoo, ett\u00e4 liikkeen tiloihin iskettiin peltisein\u00e4n l\u00e4pi sunnuntaina y\u00f6ll\u00e4 7. syyskuuta. Liikkeest\u00e4 vietiin l\u00e4hes kaikki puhelimet, tabletit ja merkitt\u00e4v\u00e4 m\u00e4\u00e4r\u00e4 tietokoneita.<\/p>\n<p class=\"article-body mb-nof-24 px-nof-16\">\u2013 Ei kymmeni\u00e4 puhelimia, vaan perkeleesti suoraan sanottuna.<\/p>\n<p class=\"article-body mb-nof-24 px-nof-16\">Tuomisen mukaan varkaat j\u00e4iv\u00e4t valvontakamerakuviin, mutta he olivat naamioituneet kommandopipoihin. Yritt\u00e4j\u00e4 kuvaa rikollisia ammattilaisiksi. H\u00e4nen mukaansa murtautujia oli kaksi: toinen lappoi s\u00e4kkiin tavaraa ja ojensi ulkona olleelle rikostoverille.<\/p>\n<p class=\"article-body mb-nof-24 px-nof-16\">\u2013 Suunniteltu etuk\u00e4teen. Tiesiv\u00e4t, mist\u00e4 tulla sis\u00e4lle. Aika r\u00f6yhke\u00e4\u00e4, Tuominen tuumii.<\/p>\n<p class=\"article-body mb-nof-24 px-nof-16\">\u2013 En olisi ikin\u00e4 uskonut. Ei miss\u00e4\u00e4n nimess\u00e4 mukavalta tunnu.<\/p>\n<p class=\"article-body mb-nof-24 px-nof-16\">Lohjalla varkaat tunkeutuivat Gigantin sein\u00e4n l\u00e4pi seuraavana y\u00f6n\u00e4 8. syyskuuta.<\/p>\n<p class=\"article-body mb-nof-24 px-nof-16\">\u2013 Ulkosein\u00e4 rikottiin peltisaksilla ja sit\u00e4 kautta tehtiin henkil\u00f6n ment\u00e4v\u00e4 aukko rakenteisiin ja p\u00e4\u00e4stiin sis\u00e4lle, kertoo L\u00e4nsi-Uudenmaan poliisilaitoksen rikoskomisario, tapauksen tutkinnanjohtaja <a class=\"article-personlink\" href=\"https:\/\/www.is.fi\/haku\/?query=Klaus%20Geiger\" rel=\"nofollow noopener\" target=\"_blank\">Klaus Geiger<\/a> IS:lle.<\/p>\n<p class=\"article-body mb-nof-24 px-nof-16\">Myym\u00e4l\u00e4n h\u00e4lytyksen lauettua poliisi oli vain minuuteissa paikalla, mutta varkaat eiv\u00e4t silti j\u00e4\u00e4neet satimeen. Poliisikoirat jahtasivat tekij\u00f6it\u00e4, jotka kuitenkin p\u00e4\u00e4siv\u00e4t luikkimaan karkuun. Koirat l\u00f6ysiv\u00e4t l\u00e4heisest\u00e4 mets\u00e4st\u00e4 ep\u00e4illyt tekov\u00e4lineet: peltisakset ja ruuvimeisselin.<\/p>\n<p class=\"article-body mb-nof-24 px-nof-16\">Sen verran kiire varkaille tuli, ett\u00e4 rikossaalis j\u00e4i myym\u00e4l\u00e4\u00e4n.<\/p>\n<p class=\"article-body mb-nof-24 px-nof-16\">\u2013 Rikoshy\u00f6ty olisi ollut l\u00e4hes 120\u202f000 euroa, p\u00e4\u00e4osin kalliita matkapuhelimia ja tabletteja. Ne oli pakattu kolmeen eritt\u00e4in suureen kassiin, jotka j\u00e4iv\u00e4t liikkeen sis\u00e4\u00e4n.<\/p>\n<p><img decoding=\"async\" src=\"https:\/\/www.europesays.com\/fi\/wp-content\/uploads\/2025\/09\/1758121689_554_468.jpg\" alt=\"Lohjan Gigantin murtoreik\u00e4 oli peitetty levyll\u00e4, kun IS vieraili paikalla muutama p\u00e4iv\u00e4 rikoksen j\u00e4lkeen. Poliisin mukaan reik\u00e4 tehtiin peltisaksilla.\" class=\"_Img_tdqg8_1\" style=\"aspect-ratio:1.5\" loading=\"eager\"\/><\/p>\n<p class=\"article-picture-caption\">Lohjan Gigantin murtoreik\u00e4 oli peitetty levyll\u00e4, kun IS vieraili paikalla muutama p\u00e4iv\u00e4 rikoksen j\u00e4lkeen. Poliisin mukaan reik\u00e4 tehtiin peltisaksilla. Kuva:\u00a0Pete Aarre-Ahtio \/ IS<\/p>\n<p class=\"article-body mb-nof-24 px-nof-16\">Geiger kertoo, ett\u00e4 vastaavia murtoja on tapahtunut my\u00f6s Raumalla ja Porvoossa. Rauman tapauksesta Lounais-Suomen poliisi tiedotti viime viikolla.<\/p>\n<p class=\"article-body mb-nof-24 px-nof-16\">\u2013 Poliisi sai ilmoituksen murrosta varhain lauantaiaamuna 13.9.2025. Paikalla selvisi, ett\u00e4 kodinkoneliikkeeseen oli p\u00e4\u00e4sty sis\u00e4lle ulkosein\u00e4n rakenteita rikkomalla. Tekij\u00e4t ovat teon j\u00e4lkeen poistuneet paikalta ja j\u00e4tt\u00e4neet j\u00e4lkeens\u00e4 osan anastetusta omaisuudesta, tiedotteessa kerrottiin.<\/p>\n<p class=\"article-body mb-nof-24 px-nof-16\">Liikkeest\u00e4 vietiin muun muassa k\u00e4teist\u00e4 rahaa ja pienelektroniikkaa. Tiedotteessa mainittiin liikkeen sijaitsevan Kairakadulla, jossa toimii Rauman Power.<\/p>\n<p><img decoding=\"async\" src=\"https:\/\/www.europesays.com\/fi\/wp-content\/uploads\/2025\/09\/1758121689_449_468.jpg\" alt=\"Rauman Powerista vietiin elektroniikkaa ja k\u00e4teist\u00e4 rahaa.\" class=\"_Img_tdqg8_1\" style=\"aspect-ratio:1.5\" loading=\"eager\"\/><\/p>\n<p class=\"article-picture-caption\">Rauman Powerista vietiin elektroniikkaa ja k\u00e4teist\u00e4 rahaa. Kuva:\u00a0Juhani Niiranen HS<\/p>\n<p class=\"article-body mb-nof-24 px-nof-16\">It\u00e4-Uudenmaan poliisilaitoksen rikoskomisario <a class=\"article-personlink\" href=\"https:\/\/www.is.fi\/haku\/?query=Rauno%20J%C3%A4ms%C3%A4\" rel=\"nofollow noopener\" target=\"_blank\">Rauno J\u00e4ms\u00e4<\/a> kertoo IS:lle s\u00e4hk\u00f6postitse, ett\u00e4 Porvoon Giganttiin murtauduttiin 12.\u201313.9. v\u00e4lisen\u00e4 y\u00f6n\u00e4 tekem\u00e4ll\u00e4 rakennuksen ulkosein\u00e4\u00e4n \u201dmiehenment\u00e4v\u00e4\u201d reik\u00e4.<\/p>\n<p class=\"article-body mb-nof-24 px-nof-16\">\u2013 Asianomistajan ilmoituksen mukaan liikkeest\u00e4 ei ole saatu tai onnistuttu anastamaan mit\u00e4\u00e4n, tutkinnanjohtaja J\u00e4ms\u00e4 kirjoittaa.<\/p>\n<p class=\"article-body mb-nof-24 px-nof-16\">Porvoonkaan tapauksessa, jota tutkitaan t\u00f6rke\u00e4n varkauden yrityksen\u00e4, kiinniottoja ei ole tehty.<\/p>\n<p class=\"article-body mb-nof-24 px-nof-16\">\u2013 Asian tutkinta jatkuu aktiivisena.<\/p>\n<p class=\"article-body mb-nof-24 px-nof-16\">IS ei ole tavoittanut Sis\u00e4-Suomen poliisilaitosta kommentoimaan Sastamalan murtoa. Kaupungissa toimii Powerin myym\u00e4l\u00e4.<\/p>\n<p><img decoding=\"async\" src=\"https:\/\/www.europesays.com\/fi\/wp-content\/uploads\/2025\/09\/1758121689_420_468.jpg\" alt=\"Lohjan ja Porvoon Gigantteihin murtauduttiin samalla viikolla samanlaisella tekotavalla.\" class=\"_Img_tdqg8_1\" style=\"aspect-ratio:1.5\" loading=\"eager\"\/><\/p>\n<p class=\"article-picture-caption\">Lohjan ja Porvoon Gigantteihin murtauduttiin samalla viikolla samanlaisella tekotavalla. Kuva:\u00a0Aleksi Jalava \/ IS<\/p>\n<p class=\"article-body mb-nof-24 px-nof-16\">Geigerin mukaan osa murtotapauksista on tapahtunut niin samanaikaisesti, ett\u00e4 kaikilla paikoilla ei ole voinut ollut samat varkaat. Porvoon ja Rauman liikkeisiin on tunkeuduttu tuntien sis\u00e4ll\u00e4. Ajomatkaa paikkakuntien v\u00e4lill\u00e4 on kolmisen tuntia.<\/p>\n<p class=\"article-body mb-nof-24 px-nof-16\">\u2013 Vaikuttaisi silt\u00e4, ett\u00e4 taustalla on ollut ainakin kaksi eri tekij\u00e4ryhm\u00e4\u00e4, Geiger kertoo.<\/p>\n<p class=\"article-body mb-nof-24 px-nof-16\">Poliisi jatkaa tekij\u00f6iden selvitt\u00e4mist\u00e4. Geigerin mukaan poliisilaitokset tekev\u00e4t tutkinnassa yhteisty\u00f6t\u00e4.<\/p>\n<p class=\"article-body mb-nof-24 px-nof-16\">\u2013 Sinnikk\u00e4\u00e4sti ja ponnekkaasti tehd\u00e4\u00e4n hommia, ett\u00e4 saadaan tekij\u00e4t kiinni ja selville.<\/p>\n","protected":false},"excerpt":{"rendered":"Poliisi ei ole tavoittanut tekij\u00f6it\u00e4. Useisiin elektroniikkaliikkeisiin on murtauduttu viime aikoina eri puolilla Suomea. Murroissa toistuu yksi ja&hellip;\n","protected":false},"author":2,"featured_media":37716,"comment_status":"","ping_status":"","sticky":false,"template":"","format":"standard","meta":{"footnotes":""},"categories":[12],"tags":[22,23,26,27,33,31,30,17,34,24,25,28,29,15,18,21,32,19,20,16],"class_list":{"0":"post-37715","1":"post","2":"type-post","3":"status-publish","4":"format-standard","5":"has-post-thumbnail","7":"category-suomi","8":"tag-breaking-news","9":"tag-breakingnews","10":"tag-featured-news","11":"tag-featurednews","12":"tag-fi","13":"tag-finland","14":"tag-finnish","15":"tag-headlines","16":"tag-ilta-sanomat","17":"tag-latest-news","18":"tag-latestnews","19":"tag-main-news","20":"tag-mainnews","21":"tag-news","22":"tag-otsikot","23":"tag-paauutiset","24":"tag-suomi","25":"tag-top-stories","26":"tag-topstories","27":"tag-uutiset"},"share_on_mastodon":{"url":"","error":""},"_links":{"self":[{"href":"https:\/\/www.europesays.com\/fi\/wp-json\/wp\/v2\/posts\/37715","targetHints":{"allow":["GET"]}}],"collection":[{"href":"https:\/\/www.europesays.com\/fi\/wp-json\/wp\/v2\/posts"}],"about":[{"href":"https:\/\/www.europesays.com\/fi\/wp-json\/wp\/v2\/types\/post"}],"author":[{"embeddable":true,"href":"https:\/\/www.europesays.com\/fi\/wp-json\/wp\/v2\/users\/2"}],"replies":[{"embeddable":true,"href":"https:\/\/www.europesays.com\/fi\/wp-json\/wp\/v2\/comments?post=37715"}],"version-history":[{"count":0,"href":"https:\/\/www.europesays.com\/fi\/wp-json\/wp\/v2\/posts\/37715\/revisions"}],"wp:featuredmedia":[{"embeddable":true,"href":"https:\/\/www.europesays.com\/fi\/wp-json\/wp\/v2\/media\/37716"}],"wp:attachment":[{"href":"https:\/\/www.europesays.com\/fi\/wp-json\/wp\/v2\/media?parent=37715"}],"wp:term":[{"taxonomy":"category","embeddable":true,"href":"https:\/\/www.europesays.com\/fi\/wp-json\/wp\/v2\/categories?post=37715"},{"taxonomy":"post_tag","embeddable":true,"href":"https:\/\/www.europesays.com\/fi\/wp-json\/wp\/v2\/tags?post=37715"}],"curies":[{"name":"wp","href":"https:\/\/api.w.org\/{rel}","templated":true}]}}