{"id":37717,"date":"2025-09-17T15:09:10","date_gmt":"2025-09-17T15:09:10","guid":{"rendered":"https:\/\/www.europesays.com\/fi\/37717\/"},"modified":"2025-09-17T15:09:10","modified_gmt":"2025-09-17T15:09:10","slug":"pakkasta-ja-lunta-suomeen","status":"publish","type":"post","link":"https:\/\/www.europesays.com\/fi\/37717\/","title":{"rendered":"Pakkasta ja lunta Suomeen"},"content":{"rendered":"<p>Lauantai ja ensi viikon alku ovat otollisia runsaille sateille.<\/p>\n<p><img decoding=\"async\" class=\"image image-show image-preview\" src=\"https:\/\/www.europesays.com\/fi\/wp-content\/uploads\/2025\/09\/9300b9658c65475362eb32fa7af5f07995b18dc0dcc9c4f96342e80459fbfadc.jpg\" alt=\"\"\/><img decoding=\"async\" class=\"image image-show\" src=\"https:\/\/www.europesays.com\/fi\/wp-content\/uploads\/2025\/09\/1758121748_601_9300b9658c65475362eb32fa7af5f07995b18dc0dcc9c4f96342e80459fbfadc.jpg\" alt=\"\"\/><\/p>\n<p>L\u00e4hip\u00e4ivien sadem\u00e4\u00e4r\u00e4t ovat paikoin jopa 10\u201320 millimetri\u00e4. Inka Soveri<\/p>\n<p class=\"paragraph\">Y\u00f6pakkasta ja jopa lunta on luvassa Suomeen t\u00e4ll\u00e4 ja ensi viikolla, kerrotaan <a href=\"https:\/\/www.foreca.fi\/meteorologilta\/chfc2zks\" target=\"_blank\" rel=\"noopener nofollow\">Forecan s\u00e4\u00e4blogissa<\/a>.<\/p>\n<p class=\"paragraph\">\u2013 Viikonloppuna K\u00e4sivarren Lapissa voi jo tulla v\u00e4h\u00e4n r\u00e4nt\u00e4\u00e4 tai lunta, ensi viikolla paikoitellen muuallakin Lapissa. T\u00e4m\u00e4n hetken ennusteen mukaan maahan lunta ei kuitenkaan juurikaan j\u00e4isi paitsi ehk\u00e4 K\u00e4sivarren Lapissa, miss\u00e4 mahdollisesti tuntureiden huiput voivat j\u00e4\u00e4d\u00e4 valkoisiksi, Forecan meteorologi <strong>Sara Salonen<\/strong> kertoo s\u00e4\u00e4blogissa.<\/p>\n<p class=\"paragraph\">L\u00e4hip\u00e4ivien sadem\u00e4\u00e4r\u00e4t ovat paikoin jopa 10\u201320 millimetri\u00e4, mutta sadem\u00e4\u00e4riss\u00e4 on isoja eroja. Sadealueet ovat viel\u00e4 vaihdelleet s\u00e4\u00e4ennusteissa.<\/p>\n<p class=\"paragraph\">Lauantai ja ensi viikon alku ovat otollisia runsaille sateille.<\/p>\n<p class=\"paragraph\">Torstain y\u00f6l\u00e4mp\u00f6tilat ovat suuressa osassa maata 10 asteen molemmin puolin. Hallaa voi esiinty\u00e4 paikoin pohjoisessa selkeill\u00e4 alueilla.<\/p>\n<p class=\"paragraph\">Maan etel\u00e4- ja keskiosassa voi my\u00f6s ukkostaa. S\u00e4\u00e4 voi Salosen mukaan p\u00e4iv\u00e4n mittaan muuttua poutaisemmaksi l\u00e4nnest\u00e4 alkaen, vaikka siell\u00e4kin esiintyy paikoin sateita.<\/p>\n<p class=\"paragraph\">Torstaina l\u00e4mp\u00f6\u00e4 on maan etel\u00e4- ja keskiosassa 13\u201317 astetta, pohjoisessa enimm\u00e4kseen 10\u201315 astetta ja Pohjois-Lapissa alle 10 astetta.<\/p>\n<p>Ensimm\u00e4iset y\u00f6pakkaset<\/p>\n<p class=\"paragraph\">Perjantain vastaisena y\u00f6n\u00e4 suuressa osassa maata on mahdollisuus kuurosateille. Poikkeuksena on Pohjanmaalta Keski-Lappiin ulottuva alue, jonne ennustetaan poutaa ja paikoin selke\u00e4\u00e4 s\u00e4\u00e4t\u00e4.<\/p>\n<p class=\"paragraph\">Y\u00f6l\u00e4mp\u00f6tilat ovat pilvisill\u00e4 alueilla 10 asteen tuntumassa.<\/p>\n<p class=\"paragraph\">\u2013 Selkeill\u00e4 alueilla Pohjanmaalta Keski-Lappiin y\u00f6l\u00e4mp\u00f6tila voi laskea reilummin \u2013 hallaa on yleisesti ja paikoin voidaan k\u00e4yd\u00e4 y\u00f6pakkasen puolella, Salonen sanoo s\u00e4\u00e4blogissa.<\/p>\n<p class=\"paragraph\">Tuuli k\u00e4\u00e4ntyy luoteiseksi torstain ja perjantain v\u00e4lill\u00e4.<\/p>\n<p class=\"paragraph\">\u2013 Aika paljon viile\u00e4mp\u00e4\u00e4 ilmaa virtaa Pohjois-Suomeen. Lapissa l\u00e4mp\u00f6tilat laskevat perjantaina jo yleisemmin 10 asteen vaiheille tai alle. Maan etel\u00e4- ja keskiosassa on perjantaina edelleen 13\u201317 astetta.<\/p>\n<p>\u201dVoi tuntua aika hyyt\u00e4v\u00e4lt\u00e4\u201d<\/p>\n<p class=\"paragraph\">Lauantaiy\u00f6n\u00e4 Pohjois-Suomen selkeill\u00e4 alueilla saattaa olla Salosen mukaan muutama pakkasaste.<\/p>\n<p class=\"paragraph\">Lauantain p\u00e4iv\u00e4l\u00e4mp\u00f6tilat riippuvat matalapaineen reitist\u00e4. Etel\u00e4ss\u00e4 voi parhaimmillaan sateen j\u00e4lkeen olla olla 15\u201318 astetta.<\/p>\n<p class=\"paragraph\">Sunnuntain p\u00e4iv\u00e4l\u00e4mp\u00f6tilat ovat maan etel\u00e4- ja keskiosassa 12\u201317 asteen v\u00e4lill\u00e4, pohjoisessa maata 5\u201310 astetta ja K\u00e4sivarren Lapissa jopa alle 5 astetta.<\/p>\n<p class=\"paragraph\">Maanantaille ennustetaan lis\u00e4\u00e4 sateita, mutta matalapaineen alue v\u00e4istyy sittemmin. S\u00e4\u00e4 viilenee ainakin ensi viikon puoliv\u00e4liin asti.<\/p>\n<p class=\"paragraph\">\u2013 Etel\u00e4ss\u00e4kin p\u00e4iv\u00e4l\u00e4mp\u00f6tilat j\u00e4\u00e4v\u00e4t ensi viikon puoliv\u00e4lin vaiheilla 10 asteen tienoille, Lapissa ollaan 5 asteen molemmin puolin. Reipas luoteistuuli p\u00e4\u00e4lle, niin voi tuntua aika hyyt\u00e4v\u00e4lt\u00e4, Forecan Salonen toteaa s\u00e4\u00e4blogissa.<\/p>\n<p class=\"paragraph\">Lumi- ja r\u00e4nt\u00e4sateet ovat mahdollisia paikoin eri puolilla Lappia ensi viikon alkupuolella.<\/p>\n<p class=\"paragraph\">\u2013 Mahdollisesti kaikkein kylmin s\u00e4\u00e4 hellitt\u00e4\u00e4 ensi viikon loppupuolella, mutta s\u00e4\u00e4 ei kuitenkaan muutu kes\u00e4iseksi uudestaan, Salonen sanoo s\u00e4\u00e4blogissa.<\/p>\n<p><a href=\"https:\/\/www.iltalehti.fi\/parassaa?storeCampaign=ArticleBottomBanner\" rel=\"nofollow noopener\" target=\"_blank\"><img decoding=\"async\" src=\"https:\/\/www.europesays.com\/fi\/wp-content\/uploads\/2025\/08\/d0fd7860228df4fdd5fd0367e49d769aa09b08189080ddc5ccdd8c31ad63aca9.png\" alt=\"IL Paras S\u00e4\u00e4 - S\u00e4\u00e4tiedot ja s\u00e4\u00e4ennusteet\"\/><\/a><\/p>\n","protected":false},"excerpt":{"rendered":"Lauantai ja ensi viikon alku ovat otollisia runsaille sateille. L\u00e4hip\u00e4ivien sadem\u00e4\u00e4r\u00e4t ovat paikoin jopa 10\u201320 millimetri\u00e4. Inka Soveri&hellip;\n","protected":false},"author":2,"featured_media":37718,"comment_status":"","ping_status":"","sticky":false,"template":"","format":"standard","meta":{"footnotes":""},"categories":[5],"tags":[35,22,23,26,27,33,31,30,17,713,24,25,28,29,715,15,18,21,710,714,32,4107,19,20,16],"class_list":{"0":"post-37717","1":"post","2":"type-post","3":"status-publish","4":"format-standard","5":"has-post-thumbnail","7":"category-otsikot","8":"tag-24h","9":"tag-breaking-news","10":"tag-breakingnews","11":"tag-featured-news","12":"tag-featurednews","13":"tag-fi","14":"tag-finland","15":"tag-finnish","16":"tag-headlines","17":"tag-lampotila-saa","18":"tag-latest-news","19":"tag-latestnews","20":"tag-main-news","21":"tag-mainnews","22":"tag-meteorologia","23":"tag-news","24":"tag-otsikot","25":"tag-paauutiset","26":"tag-saa","27":"tag-saaennustus","28":"tag-suomi","29":"tag-tiedotukset-saa","30":"tag-top-stories","31":"tag-topstories","32":"tag-uutiset"},"share_on_mastodon":{"url":"","error":""},"_links":{"self":[{"href":"https:\/\/www.europesays.com\/fi\/wp-json\/wp\/v2\/posts\/37717","targetHints":{"allow":["GET"]}}],"collection":[{"href":"https:\/\/www.europesays.com\/fi\/wp-json\/wp\/v2\/posts"}],"about":[{"href":"https:\/\/www.europesays.com\/fi\/wp-json\/wp\/v2\/types\/post"}],"author":[{"embeddable":true,"href":"https:\/\/www.europesays.com\/fi\/wp-json\/wp\/v2\/users\/2"}],"replies":[{"embeddable":true,"href":"https:\/\/www.europesays.com\/fi\/wp-json\/wp\/v2\/comments?post=37717"}],"version-history":[{"count":0,"href":"https:\/\/www.europesays.com\/fi\/wp-json\/wp\/v2\/posts\/37717\/revisions"}],"wp:featuredmedia":[{"embeddable":true,"href":"https:\/\/www.europesays.com\/fi\/wp-json\/wp\/v2\/media\/37718"}],"wp:attachment":[{"href":"https:\/\/www.europesays.com\/fi\/wp-json\/wp\/v2\/media?parent=37717"}],"wp:term":[{"taxonomy":"category","embeddable":true,"href":"https:\/\/www.europesays.com\/fi\/wp-json\/wp\/v2\/categories?post=37717"},{"taxonomy":"post_tag","embeddable":true,"href":"https:\/\/www.europesays.com\/fi\/wp-json\/wp\/v2\/tags?post=37717"}],"curies":[{"name":"wp","href":"https:\/\/api.w.org\/{rel}","templated":true}]}}