{"id":37777,"date":"2025-09-17T16:26:08","date_gmt":"2025-09-17T16:26:08","guid":{"rendered":"https:\/\/www.europesays.com\/fi\/37777\/"},"modified":"2025-09-17T16:26:08","modified_gmt":"2025-09-17T16:26:08","slug":"napistyksesta-epailty-pakeni-ojaa-ja-puita-pitkin-jai-kiinni","status":"publish","type":"post","link":"https:\/\/www.europesays.com\/fi\/37777\/","title":{"rendered":"N\u00e4pistyksest\u00e4 ep\u00e4ilty pakeni ojaa ja puita pitkin \u2013 j\u00e4i kiinni"},"content":{"rendered":"<p>N\u00e4pist\u00e4j\u00e4n vauhdikas pako p\u00e4\u00e4ttyi m\u00e4rk\u00e4\u00e4n pudotukseen.<\/p>\n<p class=\"article-body mb-nof-24 px-nof-16\">L\u00e4nsi-Uudenmaan poliisi kohtasi tiistaina yll\u00e4tt\u00e4v\u00e4n tilanteen, kun n\u00e4pistyksest\u00e4 myym\u00e4l\u00e4ss\u00e4 ep\u00e4ilty mies l\u00e4hti pakomatkalle.<\/p>\n<p class=\"article-body mb-nof-24 px-nof-16\">Tiedotteessaan poliisi kuvailee noin kello 14 iltap\u00e4iv\u00e4ll\u00e4 tapahtuneen pakomatkan tyyli\u00e4 yll\u00e4tt\u00e4v\u00e4ksi.<\/p>\n<p class=\"article-body mb-nof-24 px-nof-16\">Espoossa myym\u00e4l\u00e4ss\u00e4 n\u00e4pistellyt mies oli l\u00e4htenyt jalan pakoon. Paikalle l\u00e4htenyt poliisipartio havaitsi ep\u00e4illyn juoksevan tapahtumapaikan l\u00e4heisyydess\u00e4.<\/p>\n<p class=\"article-body mb-nof-24 px-nof-16\">Mies ei totellut poliisin k\u00e4skyj\u00e4 vaan pakeni vetiseen ojaan, jossa h\u00e4n v\u00e4lill\u00e4 kulki kaulaa my\u00f6ten.<\/p>\n<p class=\"article-body mb-nof-24 px-nof-16\">Lopulta mies kapusi puun latvaan noin seitsem\u00e4n metrin korkeuteen. Poliisi pyrki saamaan h\u00e4net alas puusta neuvottelemalla, mutta tulokset j\u00e4iv\u00e4t laihoiksi.<\/p>\n<p class=\"article-body mb-nof-24 px-nof-16\">Lopulta paikalle saapui pelastuslaitoksen yksikk\u00f6, mink\u00e4 seurauksena ep\u00e4ilty l\u00e4hti liikkumaan puusta puuhun.<\/p>\n<p class=\"article-body mb-nof-24 px-nof-16\">Tilanne p\u00e4\u00e4ttyi, kun er\u00e4\u00e4n puun latva katkesi ja mies putosi alla olevaan veteen. Noin 35-vuotias ep\u00e4ilty s\u00e4\u00e4styi vammoilta.<\/p>\n<p class=\"article-body mb-nof-24 px-nof-16\">Poliisi otti miehen kiinni. Anastetut tuotteet palautettiin myyj\u00e4lle myyntikelvottomina.<\/p>\n","protected":false},"excerpt":{"rendered":"N\u00e4pist\u00e4j\u00e4n vauhdikas pako p\u00e4\u00e4ttyi m\u00e4rk\u00e4\u00e4n pudotukseen. L\u00e4nsi-Uudenmaan poliisi kohtasi tiistaina yll\u00e4tt\u00e4v\u00e4n tilanteen, kun n\u00e4pistyksest\u00e4 myym\u00e4l\u00e4ss\u00e4 ep\u00e4ilty mies l\u00e4hti&hellip;\n","protected":false},"author":2,"featured_media":37778,"comment_status":"","ping_status":"","sticky":false,"template":"","format":"standard","meta":{"footnotes":""},"categories":[12],"tags":[22,23,26,27,33,31,30,17,34,24,25,28,29,15,18,21,32,19,20,16],"class_list":{"0":"post-37777","1":"post","2":"type-post","3":"status-publish","4":"format-standard","5":"has-post-thumbnail","7":"category-suomi","8":"tag-breaking-news","9":"tag-breakingnews","10":"tag-featured-news","11":"tag-featurednews","12":"tag-fi","13":"tag-finland","14":"tag-finnish","15":"tag-headlines","16":"tag-ilta-sanomat","17":"tag-latest-news","18":"tag-latestnews","19":"tag-main-news","20":"tag-mainnews","21":"tag-news","22":"tag-otsikot","23":"tag-paauutiset","24":"tag-suomi","25":"tag-top-stories","26":"tag-topstories","27":"tag-uutiset"},"share_on_mastodon":{"url":"","error":""},"_links":{"self":[{"href":"https:\/\/www.europesays.com\/fi\/wp-json\/wp\/v2\/posts\/37777","targetHints":{"allow":["GET"]}}],"collection":[{"href":"https:\/\/www.europesays.com\/fi\/wp-json\/wp\/v2\/posts"}],"about":[{"href":"https:\/\/www.europesays.com\/fi\/wp-json\/wp\/v2\/types\/post"}],"author":[{"embeddable":true,"href":"https:\/\/www.europesays.com\/fi\/wp-json\/wp\/v2\/users\/2"}],"replies":[{"embeddable":true,"href":"https:\/\/www.europesays.com\/fi\/wp-json\/wp\/v2\/comments?post=37777"}],"version-history":[{"count":0,"href":"https:\/\/www.europesays.com\/fi\/wp-json\/wp\/v2\/posts\/37777\/revisions"}],"wp:featuredmedia":[{"embeddable":true,"href":"https:\/\/www.europesays.com\/fi\/wp-json\/wp\/v2\/media\/37778"}],"wp:attachment":[{"href":"https:\/\/www.europesays.com\/fi\/wp-json\/wp\/v2\/media?parent=37777"}],"wp:term":[{"taxonomy":"category","embeddable":true,"href":"https:\/\/www.europesays.com\/fi\/wp-json\/wp\/v2\/categories?post=37777"},{"taxonomy":"post_tag","embeddable":true,"href":"https:\/\/www.europesays.com\/fi\/wp-json\/wp\/v2\/tags?post=37777"}],"curies":[{"name":"wp","href":"https:\/\/api.w.org\/{rel}","templated":true}]}}