{"id":37903,"date":"2025-09-17T19:27:09","date_gmt":"2025-09-17T19:27:09","guid":{"rendered":"https:\/\/www.europesays.com\/fi\/37903\/"},"modified":"2025-09-17T19:27:09","modified_gmt":"2025-09-17T19:27:09","slug":"robotit-tuhoavat-kokonaisia-asuinkortteleita-gazan-kaupungin-asukkaat-kertovat-hslle","status":"publish","type":"post","link":"https:\/\/www.europesays.com\/fi\/37903\/","title":{"rendered":"\u201dRobotit\u201d tuhoavat kokonaisia asuinkortteleita, Gazan kaupungin asukkaat kertovat HS:lle"},"content":{"rendered":"<p>Israelin maaoperaatio|My\u00f6s israelilaismediat ovat raportoineet Israelin uudesta sodan\u00adk\u00e4ynnin metodista: asevoimat t\u00e4ytt\u00e4v\u00e4t vanhoja miehist\u00f6n\u00adkuljetus\u00advaunuja r\u00e4j\u00e4hteill\u00e4, robotit viev\u00e4t vaunut Gazaan, ja ne r\u00e4j\u00e4ytet\u00e4\u00e4n et\u00e4n\u00e4.<\/p>\n<p>Lue tiivistelm\u00e4<\/p>\n<p>Tiivistelm\u00e4 on teko\u00e4lyn tekem\u00e4 ja ihmisen tarkistama.<\/p>\n<p class=\"article-body mb-nof-24 px-nof-16 sndp-summary-bullet-point-font\">Israelin maahy\u00f6kk\u00e4ys Gazan kaupungin miehitt\u00e4miseksi alkoi tiistaina.<\/p>\n<p class=\"article-body mb-nof-24 px-nof-16 sndp-summary-bullet-point-font\">Gazan kaupungin asukkaat kertovat Helsingin Sanomille Israelin asevoimien k\u00e4ytt\u00e4v\u00e4n robotteja asuinkortteleiden tuhoamiseen.<\/p>\n<p class=\"article-body mb-nof-24 px-nof-16 sndp-summary-bullet-point-font\">Kaupungin asukkaita on kehotettu evakuoitumaan Gazan etel\u00e4osaan, mutta kaupungissa on yh\u00e4 satoja tuhansia ihmisi\u00e4.<\/p>\n<p class=\"article-body mb-nof-24 px-nof-16 sndp-summary-bullet-point-font\">Paikalliset kertovat HS:lle, miksi he j\u00e4iv\u00e4t Gazan kaupunkiin.<\/p>\n<p class=\"article-body mb-nof-24 px-nof-16\">\u201dMe emme n\u00e4e heit\u00e4, mutta voimme kuulla heid\u00e4n l\u00e4sn\u00e4olonsa lakkaamatta ymp\u00e4ri vuorokauden\u201d, <a class=\"article-personlink\" href=\"https:\/\/www.hs.fi\/haku\/?query=Doaa%20Walled%20Abu%20Assi\" rel=\"nofollow noopener\" target=\"_blank\">Doaa Walled Abu Assi<\/a> kertoo HS:lle puhelimitse Gazan kaupungista.<\/p>\n<p class=\"article-body mb-nof-24 px-nof-16\">Israelin asevoimien tulitus on jatkuvaa, samoin kuin Apache-taistelu\u00adheli\u00adkoptereiden s\u00e4ks\u00e4tys, Assi kertoo.<\/p>\n<p class=\"article-body mb-nof-24 px-nof-16\">Keskiviikon uhriluku oli noussut iltaan menness\u00e4 viiteen\u00adkymmeneen. Edellisen 48 tunnin aikana Israel oli tehnyt yli 150 ilmaiskua Gazaan.<\/p>\n<p class=\"article-body mb-nof-24 px-nof-16\">Assi asuu perheens\u00e4 kanssa Gazan kaupungin keskiosassa. Tulevina kuukausina taistelujen odotetaan vain kiihtyv\u00e4n. Israelin tavoitteena on ottaa Gazan kaupunki kokonaan haltuunsa. Kuinka pitk\u00e4ksi aikaa, sit\u00e4 ei tied\u00e4 kukaan. Kaupungin asukkaita on kehotettu evakuoitumaan Gazan etel\u00e4osaan.<\/p>\n<p class=\"article-body mb-nof-24 px-nof-16\">29-vuotias Assi on p\u00e4\u00e4tt\u00e4nyt j\u00e4\u00e4d\u00e4 kotiinsa. Ei ole muutakaan turvallista paikkaa minne menn\u00e4, h\u00e4n sanoo.<\/p>\n<p><img decoding=\"async\" src=\"https:\/\/www.europesays.com\/fi\/wp-content\/uploads\/2025\/09\/1758137228_455_468.jpg\" alt=\"29-vuotias Doaa Walled Abu Assi asuu perheens\u00e4 kanssa Gazan kaupungissa.\" class=\"_Img_tdqg8_1\" style=\"aspect-ratio:0.565625\" loading=\"eager\"\/><\/p>\n<p class=\"article-picture-caption\">29-vuotias Doaa Walled Abu Assi asuu perheens\u00e4 kanssa Gazan kaupungissa. Kuva:\u00a0Doaa Walled Abu Assin Instagram-tili<\/p>\n<p class=\"article-body mb-nof-24 px-nof-16\">Assi kertoo kuulleensa kaupungin kaduilla kiert\u00e4vist\u00e4 roboteista, jotka voivat tuhota kokonaisia asuin\u00adkortteleita.<\/p>\n<p class=\"article-body mb-nof-24 px-nof-16\">Samasta on kuullut my\u00f6s Gazan kaupungin l\u00e4nsiosassa l\u00e4hell\u00e4 merenrantaa perheens\u00e4 kanssa asuva <a class=\"article-personlink\" href=\"https:\/\/www.hs.fi\/haku\/?query=Sameh%20Saftawi\" rel=\"nofollow noopener\" target=\"_blank\">Sameh Saftawi<\/a>.<\/p>\n<p class=\"article-body mb-nof-24 px-nof-16\">\u201dEn usko, ett\u00e4 toivoa en\u00e4\u00e4 on. He k\u00e4ytt\u00e4v\u00e4t robotteja tuhotakseen kokonaisia kortteleita. Eroa ei tehd\u00e4 lapsen tai aikuisen, siviilin tai taistelijan v\u00e4lill\u00e4\u201d, Saftawi kirjoittaa teksti\u00adviestiss\u00e4\u00e4n HS:lle.<\/p>\n<p class=\"article-body mb-nof-24 px-nof-16\">Roboteilla he saattavat viittaavat Israelin asevoimien uuteen sodank\u00e4ynnin metodiin, josta ovat raportoineet ainakin israelilais\u00admediat <a class=\"article-genericlink\" href=\"https:\/\/www.jpost.com\/defense-and-tech\/article-866041\" rel=\"nofollow noopener\" target=\"_blank\">The Jerusalem Post<\/a> ja <a class=\"article-genericlink\" href=\"https:\/\/news.walla.co.il\/item\/3781423\" rel=\"nofollow noopener\" target=\"_blank\">Walla<\/a>.<\/p>\n<p class=\"article-body mb-nof-24 px-nof-16\">Lehtien mukaan Israelin asevoimat on ottanut vanhat miehist\u00f6n\u00adkuljetus\u00advaunut k\u00e4ytt\u00f6\u00f6ns\u00e4 t\u00e4ytt\u00e4m\u00e4ll\u00e4 ne r\u00e4j\u00e4hteill\u00e4. T\u00e4m\u00e4n j\u00e4lkeen robotit ovat vieneet he haluttuun paikkaan Gazassa. Vaunut on r\u00e4j\u00e4ytetty et\u00e4n\u00e4.<\/p>\n<p><img decoding=\"async\" src=\"https:\/\/www.europesays.com\/fi\/wp-content\/uploads\/2025\/09\/1758137228_103_468.jpg\" alt=\"Sameh Saftawi jonotti vett\u00e4 telttaleiriss\u00e4 Etel\u00e4-Gazassa viime vuoden maaliskuussa.\" class=\"_Img_tdqg8_1\" style=\"aspect-ratio:0.6666666666666666\" loading=\"eager\"\/><\/p>\n<p class=\"article-picture-caption\">Sameh Saftawi jonotti vett\u00e4 telttaleiriss\u00e4 Etel\u00e4-Gazassa viime vuoden maaliskuussa. Kuva:\u00a0Sameh Saftawin kokoelma<\/p>\n<p class=\"article-body mb-nof-24 px-nof-16\">Saftawin perhe on sodan aikana el\u00e4nyt jo yli vuoden teltassa. Tulitauon aikana tammikuussa he p\u00e4\u00e4siv\u00e4t <a class=\"article-genericlink\" href=\"https:\/\/www.hs.fi\/maailma\/art-2000010995886.html\" rel=\"nofollow noopener\" target=\"_blank\">palaamaan <\/a>kotiinsa. En\u00e4\u00e4 he eiv\u00e4t suostu l\u00e4htem\u00e4\u00e4n. Ep\u00e4toivo on vallannut Saftawin mielen.<\/p>\n<p class=\"article-body mb-nof-24 px-nof-16\">\u201dUskon, ett\u00e4 loppu on l\u00e4hell\u00e4\u201d, h\u00e4n kirjoittaa.<\/p>\n<p class=\"article-body mb-nof-24 px-nof-16\">Israelin maahy\u00f6kk\u00e4ys Gazan kaupunkiin on tuomittu laajasti.<\/p>\n<p class=\"article-body mb-nof-24 px-nof-16\">\u201dKansainv\u00e4linen yhteis\u00f6 ja itse asiassa me ihmisin\u00e4 olemme ep\u00e4onnistuneet t\u00e4m\u00e4n tilanteen hallitsemisessa ja torjumisessa\u201d, tasavallan presidentti <a class=\"article-personlink\" href=\"https:\/\/www.hs.fi\/haku\/?query=Alexander%20Stubb\" rel=\"nofollow noopener\" target=\"_blank\">Alexander Stubb<\/a> sanoi tiistaina.<\/p>\n<p class=\"article-body mb-nof-24 px-nof-16\">Keskiviikkona Gazan kaupunkiin tiputettiin lentolehtisi\u00e4, joissa kerrottiin asevoimien avanneen siviileille uuden evakuointi\u00adreitin kohti etel\u00e4\u00e4. Reitti on auki perjantaihin puoleen\u00adp\u00e4iv\u00e4\u00e4n asti.<\/p>\n<p class=\"article-body mb-nof-24 px-nof-16\">Israelin mukaan tiistaihin menness\u00e4 vajaa puolet kaupungin asukkaista olisi paennut kaupungista.<\/p>\n<p class=\"article-body mb-nof-24 px-nof-16\">J\u00e4ljell\u00e4 on yh\u00e4 satojatuhansia ihmisi\u00e4. Monilla syyt j\u00e4\u00e4miseen ovat samat kuin Assilla. Ei ole turvallista paikkaa, minne menn\u00e4. Osa pelk\u00e4\u00e4, ett\u00e4 he eiv\u00e4t ikin\u00e4 en\u00e4\u00e4 p\u00e4\u00e4se takaisin koteihinsa, jos l\u00e4htev\u00e4t.<\/p>\n<p class=\"article-body mb-nof-24 px-nof-16\">Osa sanoo haluavansa mieluummin kuolla kotonaan.<\/p>\n<p><img decoding=\"async\" src=\"https:\/\/www.europesays.com\/fi\/wp-content\/uploads\/2025\/09\/1758137228_332_468.jpg\" alt=\"Gazassa on kuollut sodan aikana ainakin 65\u202f000 ihmist\u00e4. Suurin osa heist\u00e4 on siviilej\u00e4.\" class=\"_Img_tdqg8_1\" style=\"aspect-ratio:1.5011727912431587\" loading=\"eager\"\/><\/p>\n<p class=\"article-picture-caption\">Gazassa on kuollut sodan aikana ainakin 65\u202f000 ihmist\u00e4. Suurin osa heist\u00e4 on siviilej\u00e4. Kuva:\u00a0Rizek Abdeljawad \/ ZUMA<\/p>\n<p><img decoding=\"async\" src=\"https:\/\/www.europesays.com\/fi\/wp-content\/uploads\/2025\/09\/1758137229_653_468.jpg\" alt=\"Gazalaiset pakenivat taisteluja alueen etel\u00e4osaan.\" class=\"_Img_tdqg8_1\" style=\"aspect-ratio:1.5011727912431587\" loading=\"eager\"\/><\/p>\n<p class=\"article-picture-caption\">Gazalaiset pakenivat taisteluja alueen etel\u00e4osaan. Kuva:\u00a0Mahmoud Issa \/ Reuters<\/p>\n<p class=\"article-body mb-nof-24 px-nof-16\">Matka Gazan etel\u00e4osaan ei ole yksinkertainen. K\u00e4vellen se voi kest\u00e4\u00e4 ainakin seitsem\u00e4n tuntia. Autokyyti\u00e4 on vaikeaa saada, ja se voi maksaa jopa tuhat euroa.<\/p>\n<p class=\"article-body mb-nof-24 px-nof-16\">Assi sanoo, ett\u00e4 h\u00e4nen siskolleen oli sanottu autokyydin onnistuvan noin viikon p\u00e4\u00e4st\u00e4.<\/p>\n<p class=\"article-body mb-nof-24 px-nof-16\">Tiistaina viisi ihmist\u00e4 kuoli Israelin ilmaiskussa, kun he pyrkiv\u00e4t autolla Gazan kaupungista kohti etel\u00e4\u00e4.<\/p>\n<p class=\"article-body mb-nof-24 px-nof-16\">Israel perustelee hy\u00f6kk\u00e4yst\u00e4\u00e4n Gazan kaupunkiin \u00e4\u00e4rij\u00e4rjest\u00f6 Hamasin tuhoamisella. Maan asevoimien mukaan kaupungissa olisi asemiehi\u00e4 noin 3\u202f000.<\/p>\n<p class=\"article-body mb-nof-24 px-nof-16\">Keskiviikkoon menness\u00e4 Israelin panssarivaunut olivat edenneet lyhyit\u00e4 matkoja kohti Gazan kaupungin keski- ja l\u00e4nsiosia kolmesta suunnasta, uutistoimisto Reuters kertoo.<\/p>\n<p class=\"article-body mb-nof-24 px-nof-16\">Gazan kaupungin pohjoisosassa asuva 59-vuotias <a class=\"article-personlink\" href=\"https:\/\/www.hs.fi\/haku\/?query=Nahid%20al-Saloul\" rel=\"nofollow noopener\" target=\"_blank\">Nahid al-Saloul<\/a> ei ole viel\u00e4 n\u00e4hnyt Israelin sotilaita, mutta kertoo asevoimien silmien jo olevan joka paikassa.<\/p>\n<p class=\"article-body mb-nof-24 px-nof-16\">Al-Saloul kertoo tiedusteludroonin pys\u00e4ytt\u00e4neen h\u00e4net maanantaina. Se kiersi h\u00e4nen kotiaan ikkunalta toiselle. Al-Saloul ei uskaltanut liikkua, eik\u00e4 p\u00e4\u00e4st\u00e4\u00e4 pihaustakaan.<\/p>\n<p class=\"article-body mb-nof-24 px-nof-16\">H\u00e4n asuu omakotitalossa sairaan veljens\u00e4 kanssa. Muu perhe on paennut etel\u00e4\u00e4n.<\/p>\n<p class=\"article-body mb-nof-24 px-nof-16\">Yll\u00e4tyksekseen h\u00e4nelle selvisi naapuruston Whatsapp-viestiryhm\u00e4st\u00e4, ett\u00e4 kaikki muutkin ovat jo l\u00e4hteneet alueelta.<\/p>\n<p class=\"article-body mb-nof-24 px-nof-16\">Al-Saloul kertoo lukinneensa ovet tiukasti. Vett\u00e4 ja ruokaa on jonkin verran varastossa. Internet-yhteydet toimivat satunnaisesti.<\/p>\n<p class=\"article-body mb-nof-24 px-nof-16\">H\u00e4n haluaa uskoa, ett\u00e4 sotilaat s\u00e4\u00e4st\u00e4v\u00e4t heid\u00e4n henkens\u00e4.<\/p>\n<p class=\"article-body mb-nof-24 px-nof-16\">Keskiviikkoiltana kerrottiin, ett\u00e4 Israelin tankit olivat vy\u00f6ryneet ymp\u00e4ri al-Saloulin asuinaluetta.<\/p>\n","protected":false},"excerpt":{"rendered":"Israelin maaoperaatio|My\u00f6s israelilaismediat ovat raportoineet Israelin uudesta sodan\u00adk\u00e4ynnin metodista: asevoimat t\u00e4ytt\u00e4v\u00e4t vanhoja miehist\u00f6n\u00adkuljetus\u00advaunuja r\u00e4j\u00e4hteill\u00e4, robotit viev\u00e4t vaunut Gazaan,&hellip;\n","protected":false},"author":2,"featured_media":37904,"comment_status":"","ping_status":"","sticky":false,"template":"","format":"standard","meta":{"footnotes":""},"categories":[14],"tags":[22,23,26,27,33,31,30,17,46,24,25,28,29,15,18,21,32,19,20,56,16,59,60,61],"class_list":{"0":"post-37903","1":"post","2":"type-post","3":"status-publish","4":"format-standard","5":"has-post-thumbnail","7":"category-ulkomaat","8":"tag-breaking-news","9":"tag-breakingnews","10":"tag-featured-news","11":"tag-featurednews","12":"tag-fi","13":"tag-finland","14":"tag-finnish","15":"tag-headlines","16":"tag-helsingin-sanomat","17":"tag-latest-news","18":"tag-latestnews","19":"tag-main-news","20":"tag-mainnews","21":"tag-news","22":"tag-otsikot","23":"tag-paauutiset","24":"tag-suomi","25":"tag-top-stories","26":"tag-topstories","27":"tag-ulkomaat","28":"tag-uutiset","29":"tag-world","30":"tag-world-news","31":"tag-worldnews"},"share_on_mastodon":{"url":"","error":""},"_links":{"self":[{"href":"https:\/\/www.europesays.com\/fi\/wp-json\/wp\/v2\/posts\/37903","targetHints":{"allow":["GET"]}}],"collection":[{"href":"https:\/\/www.europesays.com\/fi\/wp-json\/wp\/v2\/posts"}],"about":[{"href":"https:\/\/www.europesays.com\/fi\/wp-json\/wp\/v2\/types\/post"}],"author":[{"embeddable":true,"href":"https:\/\/www.europesays.com\/fi\/wp-json\/wp\/v2\/users\/2"}],"replies":[{"embeddable":true,"href":"https:\/\/www.europesays.com\/fi\/wp-json\/wp\/v2\/comments?post=37903"}],"version-history":[{"count":0,"href":"https:\/\/www.europesays.com\/fi\/wp-json\/wp\/v2\/posts\/37903\/revisions"}],"wp:featuredmedia":[{"embeddable":true,"href":"https:\/\/www.europesays.com\/fi\/wp-json\/wp\/v2\/media\/37904"}],"wp:attachment":[{"href":"https:\/\/www.europesays.com\/fi\/wp-json\/wp\/v2\/media?parent=37903"}],"wp:term":[{"taxonomy":"category","embeddable":true,"href":"https:\/\/www.europesays.com\/fi\/wp-json\/wp\/v2\/categories?post=37903"},{"taxonomy":"post_tag","embeddable":true,"href":"https:\/\/www.europesays.com\/fi\/wp-json\/wp\/v2\/tags?post=37903"}],"curies":[{"name":"wp","href":"https:\/\/api.w.org\/{rel}","templated":true}]}}