{"id":37921,"date":"2025-09-17T19:53:09","date_gmt":"2025-09-17T19:53:09","guid":{"rendered":"https:\/\/www.europesays.com\/fi\/37921\/"},"modified":"2025-09-17T19:53:09","modified_gmt":"2025-09-17T19:53:09","slug":"ohjaaja-david-lynchin-studiossa-on-suomalaisen-genelecin-valmistamia-kaiuttimia","status":"publish","type":"post","link":"https:\/\/www.europesays.com\/fi\/37921\/","title":{"rendered":"Ohjaaja David Lynchin studiossa on suomalaisen Genelecin valmistamia kaiuttimia"},"content":{"rendered":"<p>Hollywood|Elokuvaohjaaja David Lynch rakennutti tontilleen studion, jossa muun muassa viimeisteltiin h\u00e4nen elokuviensa musiikki ja \u00e4\u00e4nimaailma.<\/p>\n<p>Lue tiivistelm\u00e4<\/p>\n<p>Tiivistelm\u00e4 on teko\u00e4lyn tekem\u00e4 ja ihmisen tarkistama.<\/p>\n<p class=\"article-body mb-nof-24 px-nof-16 sndp-summary-bullet-point-font\">Edesmenneen ohjaaja David Lynchin Hollywood Hillsin koti on myynniss\u00e4 15 miljoonalla dollarilla.<\/p>\n<p class=\"article-body mb-nof-24 px-nof-16 sndp-summary-bullet-point-font\">Myynti-ilmoituksen kuvissa n\u00e4kyy Lynchin studiossa suomalaisen Genelecin valmistamia kaiuttimia.<\/p>\n<p class=\"article-body mb-nof-24 px-nof-16 sndp-summary-bullet-point-font\">Studion suunnitteli vuonna 1996 John Neff, joka ty\u00f6skenteli sittemmin pitk\u00e4\u00e4n Lynchin elokuvien \u00e4\u00e4niraitojen parissa.<\/p>\n<p class=\"article-body mb-nof-24 px-nof-16 sndp-summary-bullet-point-font\">Lynchin 1,1 hehtaarin tiluksilla on useita rakennuksia, mukaan lukien Lloyd Wrightin suunnittelema p\u00e4\u00e4rakennus.<\/p>\n<p class=\"article-body mb-nof-24 px-nof-16\">Viime tammikuussa kuollut yhdysvaltalainen ohjaaja-k\u00e4sikirjoittaja <a class=\"article-personlink\" href=\"https:\/\/www.hs.fi\/haku\/?query=David%20Lynch\" rel=\"nofollow noopener\" target=\"_blank\">David Lynch<\/a> oli yksi monista, joka luotti suomalaisvalmisteisiin Genelecin kaiuttimiin. Se k\u00e4y ilmi <a class=\"article-genericlink\" href=\"https:\/\/www.zillow.com\/homedetails\/7017-Senalda-Rd-Los-Angeles-CA-90068\/20803620_zpid\/?fbclid=IwZnRzaAM0vFBleHRuA2FlbQIxMQABHt-Hzhdvm6om_S8SnPhg7c8Lz_O4QjWBe_OZ5SBph_BAPo4HZsQlcb3Y98FJ_aem_WHGkRwrsVLvaWeYHxEJfXw\" rel=\"nofollow noopener\" target=\"_blank\">myynti-ilmoituksesta<\/a>, jolla maineikkaan ohjaajan hulppeaa Hollywood Hillsin kotia myyd\u00e4\u00e4n.<\/p>\n<p class=\"article-body mb-nof-24 px-nof-16\">Myynti-ilmoituksessa esitell\u00e4\u00e4n Lynchin kotia ja tiluksia runsain kuvin. Studiotiloja esitteleviss\u00e4 kuvissa mustat Genelecin aktiivikaiuttimet erottuvat hyvin.<\/p>\n<p><img decoding=\"async\" src=\"https:\/\/www.europesays.com\/fi\/wp-content\/uploads\/2025\/09\/1758138788_517_468.jpg\" alt=\"\" class=\"_Img_tdqg8_1\" style=\"aspect-ratio:1.7777777777777777\" loading=\"eager\"\/><img decoding=\"async\" src=\"https:\/\/www.europesays.com\/fi\/wp-content\/uploads\/2025\/09\/1758138789_256_468.jpg\" alt=\"Suomalaisen Genelecin kaiuttimet n\u00e4kyv\u00e4t myyntisivujen kuvassa Lynchin studiosta.\" class=\"_Img_tdqg8_1\" style=\"aspect-ratio:1.6842105263157894\" loading=\"eager\"\/><\/p>\n<p class=\"article-picture-caption\">Suomalaisen Genelecin kaiuttimet n\u00e4kyv\u00e4t myyntisivujen kuvassa Lynchin studiosta. Kuva:\u00a0Zillow.com<\/p>\n<p class=\"article-body mb-nof-24 px-nof-16\">Genelec on iisalmelainen menestystarina, br\u00e4ndi, jonka tuotteita pidet\u00e4\u00e4n ammattipiireiss\u00e4 alan parhaina. Esimerkiksi monet huippumuusikot haluavat studioty\u00f6skentelyss\u00e4 k\u00e4ytt\u00e4\u00e4 ainoastaan Genelecin kaiuttimia. Yhti\u00f6n perustivat vuonna 1978 teekkarit <a class=\"article-personlink\" href=\"https:\/\/www.hs.fi\/haku\/?query=Ilpo%20Martikainen\" rel=\"nofollow noopener\" target=\"_blank\">Ilpo Martikainen<\/a> ja <a class=\"article-personlink\" href=\"https:\/\/www.hs.fi\/haku\/?query=Topi%20Partanen\" rel=\"nofollow noopener\" target=\"_blank\">Topi Partanen<\/a>.<\/p>\n<p class=\"article-body mb-nof-24 px-nof-16\">Lynchin Asymmetrical Studio -tilan sek\u00e4 elokuvateatterin suunnitteli vuonna 1996 muusikko, tuottaja ja \u00e4\u00e4niteknikko <a class=\"article-personlink\" href=\"https:\/\/www.hs.fi\/haku\/?query=John%20Neff\" rel=\"nofollow noopener\" target=\"_blank\">John Neff<\/a>, joka omisti studiosuunnitteluun erikoistuneen yrityksen.<\/p>\n<p class=\"article-body mb-nof-24 px-nof-16\">\u201dSuunnittelin h\u00e4nen studionsa teknisen puolen \u2013 kaikki johdotukset ja ulkolaitteet, kaiuttimet, vahvistimet, miksausp\u00f6yd\u00e4n, projektorit, m\u00e4\u00e4rittelin valkokankaan \u2013 asensin ne ja varmistin, ett\u00e4 kaikki toimi\u201d, Neff kertoi <a class=\"article-genericlink\" href=\"https:\/\/indie-outlook.com\/2022\/05\/02\/john-neff-on-the-straight-story-mulholland-dr-and-inland-empire\/\" rel=\"nofollow noopener\" target=\"_blank\">Indie Outlookin haastattelussa<\/a> vuonna 2022.<\/p>\n<p class=\"article-body mb-nof-24 px-nof-16\">Vuodesta 1996 alkoi Neffin ja Lynchin pitk\u00e4 yhteisty\u00f6. Ennen kuin studio oli edes valmis, Lynch pyysi Neffia miksaamaan \u00e4\u00e4niraidan er\u00e4\u00e4seen mainokseen, joka h\u00e4nell\u00e4 oli juuri silloin teossa.<\/p>\n<p class=\"article-body mb-nof-24 px-nof-16\">Kun Neff oli tekem\u00e4ss\u00e4 studioon viimeisi\u00e4 asennuksia, Lynch sanoi h\u00e4nelle: \u201dOlet ainoa, joka tiet\u00e4\u00e4, miten t\u00e4m\u00e4 toimii. Sinun t\u00e4ytyy py\u00f6ritt\u00e4\u00e4 sit\u00e4 itse.\u201d Neff kertoi asiasta haastattelussa.<\/p>\n<p class=\"article-body mb-nof-24 px-nof-16\">Kaksikon ensimm\u00e4inen virallinen yhteisty\u00f6 oli <a class=\"article-personlink\" href=\"https:\/\/www.hs.fi\/haku\/?query=Jocelyn%20Montgomeryn\" rel=\"nofollow noopener\" target=\"_blank\">Jocelyn Montgomeryn<\/a> Lux Vivens -albumi (1998), jonka Lynch tuotti. Neff vastasi sittemmin useiden Lynchin<a class=\"article-genericlink\" href=\"https:\/\/kboo.fm\/media\/107170-john-neff-garage-rocker-motown-session-musician-maui-dj-recording-studio-guru-steely\" rel=\"nofollow noopener\" target=\"_blank\"> elokuvien \u00e4\u00e4niraitojen miksauksesta<\/a>.<\/p>\n<p class=\"article-body mb-nof-24 px-nof-16\">Lynch teki my\u00f6s itse omaa musiikkia ja \u00e4\u00e4nisuunnittelua omiin elokuviinsa.<\/p>\n<p><img decoding=\"async\" src=\"https:\/\/www.europesays.com\/fi\/wp-content\/uploads\/2025\/09\/1758138789_91_468.jpg\" alt=\"Laajempi n\u00e4kym\u00e4 studiotilaan.\" class=\"_Img_tdqg8_1\" style=\"aspect-ratio:1.5\" loading=\"eager\"\/><\/p>\n<p class=\"article-picture-caption\">Laajempi n\u00e4kym\u00e4 studiotilaan. Kuva:\u00a0Zillow.com<\/p>\n<p class=\"article-body mb-nof-24 px-nof-16\">Nyt myynniss\u00e4 olevalla 1,1 hehtaarin rinnetontilla sijaitsevaan asuinalueeseen kuuluu useita rakennuksia. P\u00e4\u00e4rakennuksen on suunnitellut kuuluisan arkkitehdin <a class=\"article-personlink\" href=\"https:\/\/www.hs.fi\/haku\/?query=Frank%20Lloyd%20Wright\" rel=\"nofollow noopener\" target=\"_blank\">Frank Lloyd Wright<\/a> niin ik\u00e4\u00e4n tunnettu arkkitehtipoika <a class=\"article-personlink\" href=\"https:\/\/www.hs.fi\/haku\/?query=Lloyd%20Wright\" rel=\"nofollow noopener\" target=\"_blank\">Lloyd Wright<\/a> vuonna 1963.<\/p>\n<p class=\"article-body mb-nof-24 px-nof-16\">Vuosien saatossa Lynch laajensi tiluksiaan ostamalla asuintalonsa vieress\u00e4 sijaitsevat kaksi kiinteist\u00f6\u00e4 itselleen. Toiseen niist\u00e4 h\u00e4n perusti tuotantoyhti\u00f6ns\u00e4 tilat ja toisen rakennuksen sisustukseen h\u00e4nen kerrotaan saaneen \u201delokuvallista inspiraatiota\u201d. My\u00f6hemmin talo olikin keskeisess\u00e4 roolissa Lynchin tunnetussa elokuvassa Lost Highway (1997).<\/p>\n<p class=\"article-body mb-nof-24 px-nof-16\">Lynch oli ilmeisen vieh\u00e4ttynyt Wrightin arkkitehteihin, sill\u00e4 h\u00e4n tilasi 1990-luvun alussa uima-altaan ja allastalorakennuksen suunnitelman Lloyd Wrightin pojalta <a class=\"article-personlink\" href=\"https:\/\/www.hs.fi\/haku\/?query=Eric%20Lloyd%20Wrightilta\" rel=\"nofollow noopener\" target=\"_blank\">Eric Lloyd Wrightilta<\/a>. Tontilta l\u00f6ytyy my\u00f6s kaksikerroksinen vierastalo.<\/p>\n<p class=\"article-body mb-nof-24 px-nof-16\">Lynchin kodin hintapyynt\u00f6 on 15 miljoonaa dollaria eli l\u00e4hes 13 miljoonaa euroa.<\/p>\n<p><img decoding=\"async\" src=\"https:\/\/www.europesays.com\/fi\/wp-content\/uploads\/2025\/09\/1758138789_412_468.jpg\" alt=\"Lloyd Wrightin suunnittelema talo sijaitsee rinnetontilla Hollywoodin Senalda Roadilla.\" class=\"_Img_tdqg8_1\" style=\"aspect-ratio:1.5\" loading=\"eager\"\/><\/p>\n<p class=\"article-picture-caption\">Lloyd Wrightin suunnittelema talo sijaitsee rinnetontilla Hollywoodin Senalda Roadilla. Kuva:\u00a0Zillow.com<\/p>\n","protected":false},"excerpt":{"rendered":"Hollywood|Elokuvaohjaaja David Lynch rakennutti tontilleen studion, jossa muun muassa viimeisteltiin h\u00e4nen elokuviensa musiikki ja \u00e4\u00e4nimaailma. Lue tiivistelm\u00e4 Tiivistelm\u00e4&hellip;\n","protected":false},"author":2,"featured_media":37922,"comment_status":"","ping_status":"","sticky":false,"template":"","format":"standard","meta":{"footnotes":""},"categories":[14],"tags":[22,23,26,27,33,31,30,17,46,24,25,28,29,15,18,21,32,19,20,56,16,59,60,61],"class_list":{"0":"post-37921","1":"post","2":"type-post","3":"status-publish","4":"format-standard","5":"has-post-thumbnail","7":"category-ulkomaat","8":"tag-breaking-news","9":"tag-breakingnews","10":"tag-featured-news","11":"tag-featurednews","12":"tag-fi","13":"tag-finland","14":"tag-finnish","15":"tag-headlines","16":"tag-helsingin-sanomat","17":"tag-latest-news","18":"tag-latestnews","19":"tag-main-news","20":"tag-mainnews","21":"tag-news","22":"tag-otsikot","23":"tag-paauutiset","24":"tag-suomi","25":"tag-top-stories","26":"tag-topstories","27":"tag-ulkomaat","28":"tag-uutiset","29":"tag-world","30":"tag-world-news","31":"tag-worldnews"},"share_on_mastodon":{"url":"","error":""},"_links":{"self":[{"href":"https:\/\/www.europesays.com\/fi\/wp-json\/wp\/v2\/posts\/37921","targetHints":{"allow":["GET"]}}],"collection":[{"href":"https:\/\/www.europesays.com\/fi\/wp-json\/wp\/v2\/posts"}],"about":[{"href":"https:\/\/www.europesays.com\/fi\/wp-json\/wp\/v2\/types\/post"}],"author":[{"embeddable":true,"href":"https:\/\/www.europesays.com\/fi\/wp-json\/wp\/v2\/users\/2"}],"replies":[{"embeddable":true,"href":"https:\/\/www.europesays.com\/fi\/wp-json\/wp\/v2\/comments?post=37921"}],"version-history":[{"count":0,"href":"https:\/\/www.europesays.com\/fi\/wp-json\/wp\/v2\/posts\/37921\/revisions"}],"wp:featuredmedia":[{"embeddable":true,"href":"https:\/\/www.europesays.com\/fi\/wp-json\/wp\/v2\/media\/37922"}],"wp:attachment":[{"href":"https:\/\/www.europesays.com\/fi\/wp-json\/wp\/v2\/media?parent=37921"}],"wp:term":[{"taxonomy":"category","embeddable":true,"href":"https:\/\/www.europesays.com\/fi\/wp-json\/wp\/v2\/categories?post=37921"},{"taxonomy":"post_tag","embeddable":true,"href":"https:\/\/www.europesays.com\/fi\/wp-json\/wp\/v2\/tags?post=37921"}],"curies":[{"name":"wp","href":"https:\/\/api.w.org\/{rel}","templated":true}]}}