{"id":37930,"date":"2025-09-17T20:14:11","date_gmt":"2025-09-17T20:14:11","guid":{"rendered":"https:\/\/www.europesays.com\/fi\/37930\/"},"modified":"2025-09-17T20:14:11","modified_gmt":"2025-09-17T20:14:11","slug":"kommentti-miten-hifk-voi-hapaista-itsensa-otteluissa-joissa-muistetaan-vanhoja-seuraikoneja-urheilu","status":"publish","type":"post","link":"https:\/\/www.europesays.com\/fi\/37930\/","title":{"rendered":"Kommentti: Miten HIFK voi h\u00e4p\u00e4ist\u00e4 itsens\u00e4 otteluissa, joissa muistetaan vanhoja seuraikoneja? | Urheilu"},"content":{"rendered":"<p class=\"aw-1gybjub aw-5vja16 cmIuaG zKETg yle__article__paragraph\">HIFK on onnistunut alittamaan jo valmiiksi matalat odotukset h\u00e4p\u00e4isem\u00e4ll\u00e4 itsens\u00e4 jo kahdesti oman yleis\u00f6ns\u00e4 edess\u00e4, kirjoittaa Yle Urheilun j\u00e4\u00e4kiekkotoimittaja Tommi Sepp\u00e4l\u00e4.<\/p>\n<p><img decoding=\"async\" alt=\"HIFK:n j\u00e4\u00e4kiekkojoukkueen vaihtopenkki ja p\u00e4\u00e4valmentaja Olli Jokinen.\" src=\"https:\/\/www.europesays.com\/fi\/wp-content\/uploads\/2025\/09\/39-152493168cafc39a85a2.jpeg\" class=\"aw-1l9m598 hKVVvP\"\/><\/p>\n<p>Avaa kuvien katselu<\/p>\n<p>Olli Jokisella riitt\u00e4\u00e4 pohdittavaa HIFK:n per\u00e4simess\u00e4. Kuva: Matti Raivio\/All Over Press<img decoding=\"async\" alt=\"Ylen NHL-kirjeenvaihtaja Tommi Sepp\u00e4l\u00e4\" src=\"https:\/\/www.europesays.com\/fi\/wp-content\/uploads\/2025\/09\/39-5516915c9b34dbc3f86.jpeg\" class=\"aw-1l9m598 hKVVvP\"\/><\/p>\n<p class=\"aw-1gybjub aw-1p7kakr cmIuaG fmSRng yle__article__paragraph\">Ei HIFK:n kai pit\u00e4nyt en\u00e4\u00e4 viime vuosia huonommin pysty\u00e4 pelaamaan. Kolmen <strong class=\"aw-ak79eh KyCXm yle__article__strong\">Ville Peltosen<\/strong> luotsaaman alavireisen vuoden j\u00e4lkeen seuran oli pakko reagoida ja vaihtaa kipparia. Penkin taakse hankittiin Mikkeliss\u00e4 takavuosina erinomaista ty\u00f6t\u00e4 tehnyt, pelaajaurallaan yhden mestaruudenkin seurassa voittanut <strong class=\"aw-ak79eh KyCXm yle__article__strong\">Olli Jokinen<\/strong>.<\/p>\n<p class=\"aw-1gybjub aw-1p7kakr cmIuaG fmSRng yle__article__paragraph\">T\u00e4lt\u00e4 osin kannattajien rukouksiin vastattiin.<\/p>\n<p class=\"aw-1gybjub aw-1p7kakr cmIuaG fmSRng yle__article__paragraph\">Toisaalta samaan aikaan p\u00e4\u00e4lle ly\u00f6tiin kulukuuri, mit\u00e4 on vaikea Helsingin IFK:n tapauksessa ymm\u00e4rt\u00e4\u00e4. Helsingin IFK on kuin Real Madrid, Los Angeles Lakers tai New York Yankees \u2013 se ei kerta kaikkiaan voi uudelleenrakentaa omilla pojilla. Eik\u00e4 varsinkaan, kun HIFK:n junioriputken taso on mit\u00e4 se on.<\/p>\n<p class=\"aw-1gybjub aw-1p7kakr cmIuaG fmSRng yle__article__paragraph\">Muutamien loukkaantumisten seurauksena tilanne on kuitenkin se, ett\u00e4 HIFK on luisteluttanut j\u00e4\u00e4lle sanalla sanoen karmean kokoonpanon toistaiseksi jokaisessa ottelussaan. Mukana on pelaajia, jotka eiv\u00e4t pysty Liiga-tasolla uskottavasti HIFK:n paidassa pelaamaan.<\/p>\n<p class=\"aw-1gybjub aw-1p7kakr cmIuaG fmSRng yle__article__paragraph\">J\u00e4lki on ollut sitten sen n\u00e4k\u00f6ist\u00e4kin.<\/p>\n<p class=\"aw-1gybjub aw-1p7kakr cmIuaG fmSRng yle__article__paragraph\">Se toki voitti avausottelussaan Jukurit, mutta konttasi sen j\u00e4lkeen h\u00e4pe\u00e4llisell\u00e4 tavalla kotiavauksessaan Espoon is\u00e4nt\u00e4n\u00e4. T\u00e4m\u00e4n j\u00e4lkeen takkiin tuli kellarikerroksiin povatulta Pelicansilta ja keskiviikkona Lukko takoi kahteen er\u00e4\u00e4n taululle Helsingiss\u00e4 murskaavat 0\u20135-lukemat.<\/p>\n<p class=\"aw-1gybjub aw-1p7kakr cmIuaG fmSRng yle__article__paragraph\">Kasassa saattaa olla ainekset yhdelle seurahistorian karmeimmista kausista.<\/p>\n<p><img decoding=\"async\" alt=\"Rauman Lukon Lenni H\u00e4m\u00e4l\u00e4inen tekee maalin HIFK:ta vastaan.\" src=\"https:\/\/www.europesays.com\/fi\/wp-content\/uploads\/2025\/09\/39-152489268cae02f9cbb5.jpeg\" loading=\"lazy\" class=\"aw-1l9m598 hKVVvP\"\/><\/p>\n<p>Avaa kuvien katselu<\/p>\n<p>Lukko tykitti keskiviikkona Niko Hovisen vaihtoon alle kahdeksan minuutin j\u00e4lkeen. Kuva: Matti Raivio\/All Over PressTaas pyydell\u00e4\u00e4n anteeksi<\/p>\n<p class=\"aw-1gybjub aw-1p7kakr cmIuaG fmSRng yle__article__paragraph\">Syyllisi\u00e4 ei tarvitse kaukaa hakea.<\/p>\n<p class=\"aw-1gybjub aw-1p7kakr cmIuaG fmSRng yle__article__paragraph\">Ensinn\u00e4kin seuran urheilujohtaja <strong class=\"aw-ak79eh KyCXm yle__article__strong\">Janne Pesonen<\/strong> on ep\u00e4onnistunut kahden vuoden aikana ty\u00f6ss\u00e4\u00e4n. HIFK:lla ei ole sen enemp\u00e4\u00e4 ykk\u00f6smaalivahtia kuin ykk\u00f6spuolustajaakaan. Joukkue on hidas ja kankea, vaikka tuoreen p\u00e4\u00e4valmentajan pelitapa huutaa jalkavuutta.<\/p>\n<p class=\"aw-1gybjub aw-1p7kakr cmIuaG fmSRng yle__article__paragraph\">Kakkosmaalivahdiksi Pesonen hankki Tapparassa menneell\u00e4 kaudella pahasti ep\u00e4onnistuneen <strong class=\"aw-ak79eh KyCXm yle__article__strong\">Paavo Kohosen<\/strong>, kuka tiet\u00e4\u00e4, mill\u00e4 perusteilla. Pesosen CV on pullollaan huteja mink\u00e4 lis\u00e4ksi suurseuratason avainpelaajat ovat j\u00e4\u00e4neet hankkimatta.<\/p>\n<p class=\"aw-1gybjub aw-1p7kakr cmIuaG fmSRng yle__article__paragraph\">Toki Pesosta kahlitsee p\u00e4\u00e4ll\u00e4 oleva kulukuuri, mutta silti. HIFK:ta ei ajeta n\u00e4in.<\/p>\n<p class=\"aw-1gybjub aw-1p7kakr cmIuaG fmSRng yle__article__paragraph\">On sanomattakin selv\u00e4\u00e4, ett\u00e4 kapteeni <strong class=\"aw-ak79eh KyCXm yle__article__strong\">Iiro Pakarisen<\/strong>, <strong class=\"aw-ak79eh KyCXm yle__article__strong\">Petr Kodytekin<\/strong> sek\u00e4 luottopuolustajien <strong class=\"aw-ak79eh KyCXm yle__article__strong\">Aron Kiviharjun<\/strong>, <strong class=\"aw-ak79eh KyCXm yle__article__strong\">Petteri Lindbohmin<\/strong> ja <strong class=\"aw-ak79eh KyCXm yle__article__strong\">Ilari Melartin<\/strong> loukkaantumiset tuntuvat, mutta pelk\u00e4st\u00e4\u00e4n niiden taakse HIFK ei voi avausviikkojen osalta paeta. Pelaaminen on vuotanut sek\u00e4 rakenteen ett\u00e4 yksil\u00f6tason sitoutumisen osalta nololla tavalla.<\/p>\n<p class=\"aw-1gybjub aw-1p7kakr cmIuaG fmSRng yle__article__paragraph\">Vastuunsa on siis Jokisellakin.<\/p>\n<p><img decoding=\"async\" alt=\"Olli Jokinen appl\u00e5derar.\" src=\"https:\/\/www.europesays.com\/fi\/wp-content\/uploads\/2025\/09\/39-151997068c05cc43dcf2.jpeg\" loading=\"lazy\" class=\"aw-1l9m598 hKVVvP\"\/><\/p>\n<p>Avaa kuvien katselu<\/p>\n<p>Olli Jokinen. Kuva: Oskari M\u00e4kisarka \/ AOP<\/p>\n<p class=\"aw-1gybjub aw-1p7kakr cmIuaG fmSRng yle__article__paragraph\">Yht\u00e4\u00e4n v\u00e4syneemm\u00e4ll\u00e4 narratiivilla t\u00e4m\u00e4 ei olisi nolon Espoo-tappion j\u00e4lkeen voinut median edess\u00e4 aloittaa. En tied\u00e4, miten vuodesta toiseen Liigan kestonaurunaiheeksi profiloituvaa HIFK:ta kaikesta huolimatta tukevien fanien olisi pit\u00e4nyt suhtautua Jokisen anteeksipyytelyihin heti ensimm\u00e4isen kotiottelun j\u00e4lkeen.<\/p>\n<p class=\"aw-1gybjub aw-1p7kakr cmIuaG fmSRng yle__article__paragraph\">T\u00e4t\u00e4 anteeksipyytely\u00e4 ja selittely\u00e4 on Nordiksen lehdist\u00f6tiloissa kuultu vuosikaudet, eik\u00e4 sill\u00e4 ole en\u00e4\u00e4 mink\u00e4\u00e4nlaista arvoa.<\/p>\n<p class=\"aw-1gybjub aw-1p7kakr cmIuaG fmSRng yle__article__paragraph\">Mik\u00e4 lienee Jokisen k\u00e4ytt\u00e4m\u00e4 kortti keskiviikon viimeisimm\u00e4n fiaskon j\u00e4lkeen?<\/p>\n<p><img decoding=\"async\" alt=\"Lukon Jakob Stenqvist tuuletti maalia HIFK:ta vastaan.\" src=\"https:\/\/www.europesays.com\/fi\/wp-content\/uploads\/2025\/09\/39-152494068cafdbd63440.jpeg\" loading=\"lazy\" class=\"aw-1l9m598 hKVVvP\"\/><\/p>\n<p>Avaa kuvien katselu<\/p>\n<p>Lukon Jakob Stenqvist tuuletti 4\u20130-maalia HIFK:ta vastaan. Kuva: Roni Rekomaa \/ LehtikuvaLoska valuu ylh\u00e4\u00e4lt\u00e4 alas<\/p>\n<p class=\"aw-1gybjub aw-1p7kakr cmIuaG fmSRng yle__article__paragraph\">HIFK:lle ei voinut kauden alla asettaa kummoisia odotuksia, vaikka se lupaavan nuoren valmentajan ja jonkun laatupelaajankin hankki. Keskinkertaisen pelaajiston osalta se on monilta osin raskasjalkaista bulkkitavaraa. Kun t\u00e4h\u00e4n yhdistet\u00e4\u00e4n loukkaantumiset sek\u00e4 organisaation l\u00e4p\u00e4isev\u00e4 t\u00e4ydellinen identiteettikriisi, alku on k\u00e4\u00e4ntynyt t\u00e4ydeksi painajaiseksi.<\/p>\n<p class=\"aw-1gybjub aw-1p7kakr cmIuaG fmSRng yle__article__paragraph\">Uskomatonta kyll\u00e4, HIFK on onnistunut alittamaan vaatimattomatkin odotukset.<\/p>\n<p class=\"aw-1gybjub aw-1p7kakr cmIuaG fmSRng yle__article__paragraph\">H\u00e4pe\u00e4llisint\u00e4 kauteen l\u00e4hd\u00f6ss\u00e4 on ollut alistuminen ja konttaaminen oman yleis\u00f6n edess\u00e4. Nimenomaan uskottavuuden ja fanien luottamuksen palauttamisesta Jokinen on kauden alla toistuvasti puhunut, ja juuri siin\u00e4 HIFK on anteeksiantamattomalla tavalla ep\u00e4onnistunut.<\/p>\n<p class=\"aw-1gybjub aw-1p7kakr cmIuaG fmSRng yle__article__paragraph\">HIFK:n alkukaudessa on vanhojen painajaisten kaikuja. Kuka viel\u00e4 muistaa kauden 2001\u20132002, kun suuri ja mahtava j\u00e4i ulos pudotuspeleist\u00e4? Tai kauden 1996\u20131997, jolloin nyt penkin takana operoiva Jokinen todisti kent\u00e4ll\u00e4 yht\u00e4 HIFK:n SM-liigan historian karmeimmista kausista?<\/p>\n<p class=\"aw-1gybjub aw-1p7kakr cmIuaG fmSRng yle__article__paragraph\">Jos kurssi ei oikene pian, on t\u00e4ysin mahdollista, ett\u00e4 HIFK sukeltaa alkaneella kaudella edell\u00e4 mainittujen kausien tasolle.<\/p>\n<p class=\"aw-1gybjub aw-1p7kakr cmIuaG fmSRng yle__article__paragraph\">Juurisyyt j\u00e4\u00e4ntason fiaskolle ovat silti toisaalla, ylemmiss\u00e4 kerroksissa. Loska valuu organisaatioissa aina ylh\u00e4\u00e4lt\u00e4 alas. On osuvaa, ett\u00e4 HIFK h\u00e4p\u00e4isee itsens\u00e4 kotiotteluissa, joissa se kunnioittaa edesmenneiden seuraikonien <strong class=\"aw-ak79eh KyCXm yle__article__strong\">Frank Mobergin<\/strong> ja <strong class=\"aw-ak79eh KyCXm yle__article__strong\">Pentti Matikaisen<\/strong> muistoa \u2013 j\u00e4ljell\u00e4 ei ole takavuosikymmenien kovasta johtajuudesta rippeit\u00e4k\u00e4\u00e4n.<\/p>\n<p class=\"aw-1gybjub aw-1p7kakr cmIuaG fmSRng yle__article__paragraph\">Johtajuusongelman korjaaminen on lopulta t\u00e4rke\u00e4mp\u00e4\u00e4 kuin ohjauspelinyanssien hiominen.<\/p>\n","protected":false},"excerpt":{"rendered":"HIFK on onnistunut alittamaan jo valmiiksi matalat odotukset h\u00e4p\u00e4isem\u00e4ll\u00e4 itsens\u00e4 jo kahdesti oman yleis\u00f6ns\u00e4 edess\u00e4, kirjoittaa Yle Urheilun&hellip;\n","protected":false},"author":2,"featured_media":37931,"comment_status":"","ping_status":"","sticky":false,"template":"","format":"standard","meta":{"footnotes":""},"categories":[158],"tags":[33,31,30,9079,1143,1146,2973,159,4686,32,160,6112],"class_list":{"0":"post-37930","1":"post","2":"type-post","3":"status-publish","4":"format-standard","5":"has-post-thumbnail","7":"category-urheilu","8":"tag-fi","9":"tag-finland","10":"tag-finnish","11":"tag-hifk-jaakiekon-miesten-liiga","12":"tag-jaakiekko","13":"tag-miesten-jaakiekko","14":"tag-sm-liiga","15":"tag-sports","16":"tag-suomen-jaakiekko","17":"tag-suomi","18":"tag-urheilu","19":"tag-urheiluvalmennus"},"share_on_mastodon":{"url":"","error":""},"_links":{"self":[{"href":"https:\/\/www.europesays.com\/fi\/wp-json\/wp\/v2\/posts\/37930","targetHints":{"allow":["GET"]}}],"collection":[{"href":"https:\/\/www.europesays.com\/fi\/wp-json\/wp\/v2\/posts"}],"about":[{"href":"https:\/\/www.europesays.com\/fi\/wp-json\/wp\/v2\/types\/post"}],"author":[{"embeddable":true,"href":"https:\/\/www.europesays.com\/fi\/wp-json\/wp\/v2\/users\/2"}],"replies":[{"embeddable":true,"href":"https:\/\/www.europesays.com\/fi\/wp-json\/wp\/v2\/comments?post=37930"}],"version-history":[{"count":0,"href":"https:\/\/www.europesays.com\/fi\/wp-json\/wp\/v2\/posts\/37930\/revisions"}],"wp:featuredmedia":[{"embeddable":true,"href":"https:\/\/www.europesays.com\/fi\/wp-json\/wp\/v2\/media\/37931"}],"wp:attachment":[{"href":"https:\/\/www.europesays.com\/fi\/wp-json\/wp\/v2\/media?parent=37930"}],"wp:term":[{"taxonomy":"category","embeddable":true,"href":"https:\/\/www.europesays.com\/fi\/wp-json\/wp\/v2\/categories?post=37930"},{"taxonomy":"post_tag","embeddable":true,"href":"https:\/\/www.europesays.com\/fi\/wp-json\/wp\/v2\/tags?post=37930"}],"curies":[{"name":"wp","href":"https:\/\/api.w.org\/{rel}","templated":true}]}}