{"id":37936,"date":"2025-09-17T20:19:08","date_gmt":"2025-09-17T20:19:08","guid":{"rendered":"https:\/\/www.europesays.com\/fi\/37936\/"},"modified":"2025-09-17T20:19:08","modified_gmt":"2025-09-17T20:19:08","slug":"tanska-teki-historiallisen-paatoksen-hankkii-pitkan-kantaman-hyokkaysaseita","status":"publish","type":"post","link":"https:\/\/www.europesays.com\/fi\/37936\/","title":{"rendered":"Tanska teki historiallisen p\u00e4\u00e4t\u00f6ksen: Hankkii pitk\u00e4n kantaman hy\u00f6kk\u00e4ysaseita"},"content":{"rendered":"<p>Tanska kertoi viime viikolla hankkivansa yli 9 miljardilla ilmatorjuntaj\u00e4rjestelmi\u00e4.<\/p>\n<p class=\"article-body mb-nof-24 px-nof-16\">Tanska teki keskiviikkona historiallisen p\u00e4\u00e4t\u00f6ksen hankkia pitk\u00e4n kantaman hy\u00f6kk\u00e4ysaseita, tanskalaismedia uutisoi.<a class=\"article-genericlink\" href=\"https:\/\/jyllands-posten.dk\/politik\/ECE18546195\/regeringstoppen-vil-skaffe-langtraekkende-angrebsvaaben\/\" rel=\"nofollow noopener\" target=\"_blank\"> Jyllands-Postenin<\/a> mukaan p\u00e4\u00e4ministeri <a class=\"article-personlink\" href=\"https:\/\/www.is.fi\/haku\/?query=Mette%20Frederiksen\" rel=\"nofollow noopener\" target=\"_blank\">Mette Frederiksen<\/a> sanoi, ett\u00e4 kyseess\u00e4 on \u201dparadigman muutos\u201d tanskalaisessa turvallisuuspolitiikassa.<\/p>\n<p class=\"article-body mb-nof-24 px-nof-16\">Se tarkoittaa, ett\u00e4 aiemmin Tanska on keskittynyt turvallisuuspolitiikassaan l\u00e4hinn\u00e4 puolustusj\u00e4rjestelmien hankintaan.<\/p>\n<p class=\"article-body mb-nof-24 px-nof-16\">Ulkoministeri <a class=\"article-personlink\" href=\"https:\/\/www.is.fi\/haku\/?query=Lars%20L%C3%B8kke%20Rasmussen\" rel=\"nofollow noopener\" target=\"_blank\">Lars L\u00f8kke Rasmussen<\/a> kuvailee p\u00e4\u00e4t\u00f6st\u00e4 sanomalla, ett\u00e4 ilmatorjunta-aseilla Tanska pystyy tuhoamaan nuolen, kun se on matkalla Tanskaan. Nyt Tanska on hankkimassa kyvykkyytt\u00e4 tuhota jousen ennen kuin sill\u00e4 on ehditty edes ampua.<\/p>\n<p class=\"article-body mb-nof-24 px-nof-16\">Tanska p\u00e4\u00e4tti viime viikolla hankkia <a class=\"article-genericlink\" href=\"https:\/\/www.is.fi\/ulkomaat\/art-2000011489816.html\" rel=\"nofollow noopener\" target=\"_blank\">reilulla yhdeks\u00e4ll\u00e4 miljardilla eurolla<\/a> ilmatorjuntaj\u00e4rjestelmi\u00e4.<\/p>\n<p><img decoding=\"async\" src=\"https:\/\/www.europesays.com\/fi\/wp-content\/uploads\/2025\/09\/1758140348_176_468.jpg\" alt=\"Tanskan p\u00e4\u00e4ministeri Mette Frederiksen sanoo, ett\u00e4 Veh\u00e4j\u00e4 on uhka Tanskalle ja Euroopalle pitk\u00e4lle tulevaisuuteen.\" class=\"_Img_tdqg8_1\" style=\"aspect-ratio:1.5\" loading=\"eager\"\/><\/p>\n<p class=\"article-picture-caption\">Tanskan p\u00e4\u00e4ministeri Mette Frederiksen sanoo, ett\u00e4 Veh\u00e4j\u00e4 on uhka Tanskalle ja Euroopalle pitk\u00e4lle tulevaisuuteen. Kuva:\u00a0Emil Nicolai Helms \/ Reuters<\/p>\n<p class=\"article-body mb-nof-24 px-nof-16\">Hankintap\u00e4\u00e4t\u00f6st\u00e4 perustellaan Ukrainan sodan kokemuksilla. Puolustusministeri <a class=\"article-personlink\" href=\"https:\/\/www.is.fi\/haku\/?query=Troels%20Lund%20Poulsen\" rel=\"nofollow noopener\" target=\"_blank\">Troels Lund Poulsen<\/a> sanoi tiedotustilaisuudessa sodan osoittaneen, ett\u00e4 nykyisin on pystytt\u00e4v\u00e4 iskem\u00e4\u00e4n syv\u00e4lle vihollisen selustaan.<\/p>\n<p class=\"article-body mb-nof-24 px-nof-16\">Ministerit sanoivat tiedotustilaisuudessa, ett\u00e4 asehankinnassa on kyse pelotteen luomisesta. P\u00e4\u00e4ministeri Frederiksenin mukaan ilmatorjunta ei riit\u00e4 siihen riit\u00e4.<\/p>\n<p class=\"article-body mb-nof-24 px-nof-16\">\u2013 Meill\u00e4 on oltava uskottava kyky est\u00e4\u00e4 hy\u00f6kk\u00e4ykset Tanskaan ja Natoon.<\/p>\n<p class=\"article-body mb-nof-24 px-nof-16\">Frederiksen ei tiedotustilaisuudessa peitellyt, ett\u00e4 aseet hankitaan pelotteeksi Ven\u00e4j\u00e4\u00e4 vastaan.<\/p>\n<p class=\"article-body mb-nof-24 px-nof-16\">\u2013 Ei ole ep\u00e4ilyst\u00e4k\u00e4\u00e4n, ett\u00e4 Ven\u00e4j\u00e4 on uhka Tanskalle ja Euroopalle viel\u00e4 vuosien ajan.<\/p>\n<p><img decoding=\"async\" src=\"https:\/\/www.europesays.com\/fi\/wp-content\/uploads\/2025\/09\/1758140348_768_468.jpg\" alt=\"Puolustusministeri Troels Lund Poulsen (vas.), p\u00e4\u00e4ministeri Mette Frederiksen ja L\u00f8kke Rasmussen kertoivat uudesta asehankinnasta tiedotustilaisuudessa keskiviikkona.\" class=\"_Img_tdqg8_1\" style=\"aspect-ratio:1.5\" loading=\"eager\"\/><\/p>\n<p class=\"article-picture-caption\">Puolustusministeri Troels Lund Poulsen (vas.), p\u00e4\u00e4ministeri Mette Frederiksen ja L\u00f8kke Rasmussen kertoivat uudesta asehankinnasta tiedotustilaisuudessa keskiviikkona. Kuva:\u00a0EMIL NICOLAI HELMS<\/p>\n<p class=\"article-body mb-nof-24 px-nof-16\">Seuraavaksi Tanskan puolustusvoimat selvitt\u00e4\u00e4, mitk\u00e4 pitk\u00e4n kantaman aseet sopivat parhaiten maan k\u00e4ytt\u00f6\u00f6n. P\u00e4\u00e4t\u00f6st\u00e4 siit\u00e4, mit\u00e4 hankittavat aseet olisivat, ei ole tehty. Jyllands-Postenin mukaan ne voivat ohjuksia tai lennokkeja.<\/p>\n<p class=\"article-body mb-nof-24 px-nof-16\">Tiedossa ei ole my\u00f6sk\u00e4\u00e4n, koska uudet ohjukset olisivat Tanskan k\u00e4yt\u00f6ss\u00e4.<\/p>\n<p class=\"article-body mb-nof-24 px-nof-16\">Yksi vaihtoehto olisivat yhdysvaltalaiset Tomahawk-risteilyohjukset, Jyllands-Postenin haastattelema Tanskan maanpuolustuskorkeakoulun apulaisprofessorin <a class=\"article-personlink\" href=\"https:\/\/www.is.fi\/haku\/?query=S%C3%B8ren%20N%C3%B8rby\" rel=\"nofollow noopener\" target=\"_blank\">S\u00f8ren N\u00f8rby<\/a> sanoo.<\/p>\n<p class=\"article-body mb-nof-24 px-nof-16\">\u2013 Risteilyohjuksilla voisimme iske\u00e4 Ven\u00e4j\u00e4n ohjuksiin Kaliningradissa ennen kuin niit\u00e4 ammutaan Bornholmiiin.<\/p>\n<p class=\"article-body mb-nof-24 px-nof-16\">Tomahawk-ohjusten kantama on 2\u202f500 kilometri\u00e4.<\/p>\n<p class=\"article-body mb-nof-24 px-nof-16\"><a class=\"article-genericlink\" href=\"https:\/\/www.berlingske.dk\/politik\/toppen-af-regeringen-indkalder-til-forsvarstiltag-som-foelge-af-sikkerhedssituationen--foelg-med-her?directpost=10195024\" rel=\"nofollow noopener\" target=\"_blank\">Berlingske-lehden<\/a> mukaan muita vaihtoehtoja olisivat ohjusten tai lennokkien hankkiminen Norjasta tai Ukrainasta.<\/p>\n<p class=\"article-body mb-nof-24 px-nof-16\">Ven\u00e4j\u00e4ll\u00e4 uutista asehankinnoista ei ole otettu ilolla vastaan. Ven\u00e4j\u00e4n Tanskan-suurl\u00e4hettil\u00e4s <a class=\"article-personlink\" href=\"https:\/\/www.is.fi\/haku\/?query=Vladimir%20Barbin\" rel=\"nofollow noopener\" target=\"_blank\">Vladimir Barbin<\/a> kutsuu p\u00e4\u00e4t\u00f6st\u00e4 pitk\u00e4n kantaman aseiden hankkimisesta \u201dpuhtaaksi hulluudeksi\u201d.<\/p>\n<p class=\"article-body mb-nof-24 px-nof-16\">\u2013 Kukaan, miss\u00e4\u00e4n, koskaan ei ole julkisesti harkinnut ydinasevallan julkista uhkaamista. N\u00e4m\u00e4 lausunnot huomioidaan varmasti, h\u00e4n kirjoitti <a class=\"article-genericlink\" href=\"https:\/\/www.dr.dk\/nyheder\/politik\/live-seneste-nyt-fra-dansk-politik\" rel=\"nofollow noopener\" target=\"_blank\">DR:lle<\/a> l\u00e4hett\u00e4m\u00e4ss\u00e4\u00e4n lausunnossa.<\/p>\n<p class=\"article-body mb-nof-24 px-nof-16\">\u2013 T\u00e4st\u00e4 l\u00e4htien meid\u00e4n on oletettava, ett\u00e4 Tanska ei vain huomioi mahdollista sotilaallista yhteenottoa Ven\u00e4j\u00e4n kanssa, vaan my\u00f6s valmistautuu siihen.<\/p>\n<p><img decoding=\"async\" src=\"https:\/\/www.europesays.com\/fi\/wp-content\/uploads\/2025\/09\/1758140348_867_468.jpg\" alt=\"Yhdysvaltain laivasto ampui risteilyohjuksen harjoituksessa vuonna 2018.\" class=\"_Img_tdqg8_1\" style=\"aspect-ratio:1.5023474178403755\" loading=\"eager\"\/><\/p>\n<p class=\"article-picture-caption\">Yhdysvaltain laivasto ampui risteilyohjuksen harjoituksessa vuonna 2018. Kuva:\u00a0Cover Images \/ Zuma Press<\/p>\n","protected":false},"excerpt":{"rendered":"Tanska kertoi viime viikolla hankkivansa yli 9 miljardilla ilmatorjuntaj\u00e4rjestelmi\u00e4. Tanska teki keskiviikkona historiallisen p\u00e4\u00e4t\u00f6ksen hankkia pitk\u00e4n kantaman hy\u00f6kk\u00e4ysaseita,&hellip;\n","protected":false},"author":2,"featured_media":37937,"comment_status":"","ping_status":"","sticky":false,"template":"","format":"standard","meta":{"footnotes":""},"categories":[14],"tags":[22,23,26,27,33,31,30,17,34,24,25,28,29,15,18,21,32,19,20,56,16,59,60,61],"class_list":{"0":"post-37936","1":"post","2":"type-post","3":"status-publish","4":"format-standard","5":"has-post-thumbnail","7":"category-ulkomaat","8":"tag-breaking-news","9":"tag-breakingnews","10":"tag-featured-news","11":"tag-featurednews","12":"tag-fi","13":"tag-finland","14":"tag-finnish","15":"tag-headlines","16":"tag-ilta-sanomat","17":"tag-latest-news","18":"tag-latestnews","19":"tag-main-news","20":"tag-mainnews","21":"tag-news","22":"tag-otsikot","23":"tag-paauutiset","24":"tag-suomi","25":"tag-top-stories","26":"tag-topstories","27":"tag-ulkomaat","28":"tag-uutiset","29":"tag-world","30":"tag-world-news","31":"tag-worldnews"},"share_on_mastodon":{"url":"","error":""},"_links":{"self":[{"href":"https:\/\/www.europesays.com\/fi\/wp-json\/wp\/v2\/posts\/37936","targetHints":{"allow":["GET"]}}],"collection":[{"href":"https:\/\/www.europesays.com\/fi\/wp-json\/wp\/v2\/posts"}],"about":[{"href":"https:\/\/www.europesays.com\/fi\/wp-json\/wp\/v2\/types\/post"}],"author":[{"embeddable":true,"href":"https:\/\/www.europesays.com\/fi\/wp-json\/wp\/v2\/users\/2"}],"replies":[{"embeddable":true,"href":"https:\/\/www.europesays.com\/fi\/wp-json\/wp\/v2\/comments?post=37936"}],"version-history":[{"count":0,"href":"https:\/\/www.europesays.com\/fi\/wp-json\/wp\/v2\/posts\/37936\/revisions"}],"wp:featuredmedia":[{"embeddable":true,"href":"https:\/\/www.europesays.com\/fi\/wp-json\/wp\/v2\/media\/37937"}],"wp:attachment":[{"href":"https:\/\/www.europesays.com\/fi\/wp-json\/wp\/v2\/media?parent=37936"}],"wp:term":[{"taxonomy":"category","embeddable":true,"href":"https:\/\/www.europesays.com\/fi\/wp-json\/wp\/v2\/categories?post=37936"},{"taxonomy":"post_tag","embeddable":true,"href":"https:\/\/www.europesays.com\/fi\/wp-json\/wp\/v2\/tags?post=37936"}],"curies":[{"name":"wp","href":"https:\/\/api.w.org\/{rel}","templated":true}]}}