{"id":37938,"date":"2025-09-17T20:20:09","date_gmt":"2025-09-17T20:20:09","guid":{"rendered":"https:\/\/www.europesays.com\/fi\/37938\/"},"modified":"2025-09-17T20:20:09","modified_gmt":"2025-09-17T20:20:09","slug":"kokonainen-hotelli-varattu-yksityiskayttoon-tampereella-syyta-ei-kerrota","status":"publish","type":"post","link":"https:\/\/www.europesays.com\/fi\/37938\/","title":{"rendered":"Kokonainen hotelli varattu yksityisk\u00e4ytt\u00f6\u00f6n Tampereella, syyt\u00e4 ei kerrota"},"content":{"rendered":"<p>Hotellit|Tampereen Torni-hotellin johtaja ei halunnut kertoa, kuka tai mik\u00e4 taho on varannut koko hotellin k\u00e4ytt\u00f6\u00f6ns\u00e4.<\/p>\n<p class=\"article-body mb-nof-24 px-nof-16\">Kokonainen hotelli on varattu Tampereella yksityisk\u00e4ytt\u00f6\u00f6n ensi viikon perjantaiksi.<\/p>\n<p class=\"article-body mb-nof-24 px-nof-16\">Tampereen maamerkkeihin lukeutuva Torni-hotelli kertoo verkkosivuillaan, ett\u00e4 koko hotelli, mukaan lukien ravintolat ja muut tilat, on varattu yksityisk\u00e4ytt\u00f6\u00f6n perjantaina 26. syyskuuta.<\/p>\n<p class=\"article-body mb-nof-24 px-nof-16\">Hotelli ei ota vastaan muita asiakkaita tuona p\u00e4iv\u00e4n\u00e4. Hotellin verkkosivuilla tekstist\u00e4 k\u00e4y ilmi, ett\u00e4 kyseisen\u00e4 p\u00e4iv\u00e4n\u00e4 j\u00e4rjestet\u00e4\u00e4n jokin tilaisuus.<\/p>\n<p class=\"article-body mb-nof-24 px-nof-16\">\u201dT\u00e4n\u00e4 p\u00e4iv\u00e4n\u00e4 emme voi ottaa vastaan muita asiakkaita, ja palvelumme ovat k\u00e4ytett\u00e4viss\u00e4 vain tilaisuuteen osallistuville.\u201d<\/p>\n<p class=\"article-body mb-nof-24 px-nof-16\">Hotellinjohtaja <a class=\"article-personlink\" href=\"https:\/\/www.hs.fi\/haku\/?query=Eveliina%20Jokinen\" rel=\"nofollow noopener\" target=\"_blank\">Eveliina Jokinen<\/a> ei halunnut kertoa, kuka tai mik\u00e4 taho hotellin on varannut tai mit\u00e4 koko hotellin varaaminen maksaa.<\/p>\n<p class=\"article-body mb-nof-24 px-nof-16\">\u201dEn kommentoi t\u00e4ll\u00e4 hetkell\u00e4 mit\u00e4\u00e4n asiaan liittyen\u201d, Jokinen sanoi.<\/p>\n<p class=\"article-body mb-nof-24 px-nof-16\">Hotelli avautuu muille asiakkaille j\u00e4lleen lauantaina 27. syyskuuta kello 12.<\/p>\n<p class=\"article-body mb-nof-24 px-nof-16\">Torni-hotelli eli virallisemmin Solo Sokos Hotel Torni Tampere avattiin syksyll\u00e4 2014. Se on noin 88 metri\u00e4 korkea ja 25-kerroksinen. Huoneita on yli 300.<\/p>\n<p class=\"article-body mb-nof-24 px-nof-16\">Asiasta kertoi ensimm\u00e4isen\u00e4 <a class=\"article-genericlink\" href=\"https:\/\/www.iltalehti.fi\/kotimaa\/a\/172b2a5a-8fda-4158-ba8a-f16301a0e792\" rel=\"nofollow noopener\" target=\"_blank\">Iltalehti<\/a>.<\/p>\n","protected":false},"excerpt":{"rendered":"Hotellit|Tampereen Torni-hotellin johtaja ei halunnut kertoa, kuka tai mik\u00e4 taho on varannut koko hotellin k\u00e4ytt\u00f6\u00f6ns\u00e4. Kokonainen hotelli on&hellip;\n","protected":false},"author":2,"featured_media":37939,"comment_status":"","ping_status":"","sticky":false,"template":"","format":"standard","meta":{"footnotes":""},"categories":[12],"tags":[22,23,26,27,33,31,30,17,46,24,25,28,29,15,18,21,32,19,20,16],"class_list":{"0":"post-37938","1":"post","2":"type-post","3":"status-publish","4":"format-standard","5":"has-post-thumbnail","7":"category-suomi","8":"tag-breaking-news","9":"tag-breakingnews","10":"tag-featured-news","11":"tag-featurednews","12":"tag-fi","13":"tag-finland","14":"tag-finnish","15":"tag-headlines","16":"tag-helsingin-sanomat","17":"tag-latest-news","18":"tag-latestnews","19":"tag-main-news","20":"tag-mainnews","21":"tag-news","22":"tag-otsikot","23":"tag-paauutiset","24":"tag-suomi","25":"tag-top-stories","26":"tag-topstories","27":"tag-uutiset"},"share_on_mastodon":{"url":"","error":""},"_links":{"self":[{"href":"https:\/\/www.europesays.com\/fi\/wp-json\/wp\/v2\/posts\/37938","targetHints":{"allow":["GET"]}}],"collection":[{"href":"https:\/\/www.europesays.com\/fi\/wp-json\/wp\/v2\/posts"}],"about":[{"href":"https:\/\/www.europesays.com\/fi\/wp-json\/wp\/v2\/types\/post"}],"author":[{"embeddable":true,"href":"https:\/\/www.europesays.com\/fi\/wp-json\/wp\/v2\/users\/2"}],"replies":[{"embeddable":true,"href":"https:\/\/www.europesays.com\/fi\/wp-json\/wp\/v2\/comments?post=37938"}],"version-history":[{"count":0,"href":"https:\/\/www.europesays.com\/fi\/wp-json\/wp\/v2\/posts\/37938\/revisions"}],"wp:featuredmedia":[{"embeddable":true,"href":"https:\/\/www.europesays.com\/fi\/wp-json\/wp\/v2\/media\/37939"}],"wp:attachment":[{"href":"https:\/\/www.europesays.com\/fi\/wp-json\/wp\/v2\/media?parent=37938"}],"wp:term":[{"taxonomy":"category","embeddable":true,"href":"https:\/\/www.europesays.com\/fi\/wp-json\/wp\/v2\/categories?post=37938"},{"taxonomy":"post_tag","embeddable":true,"href":"https:\/\/www.europesays.com\/fi\/wp-json\/wp\/v2\/tags?post=37938"}],"curies":[{"name":"wp","href":"https:\/\/api.w.org\/{rel}","templated":true}]}}