{"id":37947,"date":"2025-09-17T20:37:11","date_gmt":"2025-09-17T20:37:11","guid":{"rendered":"https:\/\/www.europesays.com\/fi\/37947\/"},"modified":"2025-09-17T20:37:11","modified_gmt":"2025-09-17T20:37:11","slug":"jos-elamani-on-tulossa-paatokseensa-minulla-ei-ole-valittamista-ozzy-osbournen-viimeisia-vuosia-luotaava-dokkari-sai-trailerin","status":"publish","type":"post","link":"https:\/\/www.europesays.com\/fi\/37947\/","title":{"rendered":"&#8221;Jos el\u00e4m\u00e4ni on tulossa p\u00e4\u00e4t\u00f6kseens\u00e4, minulla ei ole valittamista&#8221; &#8211; Ozzy Osbournen viimeisi\u00e4 vuosia luotaava dokkari sai trailerin"},"content":{"rendered":"<p>Ozzy Osbournen el\u00e4m\u00e4n viimeisiin vuosiin keskittyv\u00e4 Ozzy: No Escape From Now -dokumentti on saanut virallisen trailerin. Raina saa ensi-iltansa Paramount+-palvelussa 7. p\u00e4iv\u00e4 lokakuuta.<\/p>\n<p>Trailerilla Ozzy ja l\u00e4heiset puhuvat vuoden 2019 onnettomuudesta, joka peruutti tuolloin suunnitelmissa olleen j\u00e4\u00e4hyv\u00e4iskiertueen, sek\u00e4 Ozzyn ja Black Sabbathin j\u00e4\u00e4hyv\u00e4iskonsertista. \u201dJos el\u00e4m\u00e4ni on tulossa p\u00e4\u00e4t\u00f6kseens\u00e4, minulla ei ole valittamista\u201d, Ozzy pohtii p\u00e4tk\u00e4ll\u00e4.<\/p>\n<p>Voit katsoa trailerin kokonaisuudessaan tuosta alta.<\/p>\n<p>Tania Alexanderin ohjaamassa dokkarissa ovat mukana Osbournen perheen lis\u00e4ksi muun muassa Tony Iommi, Duff McKagan, Slash, James Hetfield, Tom Morello sek\u00e4 Billy Corgan.<\/p>\n<p>Ozzyst\u00e4 on tulossa toinenkin dokumentti, BBC:n tuottama Ozzy Osbourne:\u00a0Coming Home, jonka on m\u00e4\u00e4r\u00e4 ilmesty\u00e4 2. lokakuuta.<\/p>\n<p><img loading=\"lazy\" decoding=\"async\" alt=\"YouTube video\" width=\"480\" height=\"360\" data-pin-nopin=\"true\" nopin=\"nopin\" class=\"perfmatters-lazy\" src=\"https:\/\/www.europesays.com\/fi\/wp-content\/uploads\/2025\/09\/1758141431_971_hqdefault.jpg\"\/><\/p>\n<p>Lue my\u00f6s: <a href=\"https:\/\/www.soundi.fi\/uutiset\/hyvasti-ozzy-myos-robert-plant-ac-dc-ghost-ja-zakk-wylde-jattavat-hyvastit-edesmenneelle-suuruudelle\/\" title=\"\u201dHyv\u00e4sti, Ozzy\u201d \u2013 my\u00f6s Robert Plant, AC\/DC, Ghost ja Zakk Wylde j\u00e4tt\u00e4v\u00e4t hyv\u00e4stit edesmenneelle suuruudelle\" class=\"underline-custom !font-montserrat !font-bold !underline-offset-4 !decoration-4 !decoration-tilt-light\" rel=\"nofollow noopener\" target=\"_blank\">\u201dHyv\u00e4sti, Ozzy\u201d \u2013 my\u00f6s Robert Plant, AC\/DC, Ghost ja Zakk Wylde j\u00e4tt\u00e4v\u00e4t hyv\u00e4stit edesmenneelle suuruudelle<\/a><\/p>\n<p>Lue my\u00f6s: <a href=\"https:\/\/www.soundi.fi\/uutiset\/ozzy-oli-ozzy-hamaan-loppuun-asti-gene-simmons-muistelee-edesmennytta-ozzy-osbournea\/\" title=\"\u201dOzzy oli Ozzy hamaan loppuun asti\u201d \u2013 Gene Simmons muistelee edesmennytt\u00e4 Ozzy Osbournea\" class=\"underline-custom !font-montserrat !font-bold !underline-offset-4 !decoration-4 !decoration-tilt-light\" rel=\"nofollow noopener\" target=\"_blank\">\u201dOzzy oli Ozzy hamaan loppuun asti\u201d \u2013 Gene Simmons muistelee edesmennytt\u00e4 Ozzy Osbournea<\/a><\/p>\n","protected":false},"excerpt":{"rendered":"Ozzy Osbournen el\u00e4m\u00e4n viimeisiin vuosiin keskittyv\u00e4 Ozzy: No Escape From Now -dokumentti on saanut virallisen trailerin. Raina saa&hellip;\n","protected":false},"author":2,"featured_media":37948,"comment_status":"","ping_status":"","sticky":false,"template":"","format":"standard","meta":{"footnotes":""},"categories":[132],"tags":[137,33,31,30,195,47,32,109],"class_list":{"0":"post-37947","1":"post","2":"type-post","3":"status-publish","4":"format-standard","5":"has-post-thumbnail","7":"category-musiikki","8":"tag-entertainment","9":"tag-fi","10":"tag-finland","11":"tag-finnish","12":"tag-music","13":"tag-musiikki","14":"tag-suomi","15":"tag-viihde"},"share_on_mastodon":{"url":"","error":""},"_links":{"self":[{"href":"https:\/\/www.europesays.com\/fi\/wp-json\/wp\/v2\/posts\/37947","targetHints":{"allow":["GET"]}}],"collection":[{"href":"https:\/\/www.europesays.com\/fi\/wp-json\/wp\/v2\/posts"}],"about":[{"href":"https:\/\/www.europesays.com\/fi\/wp-json\/wp\/v2\/types\/post"}],"author":[{"embeddable":true,"href":"https:\/\/www.europesays.com\/fi\/wp-json\/wp\/v2\/users\/2"}],"replies":[{"embeddable":true,"href":"https:\/\/www.europesays.com\/fi\/wp-json\/wp\/v2\/comments?post=37947"}],"version-history":[{"count":0,"href":"https:\/\/www.europesays.com\/fi\/wp-json\/wp\/v2\/posts\/37947\/revisions"}],"wp:featuredmedia":[{"embeddable":true,"href":"https:\/\/www.europesays.com\/fi\/wp-json\/wp\/v2\/media\/37948"}],"wp:attachment":[{"href":"https:\/\/www.europesays.com\/fi\/wp-json\/wp\/v2\/media?parent=37947"}],"wp:term":[{"taxonomy":"category","embeddable":true,"href":"https:\/\/www.europesays.com\/fi\/wp-json\/wp\/v2\/categories?post=37947"},{"taxonomy":"post_tag","embeddable":true,"href":"https:\/\/www.europesays.com\/fi\/wp-json\/wp\/v2\/tags?post=37947"}],"curies":[{"name":"wp","href":"https:\/\/api.w.org\/{rel}","templated":true}]}}