{"id":37955,"date":"2025-09-17T20:45:08","date_gmt":"2025-09-17T20:45:08","guid":{"rendered":"https:\/\/www.europesays.com\/fi\/37955\/"},"modified":"2025-09-17T20:45:08","modified_gmt":"2025-09-17T20:45:08","slug":"lahteet-putin-pettamassa-lupauksensa","status":"publish","type":"post","link":"https:\/\/www.europesays.com\/fi\/37955\/","title":{"rendered":"L\u00e4hteet: Putin pett\u00e4m\u00e4ss\u00e4 lupauksensa"},"content":{"rendered":"<p>T\u00e4h\u00e4n artikkeliin on koottu Ukrainan sodan keskeisimm\u00e4t tapahtumat keskiviikolta 17. syyskuuta 2025. Kyseess\u00e4 on sodan 1302. p\u00e4iv\u00e4.<\/p>\n<p><img decoding=\"async\" class=\"image image-show image-preview\" src=\"https:\/\/www.europesays.com\/fi\/wp-content\/uploads\/2025\/09\/3f32c9410d82f8e67c7dab7c27ee11e91b51e3d422bef176d4e32260050aca5d.jpg\" alt=\"\"\/><img decoding=\"async\" class=\"image image-show\" src=\"https:\/\/www.europesays.com\/fi\/wp-content\/uploads\/2025\/09\/1758141908_130_3f32c9410d82f8e67c7dab7c27ee11e91b51e3d422bef176d4e32260050aca5d.jpg\" alt=\"\"\/><\/p>\n<p>Kremliss\u00e4 puntaroidaan ALV:n nostamista, vaikka Putin on luvannut, ettei veroja koroteta. AOP<\/p>\n<ul>\n<li>L\u00e4hteet: Putin pett\u00e4m\u00e4ss\u00e4 lupauksensa<\/li>\n<li>Zelenskyilt\u00e4 hurja arvio sodan hinnasta<\/li>\n<li>Ven\u00e4j\u00e4 haastaa Elon Muskin<\/li>\n<\/ul>\n<p>L\u00e4hteet: Putin pett\u00e4m\u00e4ss\u00e4 lupauksensa<\/p>\n<p class=\"paragraph\">Kreml valmistelee j\u00e4lleen veronkorotuksia, vaikka presidentti <a href=\"https:\/\/www.iltalehti.fi\/henkilot\/Vladimir Putin\" class=\"article-link-person-page\" rel=\"nofollow noopener\" target=\"_blank\">Vladimir Putin<\/a> on julkisesti luvannut p\u00e4invastaista. Asiasta kertoo Reuters l\u00e4hteidens\u00e4 perusteella.<\/p>\n<p class=\"paragraph\">Reutersin mukaan arvonlis\u00e4veron nostoa 20:st\u00e4 22 prosenttiin pidet\u00e4\u00e4n Kremliss\u00e4 ainoana keinona paikata paisuvaa budjettivajetta, sill\u00e4 menopuolta ei juuri voi en\u00e4\u00e4 leikata ilman vaikutuksia sotaan tai sosiaalimenoihin.<\/p>\n<p class=\"paragraph\">Ven\u00e4j\u00e4n valtiovarainministeri <a href=\"https:\/\/www.iltalehti.fi\/henkilot\/Anton Siluanov\" class=\"article-link-person-page\" rel=\"nofollow noopener\" target=\"_blank\">Anton Siluanov<\/a> on luvannut tasapainoisen budjetin vuodelle 2026. T\u00e4n\u00e4 vuonna alij\u00e4\u00e4m\u00e4 voi sen sijaan paisua 5\u20138 biljoonaan ruplaan (noin 51\u201382 miljardia euroa).<\/p>\n<p class=\"paragraph\">Reutersin mukaan Ven\u00e4j\u00e4n keskuspankin p\u00e4\u00e4johtaja <a href=\"https:\/\/www.iltalehti.fi\/henkilot\/Elvira Nabiullina\" class=\"article-link-person-page\" rel=\"nofollow noopener\" target=\"_blank\">Elvira Nabiullina<\/a> antoi viime viikolla ymm\u00e4rt\u00e4\u00e4, ett\u00e4 jos vaihtoehtoina ovat budjettialij\u00e4\u00e4m\u00e4n kasvattaminen tai ALV:n korotus, h\u00e4n pit\u00e4\u00e4 j\u00e4lkimm\u00e4ist\u00e4 parempana.<\/p>\n<p>Zelenskyilt\u00e4 hurja arvio sodan hinnasta<\/p>\n<p class=\"paragraph\">Ukrainan presidentti <strong>Volodymyr Zelenskyi<\/strong> sanoi keskiviikkona, ett\u00e4 Ukrainalta kuluu puolustautumiseen Ven\u00e4j\u00e4n hy\u00f6kk\u00e4yst\u00e4 vastaan 120 miljardia dollaria (noin 100 miljardia euroa) vuodessa.<\/p>\n<p class=\"paragraph\">Ukraina itse kuittaa Zelenskyin mukaan puolet kyseisest\u00e4 summasta, ja loput on hankittava muualta.<\/p>\n<p class=\"paragraph\">Zelenskyi puhuu X:ss\u00e4 turvatakuista. Presidentin mukaan on t\u00e4rke\u00e4\u00e4, ett\u00e4 Ukrainan kumppanit ymm\u00e4rt\u00e4v\u00e4t sodan mittakaavan ja ovat valmiita toimittamaan Ukrainalle aseita ja j\u00e4rjestelmi\u00e4.<\/p>\n<p class=\"paragraph\">Zelenskyin mukaan kyse on kokonaisvaltaisesta turvapaketista, jonka tavoitteena on varmistaa Ukrainan puolustuskyky, armeijan toimintavalmius ja maan j\u00e4lleenrakennus. Samalla pyrit\u00e4\u00e4n luomaan Ven\u00e4j\u00e4lle selke\u00e4 pelote uusia hy\u00f6kk\u00e4yksi\u00e4 vastaan.<\/p>\n<p>Ukrainan presidentti Volodymyr Zelenskyin mukaan Ukraina k\u00e4ytt\u00e4\u00e4 sotaan noin 120 miljardia dollaria vuodessa. ZumaWire \/ MVPHOTOS<\/p>\n<p>Ven\u00e4j\u00e4 haastaa Elon Muskin<\/p>\n<p class=\"paragraph\">Ven\u00e4j\u00e4ll\u00e4 on pian k\u00e4yt\u00f6ss\u00e4\u00e4n vastaavanlainen satelliitti-internet-palvelu kuin miljard\u00f6\u00f6ri <strong>Elon Muskin<\/strong> Starlink, v\u00e4itt\u00e4\u00e4 Ven\u00e4j\u00e4n avaruusvirasto Roskosmosin johtaja <strong>Dmitri Bakanov<\/strong> Ven\u00e4j\u00e4n <a href=\"https:\/\/tass.ru\/kosmos\/25079143\" target=\"_blank\" rel=\"noopener nofollow\">valtionmediassa<\/a>.<\/p>\n<p class=\"paragraph\">Bakanov ei kertonut tarkempia yksityiskohtia, mutta sanoi teknologian tulevan \u201dpian\u201d.<\/p>\n<p class=\"paragraph\">Muskin SpaceX:n operoima Starlink tarjoaa internetpalveluja Maan matalalla kiertoradalla olevien satelliittien verkoston kautta. Sit\u00e4 k\u00e4ytet\u00e4\u00e4n laajasti syrj\u00e4isill\u00e4 alueilla sek\u00e4 konfliktialueilla, kertoo Reuters.<\/p>\n<p>Space X:n Falcon 9 -raketti laukaistiin Floridasta 14. elokuuta. Kuvituskuva.  Joe Marino\/UPI\/Shutterstock, EPA\/AOP<\/p>\n<p>Uhkaava tilanne Euroopan suurimman ydinvoimalan l\u00e4hell\u00e4<\/p>\n<p class=\"paragraph\">Zapori\u017e\u017ejan ydinvoimalan l\u00e4hell\u00e4 kuului tiistaina tykist\u00f6tulen \u00e4\u00e4nt\u00e4, kansainv\u00e4linen atomienergiaj\u00e4rjest\u00f6 IAEA sanoo. Asiasta kertoo uutistoimisto Reuters.<\/p>\n<p class=\"paragraph\">IAEA:n ryhm\u00e4 havaitsi lis\u00e4ksi mustaa savua kolmessa paikassa ydinvoimalan l\u00e4hell\u00e4.<\/p>\n<p class=\"paragraph\">J\u00e4rjest\u00f6 on saanut tiedon, ett\u00e4 useita tykist\u00f6ammuksia osui laitoksen alueen ulkopuolelle, noin 400 metrin p\u00e4\u00e4h\u00e4n ydinlaitoksen dieselpolttoainevarastosta.<\/p>\n<p class=\"paragraph\">\u2013 Vaikkei henkil\u00f6vahingoista tai vaurioista ole raportoitu, tapaus on j\u00e4lleen yksi osoitus jatkuvista vaaroista ydinturvallisuudelle ja -varmuudelle, IAEA:n p\u00e4\u00e4johtaja <a href=\"https:\/\/www.iltalehti.fi\/henkilot\/Rafael Grossi\" class=\"article-link-person-page\" rel=\"nofollow noopener\" target=\"_blank\">Rafael Grossi<\/a> sanoo.<\/p>\n<p class=\"paragraph\">Ven\u00e4j\u00e4 tai Ukraina eiv\u00e4t ole toistaiseksi kommentoineet tapausta.<\/p>\n<p class=\"paragraph\">Ven\u00e4j\u00e4n joukot valtasivat Zapori\u017e\u017ejan ydinvoimalan Ven\u00e4j\u00e4n laajamittaisen hy\u00f6kk\u00e4yssodan alussa. Kyseess\u00e4 on Euroopan suurin ydinvoimala.<\/p>\n<p class=\"paragraph\">Ven\u00e4j\u00e4 ja Ukraina syytt\u00e4v\u00e4t toisiaan s\u00e4\u00e4nn\u00f6llisesti toiminnasta, joka aiheuttaa vaaratilanteita laitoksella.<\/p>\n<p class=\"paragraph\">Alueella ammutaan tykist\u00f6tulta s\u00e4\u00e4nn\u00f6llisesti. Vaikka laitoksen reaktorit on sammutettu, niiden sis\u00e4ll\u00e4 oleva ydinpolttoaine t\u00e4ytyy pit\u00e4\u00e4 j\u00e4\u00e4hdytettyn\u00e4.<\/p>\n<p class=\"paragraph\">Viime viikolla Ven\u00e4j\u00e4n asettama viranomainen sanoi, ett\u00e4 Ukrainan drooni r\u00e4j\u00e4hti ilmassa laitoksen l\u00e4hell\u00e4.<\/p>\n<p class=\"paragraph\">IAEA on vedonnut sodan molempiin osapuoliin, jotta ne eiv\u00e4t aiheuttaisi vaaraa laitoksella. J\u00e4rjest\u00f6 seuraa jatkuvasti tilannetta Ukrainan kaikissa ydinvoimaloissa.<\/p>\n<p>ISW: Putinilla poikkeuksellinen asu<\/p>\n<p class=\"paragraph\">Ven\u00e4j\u00e4n presidentti Vladimir Putin seurasi Ven\u00e4j\u00e4n ja Valko-Ven\u00e4j\u00e4n yhteist\u00e4 Zapad-sotaharjoitusta poikkeuksellisessa asussa, kirjoittaa yhdysvaltalainen ajatushautomo Institute for the study of war (ISW) p\u00e4iv\u00e4raportissaan.<\/p>\n<p class=\"paragraph\">Putin pukeutui sotilasasuun. Kyseess\u00e4 oli ISW:n mukaan vasta toinen kerta, kun Putin k\u00e4ytti sotilasasua vuonna 2022 alkaneen hy\u00f6kk\u00e4yssodan aikana.<\/p>\n<p class=\"paragraph\">Aiemmin Putin esiintyi sotilasasussa, kun Ven\u00e4j\u00e4n joukot ottivat takaisin Ukrainan valtaamia alueita Kurskissa maaliskuussa 2025.<\/p>\n<p class=\"paragraph\">ISW:n analyysin mukaan Putin pukeutui Zapad-harjoituksessa sotilasasuun viesti\u00e4kseen Ven\u00e4j\u00e4n ja Valko-Ven\u00e4j\u00e4n sotilaallista voimaa. Samaan aikaan Ven\u00e4j\u00e4 on eskaloinut sek\u00e4 retoriikkaansa ett\u00e4 toimintaansa Natoa vastaan.<\/p>\n<p class=\"paragraph\">Voit lukea aiheesta lis\u00e4\u00e4 <a href=\"https:\/\/www.iltalehti.fi\/ulkomaat\/2556a20b-7828-4173-a3dd-adcfcabb2792\" rel=\"nofollow noopener\" target=\"_blank\">t\u00e4st\u00e4 jutusta<\/a>.<\/p>\n<p>Ven\u00e4j\u00e4n presidentti Vladimir Putin kuvattiin tiistaina sotilasasussa. Oikealla Ven\u00e4j\u00e4n puolustusministeri Andrei Belousov.  EPA\/AOP<\/p>\n","protected":false},"excerpt":{"rendered":"T\u00e4h\u00e4n artikkeliin on koottu Ukrainan sodan keskeisimm\u00e4t tapahtumat keskiviikolta 17. syyskuuta 2025. Kyseess\u00e4 on sodan 1302. p\u00e4iv\u00e4. Kremliss\u00e4&hellip;\n","protected":false},"author":2,"featured_media":37956,"comment_status":"","ping_status":"","sticky":false,"template":"","format":"standard","meta":{"footnotes":""},"categories":[14],"tags":[35,22,23,124,1628,26,27,33,31,30,17,24,25,28,29,15,18,21,637,32,19,20,56,16,1262,1665,59,60,61],"class_list":{"0":"post-37955","1":"post","2":"type-post","3":"status-publish","4":"format-standard","5":"has-post-thumbnail","7":"category-ulkomaat","8":"tag-24h","9":"tag-breaking-news","10":"tag-breakingnews","11":"tag-energia-sektori","12":"tag-energia-ja-energiavarat","13":"tag-featured-news","14":"tag-featurednews","15":"tag-fi","16":"tag-finland","17":"tag-finnish","18":"tag-headlines","19":"tag-latest-news","20":"tag-latestnews","21":"tag-main-news","22":"tag-mainnews","23":"tag-news","24":"tag-otsikot","25":"tag-paauutiset","26":"tag-politiikka","27":"tag-suomi","28":"tag-top-stories","29":"tag-topstories","30":"tag-ulkomaat","31":"tag-uutiset","32":"tag-venajan-politiikka","33":"tag-venalaiset-poliitikot","34":"tag-world","35":"tag-world-news","36":"tag-worldnews"},"share_on_mastodon":{"url":"","error":""},"_links":{"self":[{"href":"https:\/\/www.europesays.com\/fi\/wp-json\/wp\/v2\/posts\/37955","targetHints":{"allow":["GET"]}}],"collection":[{"href":"https:\/\/www.europesays.com\/fi\/wp-json\/wp\/v2\/posts"}],"about":[{"href":"https:\/\/www.europesays.com\/fi\/wp-json\/wp\/v2\/types\/post"}],"author":[{"embeddable":true,"href":"https:\/\/www.europesays.com\/fi\/wp-json\/wp\/v2\/users\/2"}],"replies":[{"embeddable":true,"href":"https:\/\/www.europesays.com\/fi\/wp-json\/wp\/v2\/comments?post=37955"}],"version-history":[{"count":0,"href":"https:\/\/www.europesays.com\/fi\/wp-json\/wp\/v2\/posts\/37955\/revisions"}],"wp:featuredmedia":[{"embeddable":true,"href":"https:\/\/www.europesays.com\/fi\/wp-json\/wp\/v2\/media\/37956"}],"wp:attachment":[{"href":"https:\/\/www.europesays.com\/fi\/wp-json\/wp\/v2\/media?parent=37955"}],"wp:term":[{"taxonomy":"category","embeddable":true,"href":"https:\/\/www.europesays.com\/fi\/wp-json\/wp\/v2\/categories?post=37955"},{"taxonomy":"post_tag","embeddable":true,"href":"https:\/\/www.europesays.com\/fi\/wp-json\/wp\/v2\/tags?post=37955"}],"curies":[{"name":"wp","href":"https:\/\/api.w.org\/{rel}","templated":true}]}}