{"id":37961,"date":"2025-09-17T20:48:14","date_gmt":"2025-09-17T20:48:14","guid":{"rendered":"https:\/\/www.europesays.com\/fi\/37961\/"},"modified":"2025-09-17T20:48:14","modified_gmt":"2025-09-17T20:48:14","slug":"kannosta-paljastui-hauska-naky-ilta-sanomat","status":"publish","type":"post","link":"https:\/\/www.europesays.com\/fi\/37961\/","title":{"rendered":"Kannosta paljastui hauska n\u00e4ky &#8211; Ilta-Sanomat"},"content":{"rendered":"<p>Luonto oli piirt\u00e4nyt kannon sis\u00e4\u00e4n hienon kuvan.<\/p>\n<p>15.9. 12:37<\/p>\n<p class=\"article-body mb-nof-24 px-nof-16\">Etel\u00e4-Savossa Sulkavalla Iij\u00e4rven rannalla m\u00f6kin omistava <a class=\"article-personlink\" href=\"https:\/\/www.is.fi\/haku\/?query=Marcus%20Ekholm\" rel=\"nofollow noopener\" target=\"_blank\">Marcus Ekholm<\/a> pilkkoi koivun kannosta klapeja varastoon, kun h\u00e4n t\u00f6rm\u00e4si hauskaan n\u00e4kyyn.<\/p>\n<p class=\"article-body mb-nof-24 px-nof-16\">\u2013 P\u00e4tkin 40 senttisi\u00e4 p\u00e4tki\u00e4 kuivumaan talveksi, kun huomasin, ett\u00e4 yhdess\u00e4 oli tummempi j\u00e4lki sis\u00e4ll\u00e4.<\/p>\n<p class=\"article-body mb-nof-24 px-nof-16\">Tarkemmin katsottuna koivun kannon sis\u00e4st\u00e4 l\u00f6ytynyt j\u00e4lki muistutti erehdytt\u00e4v\u00e4sti tylpp\u00e4nokkaista lintua.<\/p>\n<p class=\"article-body mb-nof-24 px-nof-16\">\u2013 Aika selv\u00e4sti siin\u00e4 n\u00e4kyi jokin tikka tai muu lintu, joka on ly\u00f6nyt nokkansa lyttyyn.<\/p>\n<p class=\"article-body mb-nof-24 px-nof-16\">Ekholm kertoo n\u00e4hneens\u00e4 erin\u00e4isi\u00e4 ep\u00e4m\u00e4\u00e4r\u00e4isi\u00e4 kuvioita klapeissa ennenkin, mutta vastaavanlaista, h\u00e4mm\u00e4stytt\u00e4v\u00e4n tarkkarajaista taideteosta h\u00e4n ei ole aiemmin n\u00e4hnyt.<\/p>\n<p class=\"article-body mb-nof-24 px-nof-16\">Polttopuuksi ainutlaatuinen koivuklapi ei jouda. Jos klapi ei talven aikana kuivuessaan halkea, Ekholm suunnittelee tekev\u00e4ns\u00e4 siit\u00e4 kev\u00e4\u00e4ll\u00e4 pannunalusen.<\/p>\n<p class=\"article-body mb-nof-24 px-nof-16\">\u2013 Kyll\u00e4 tuo jollain tapaa pit\u00e4\u00e4 s\u00e4ilytt\u00e4\u00e4. Ei muuta kuin pist\u00e4\u00e4 sen muutaman sentin paksuiseksi ja lakkaa pintaan. Siit\u00e4 voi tulla ihan hieno, kun j\u00e4tt\u00e4\u00e4 kaarnat esiin, Ekholm pohtii.<\/p>\n","protected":false},"excerpt":{"rendered":"Luonto oli piirt\u00e4nyt kannon sis\u00e4\u00e4n hienon kuvan. 15.9. 12:37 Etel\u00e4-Savossa Sulkavalla Iij\u00e4rven rannalla m\u00f6kin omistava Marcus Ekholm pilkkoi&hellip;\n","protected":false},"author":2,"featured_media":37962,"comment_status":"","ping_status":"","sticky":false,"template":"","format":"standard","meta":{"footnotes":""},"categories":[117],"tags":[33,31,30,34,72,476,118,32,119,477],"class_list":{"0":"post-37961","1":"post","2":"type-post","3":"status-publish","4":"format-standard","5":"has-post-thumbnail","7":"category-luonto","8":"tag-fi","9":"tag-finland","10":"tag-finnish","11":"tag-ilta-sanomat","12":"tag-luonto","13":"tag-nature","14":"tag-science","15":"tag-suomi","16":"tag-tiede","17":"tag-wildlife"},"share_on_mastodon":{"url":"","error":""},"_links":{"self":[{"href":"https:\/\/www.europesays.com\/fi\/wp-json\/wp\/v2\/posts\/37961","targetHints":{"allow":["GET"]}}],"collection":[{"href":"https:\/\/www.europesays.com\/fi\/wp-json\/wp\/v2\/posts"}],"about":[{"href":"https:\/\/www.europesays.com\/fi\/wp-json\/wp\/v2\/types\/post"}],"author":[{"embeddable":true,"href":"https:\/\/www.europesays.com\/fi\/wp-json\/wp\/v2\/users\/2"}],"replies":[{"embeddable":true,"href":"https:\/\/www.europesays.com\/fi\/wp-json\/wp\/v2\/comments?post=37961"}],"version-history":[{"count":0,"href":"https:\/\/www.europesays.com\/fi\/wp-json\/wp\/v2\/posts\/37961\/revisions"}],"wp:featuredmedia":[{"embeddable":true,"href":"https:\/\/www.europesays.com\/fi\/wp-json\/wp\/v2\/media\/37962"}],"wp:attachment":[{"href":"https:\/\/www.europesays.com\/fi\/wp-json\/wp\/v2\/media?parent=37961"}],"wp:term":[{"taxonomy":"category","embeddable":true,"href":"https:\/\/www.europesays.com\/fi\/wp-json\/wp\/v2\/categories?post=37961"},{"taxonomy":"post_tag","embeddable":true,"href":"https:\/\/www.europesays.com\/fi\/wp-json\/wp\/v2\/tags?post=37961"}],"curies":[{"name":"wp","href":"https:\/\/api.w.org\/{rel}","templated":true}]}}