{"id":37988,"date":"2025-09-17T21:36:17","date_gmt":"2025-09-17T21:36:17","guid":{"rendered":"https:\/\/www.europesays.com\/fi\/37988\/"},"modified":"2025-09-17T21:36:17","modified_gmt":"2025-09-17T21:36:17","slug":"teknologiateollisuus-on-kituliaan-virkistymisen-tiella","status":"publish","type":"post","link":"https:\/\/www.europesays.com\/fi\/37988\/","title":{"rendered":"Teknologiateollisuus on \u201dkituliaan virkistymisen\u201d tiell\u00e4"},"content":{"rendered":"<p>Suhdanne|Teknologiateollisuuden j\u00e4senkyselyn mukaan kasvu on edelleen kituliasta.<\/p>\n<p>17.9. 6:00 | P\u00e4ivitetty 17.9. 14:12<\/p>\n<p>Lue tiivistelm\u00e4<\/p>\n<p>Tiivistelm\u00e4 on teko\u00e4lyn tekem\u00e4 ja ihmisen tarkistama.<\/p>\n<p class=\"article-body mb-nof-24 px-nof-16 sndp-summary-bullet-point-font\">Teknologiateollisuuden suhdannetilanne on kohentunut hieman, mutta kasvu on yh\u00e4 hidasta, kertoo Teknologiateollisuus ry:n kysely.<\/p>\n<p class=\"article-body mb-nof-24 px-nof-16 sndp-summary-bullet-point-font\">Johtavan ekonomistin Hanne Mikkosen mukaan suhdannekuopan pohja ohitettiin kev\u00e4\u00e4ll\u00e4, mutta kasvua hidastaa edelleen ep\u00e4varmuus.<\/p>\n<p class=\"article-body mb-nof-24 px-nof-16 sndp-summary-bullet-point-font\">Yritykset saavat runsaasti tarjouspyynt\u00f6j\u00e4, mutta ostop\u00e4\u00e4t\u00f6kset viiv\u00e4styv\u00e4t, mik\u00e4 voi johtaa patoutuneen kysynn\u00e4n purkautumiseen talvella.<\/p>\n<p class=\"article-body mb-nof-24 px-nof-16\">Teknologiateollisuuden suhdannetilanne on kohentunut viime kuukausina v\u00e4hitellen, mutta kasvu on edelleen kituliasta.<\/p>\n<p class=\"article-body mb-nof-24 px-nof-16\">Teknologiateollisuus ry:n j\u00e4senyrityksilleen tekem\u00e4n kyselyn mukaan alan tilauskannat, tuotanto ja ty\u00f6llisyys ovat alkukes\u00e4\u00e4n verrattuna hiukan parantuneet. Kasvun perusta on kuitenkin yh\u00e4 hauras ja riippuvainen kansainv\u00e4lisen talouden k\u00e4\u00e4nteist\u00e4.<\/p>\n<p class=\"article-body mb-nof-24 px-nof-16\">Ep\u00e4varmuus n\u00e4kyy yrityksiss\u00e4 varovaisuutena investoinneissa ja asiakkaiden p\u00e4\u00e4t\u00f6ksenteon viiv\u00e4stymisen\u00e4.<\/p>\n<p class=\"article-body mb-nof-24 px-nof-16\">Teknologiateollisuus ry:n johtava ekonomisti <a class=\"article-personlink\" href=\"https:\/\/www.hs.fi\/haku\/?query=Hanne%20Mikkonen\" rel=\"nofollow noopener\" target=\"_blank\">Hanne Mikkonen<\/a> sanoo, ett\u00e4 suhdannekuopan pohja ohitettiin kev\u00e4\u00e4ll\u00e4 ja odotukset nousivat.<\/p>\n<p class=\"article-body mb-nof-24 px-nof-16\">\u201dOdotukset n\u00e4yttiv\u00e4t viel\u00e4 maaliskuussa hyv\u00e4lt\u00e4, mutta sen j\u00e4lkeinen tullisirkus kampitti kasvua. Reippaan nousun sijaan olemme p\u00e4\u00e4tyneet kituliaan virkistymisen tielle\u201d, Mikkonen sanoo etuj\u00e4rjest\u00f6n tiedotteessa.<\/p>\n<p class=\"article-body mb-nof-24 px-nof-16\">Tuoreessa kyselyss\u00e4 palvelualat eli tietotekniikka sek\u00e4 suunnittelu ja konsultointi arvioivat tilanteensa kohentuneen teollisuutta enemm\u00e4n.<\/p>\n<p class=\"article-body mb-nof-24 px-nof-16\">Suuret vientiyritykset arvioivat huolestuttavasti talouden n\u00e4kym\u00e4\u00e4 pienempi\u00e4 yrityksi\u00e4 varovaisemmin. Viimeaikaiset uutiset ter\u00e4stullien mahdollisesta laajentamisesta ter\u00e4st\u00e4 k\u00e4ytt\u00e4viin lopputuotteisiin luovat ep\u00e4varmuutta vientiteollisuuteen, Teknologiateollisuus arvioi.<\/p>\n<p class=\"article-body mb-nof-24 px-nof-16\">Mikkosen mukaan yritykset raportoivat saavansa runsaasti tarjouspyynt\u00f6j\u00e4, mutta ostop\u00e4\u00e4t\u00f6kset viiv\u00e4styv\u00e4t. H\u00e4n arvioi, ett\u00e4 t\u00e4m\u00e4 patoutunut kysynt\u00e4 voi purkautua my\u00f6hemmin talven aikana.<\/p>\n<p class=\"article-body mb-nof-24 px-nof-16\">Teknologiateollisuuden tuotannon ennakoidaan kasvavan kyselyn mukaan syksyll\u00e4 uusien tilausten ansiosta. Henkil\u00f6st\u00f6m\u00e4\u00e4r\u00e4n selke\u00e4 kasvu kuitenkin edellytt\u00e4isi tilauskannan ripe\u00e4mp\u00e4\u00e4 vahvistumista.<\/p>\n<p class=\"article-body mb-nof-24 px-nof-16\">Vaikka kokonaisinvestoinnit ovat v\u00e4hentyneet, yritykset pit\u00e4v\u00e4t kiinni panostuksista digitalisaatioon sek\u00e4 tutkimus- ja kehitystoimintaan.<\/p>\n<p class=\"article-body mb-nof-24 px-nof-16\">Per\u00e4ti 85 prosenttia yrityksist\u00e4 kertoi kyselyss\u00e4 investoivansa t\u00e4n\u00e4 vuonna teko\u00e4lyyn. Sen sijaan toimitiloihin ja koneisiin kohdistuvat investoinnit ovat laskussa.<\/p>\n<p class=\"article-body mb-nof-24 px-nof-16\">Teknobaro-kysely tehtiin 8.\u201312. syyskuuta. Siihen vastasi 357 Teknologiateollisuus ry:n j\u00e4senyrityst\u00e4.<\/p>\n<p class=\"article-body nof-ui-body-medium mb-nof-24 px-nof-16\">Oikaisu 17.9.2025 klo 14.10: Otsikossa kerrottiin aiemmin virheellisesti, ett\u00e4 teknologiateollisuuden yritykset investoivat l\u00e4hes pelk\u00e4st\u00e4\u00e4n teko\u00e4lyyn.<\/p>\n","protected":false},"excerpt":{"rendered":"Suhdanne|Teknologiateollisuuden j\u00e4senkyselyn mukaan kasvu on edelleen kituliasta. 17.9. 6:00 | P\u00e4ivitetty 17.9. 14:12 Lue tiivistelm\u00e4 Tiivistelm\u00e4 on teko\u00e4lyn&hellip;\n","protected":false},"author":2,"featured_media":19615,"comment_status":"","ping_status":"","sticky":false,"template":"","format":"standard","meta":{"footnotes":""},"categories":[76],"tags":[79,77,33,31,30,46,32,78],"class_list":{"0":"post-37988","1":"post","2":"type-post","3":"status-publish","4":"format-standard","5":"has-post-thumbnail","7":"category-talous","8":"tag-business","9":"tag-economy","10":"tag-fi","11":"tag-finland","12":"tag-finnish","13":"tag-helsingin-sanomat","14":"tag-suomi","15":"tag-talous"},"share_on_mastodon":{"url":"","error":""},"_links":{"self":[{"href":"https:\/\/www.europesays.com\/fi\/wp-json\/wp\/v2\/posts\/37988","targetHints":{"allow":["GET"]}}],"collection":[{"href":"https:\/\/www.europesays.com\/fi\/wp-json\/wp\/v2\/posts"}],"about":[{"href":"https:\/\/www.europesays.com\/fi\/wp-json\/wp\/v2\/types\/post"}],"author":[{"embeddable":true,"href":"https:\/\/www.europesays.com\/fi\/wp-json\/wp\/v2\/users\/2"}],"replies":[{"embeddable":true,"href":"https:\/\/www.europesays.com\/fi\/wp-json\/wp\/v2\/comments?post=37988"}],"version-history":[{"count":0,"href":"https:\/\/www.europesays.com\/fi\/wp-json\/wp\/v2\/posts\/37988\/revisions"}],"wp:featuredmedia":[{"embeddable":true,"href":"https:\/\/www.europesays.com\/fi\/wp-json\/wp\/v2\/media\/19615"}],"wp:attachment":[{"href":"https:\/\/www.europesays.com\/fi\/wp-json\/wp\/v2\/media?parent=37988"}],"wp:term":[{"taxonomy":"category","embeddable":true,"href":"https:\/\/www.europesays.com\/fi\/wp-json\/wp\/v2\/categories?post=37988"},{"taxonomy":"post_tag","embeddable":true,"href":"https:\/\/www.europesays.com\/fi\/wp-json\/wp\/v2\/tags?post=37988"}],"curies":[{"name":"wp","href":"https:\/\/api.w.org\/{rel}","templated":true}]}}