{"id":38023,"date":"2025-09-17T22:29:08","date_gmt":"2025-09-17T22:29:08","guid":{"rendered":"https:\/\/www.europesays.com\/fi\/38023\/"},"modified":"2025-09-17T22:29:08","modified_gmt":"2025-09-17T22:29:08","slug":"times-britannia-aikoo-tunnustaa-palestiinan-valtion-tulevana-viikonloppuna-uutisia-lyhyesti","status":"publish","type":"post","link":"https:\/\/www.europesays.com\/fi\/38023\/","title":{"rendered":"Times: Britannia aikoo tunnustaa Palestiinan valtion tulevana viikonloppuna | Uutisia lyhyesti"},"content":{"rendered":"<p class=\"aw-1gybjub aw-5vja16 cmIuaG zKETg yle__article__paragraph\">Times-lehden l\u00e4hteiden mukaan Britannian hallitus tunnustaa Palestiinan valtion sen j\u00e4lkeen, kun Yhdysvaltain presidentin Donald Trumpin valtiovierailu Britanniassa on p\u00e4\u00e4ttynyt.<\/p>\n<p><img decoding=\"async\" alt=\"Palestiinalaishallinnon presidentti Mahmud Abbas tapasi Britannian p\u00e4\u00e4ministeri Keir Starmerin.\" src=\"https:\/\/www.europesays.com\/fi\/wp-content\/uploads\/2025\/09\/39-151926968bf52e836719.jpeg\" class=\"aw-1l9m598 hKVVvP\"\/><\/p>\n<p>Avaa kuvien katselu<\/p>\n<p>Arkistokuva. Palestiinalaishallinnon presidentti Mahmud Abbas tapasi Britannian p\u00e4\u00e4ministerin Keir Starmerin Lontoossa 8. syyskuuta. Kuva: EPA \/ Tolga Akmen<\/p>\n<p>17.9. 23:40\u2022P\u00e4ivitetty 0:05<\/p>\n<p class=\"aw-1gybjub aw-1p7kakr cmIuaG fmSRng yle__article__paragraph\">Britannia aikoo tunnustaa Palestiinan valtion tulevana viikonloppuna, uutisoi Times-lehti.<\/p>\n<p class=\"aw-1gybjub aw-1p7kakr cmIuaG fmSRng yle__article__paragraph\">Lehden nimett\u00f6m\u00e4n\u00e4 pysyttelevien l\u00e4hteiden mukaan Britannian hallitus tunnustaa Palestiinan valtion muodollisesti sen j\u00e4lkeen, kun Palestiinan tunnustamista vastustavan Yhdysvaltain presidentin <strong class=\"aw-ak79eh KyCXm yle__article__strong\">Donald Trumpin<\/strong> valtiovierailu Britanniassa on p\u00e4\u00e4ttynyt. Trumpin vierailun on m\u00e4\u00e4r\u00e4 p\u00e4\u00e4tty\u00e4 torstaina.<\/p>\n<p class=\"aw-1gybjub aw-1p7kakr cmIuaG fmSRng yle__article__paragraph\">Britannian p\u00e4\u00e4ministeri <strong class=\"aw-ak79eh KyCXm yle__article__strong\">Keir Starmer<\/strong> ilmoitti hein\u00e4kuussa, ett\u00e4 h\u00e4nen hallitus aikoo tunnustaa Palestiinan, ellei Israel aio lievitt\u00e4\u00e4 ihmisten k\u00e4rsimyst\u00e4 Gazan kaistalla ja tavoitella aselepoa terroristij\u00e4rjest\u00f6 Hamasin kanssa.<\/p>\n<p class=\"aw-1gybjub aw-1p7kakr cmIuaG fmSRng yle__article__paragraph\">Hein\u00e4kuussa Trump kommentoi Starmerin ilmoitusta sanomalla, ettei h\u00e4nt\u00e4 haittaisi Britannian ratkaisu asiassa. My\u00f6hemmin Yhdysvaltojen kanta asiassa on muuttunut ja se on sanonut vastustavansa liittolaistensa aikeita tunnustaa Palestiina.<\/p>\n<p class=\"aw-1gybjub aw-1p7kakr cmIuaG fmSRng yle__article__paragraph\">Starmer on sanonut Britannian tunnustavan Palestiinan valtion Yhdistyneiden kansakuntien yleiskokouksessa ensi viikolla, jos Israel ryhdy merkitt\u00e4viin toimiin Gazan humanitaarisen kriisin lopettamiseksi. Starmerin oma ty\u00f6v\u00e4enpuolue on vaatinut p\u00e4\u00e4ministeri\u00e4 ottamaan tiukempaa linjaa Israelin suhteen.<\/p>\n<p class=\"aw-1gybjub aw-1p7kakr cmIuaG fmSRng yle__article__paragraph\">Britannian lis\u00e4ksi my\u00f6s Ranska, Kanada ja Australia ovat sanoneet aikovansa tunnustaa Palestiinan valtion YK:n yleiskokouksessa syyskuussa. Israelin mukaan t\u00e4m\u00e4 ratkaisu toimisi palkintona Hamasille.<\/p>\n<p class=\"aw-1gybjub aw-1p7kakr cmIuaG fmSRng yle__article__paragraph\">Britannia on pitk\u00e4\u00e4n tukenut kahden valtion mallia alueella pitk\u00e4\u00e4n jatkuneen konfliktin ratkaisemiseksi, mutta vasta kun ajankohta on sopiva.<\/p>\n<p class=\"aw-1gybjub aw-1p7kakr cmIuaG fmSRng yle__article__paragraph\">L\u00e4hde: Reuters<\/p>\n","protected":false},"excerpt":{"rendered":"Times-lehden l\u00e4hteiden mukaan Britannian hallitus tunnustaa Palestiinan valtion sen j\u00e4lkeen, kun Yhdysvaltain presidentin Donald Trumpin valtiovierailu Britanniassa on&hellip;\n","protected":false},"author":2,"featured_media":38024,"comment_status":"","ping_status":"","sticky":false,"template":"","format":"standard","meta":{"footnotes":""},"categories":[14],"tags":[22,23,1775,585,26,27,33,31,30,994,505,17,993,70,10517,992,24,25,28,29,15,18,21,3407,32,19,20,56,16,4757,59,60,61],"class_list":{"0":"post-38023","1":"post","2":"type-post","3":"status-publish","4":"format-standard","5":"has-post-thumbnail","7":"category-ulkomaat","8":"tag-breaking-news","9":"tag-breakingnews","10":"tag-britannia","11":"tag-donald-trump","12":"tag-featured-news","13":"tag-featurednews","14":"tag-fi","15":"tag-finland","16":"tag-finnish","17":"tag-gazan-kaista","18":"tag-gazan-sota","19":"tag-headlines","20":"tag-israel","21":"tag-kansainvalinen-politiikka","22":"tag-keir-starmer","23":"tag-lahi-ita","24":"tag-latest-news","25":"tag-latestnews","26":"tag-main-news","27":"tag-mainnews","28":"tag-news","29":"tag-otsikot","30":"tag-paauutiset","31":"tag-palestiina-valtio","32":"tag-suomi","33":"tag-top-stories","34":"tag-topstories","35":"tag-ulkomaat","36":"tag-uutiset","37":"tag-valtion-tunnustaminen","38":"tag-world","39":"tag-world-news","40":"tag-worldnews"},"share_on_mastodon":{"url":"","error":""},"_links":{"self":[{"href":"https:\/\/www.europesays.com\/fi\/wp-json\/wp\/v2\/posts\/38023","targetHints":{"allow":["GET"]}}],"collection":[{"href":"https:\/\/www.europesays.com\/fi\/wp-json\/wp\/v2\/posts"}],"about":[{"href":"https:\/\/www.europesays.com\/fi\/wp-json\/wp\/v2\/types\/post"}],"author":[{"embeddable":true,"href":"https:\/\/www.europesays.com\/fi\/wp-json\/wp\/v2\/users\/2"}],"replies":[{"embeddable":true,"href":"https:\/\/www.europesays.com\/fi\/wp-json\/wp\/v2\/comments?post=38023"}],"version-history":[{"count":0,"href":"https:\/\/www.europesays.com\/fi\/wp-json\/wp\/v2\/posts\/38023\/revisions"}],"wp:featuredmedia":[{"embeddable":true,"href":"https:\/\/www.europesays.com\/fi\/wp-json\/wp\/v2\/media\/38024"}],"wp:attachment":[{"href":"https:\/\/www.europesays.com\/fi\/wp-json\/wp\/v2\/media?parent=38023"}],"wp:term":[{"taxonomy":"category","embeddable":true,"href":"https:\/\/www.europesays.com\/fi\/wp-json\/wp\/v2\/categories?post=38023"},{"taxonomy":"post_tag","embeddable":true,"href":"https:\/\/www.europesays.com\/fi\/wp-json\/wp\/v2\/tags?post=38023"}],"curies":[{"name":"wp","href":"https:\/\/api.w.org\/{rel}","templated":true}]}}