{"id":38025,"date":"2025-09-17T22:30:09","date_gmt":"2025-09-17T22:30:09","guid":{"rendered":"https:\/\/www.europesays.com\/fi\/38025\/"},"modified":"2025-09-17T22:30:09","modified_gmt":"2025-09-17T22:30:09","slug":"tallinkin-alus-joutui-kaantymaan-takaisin-helsingissa","status":"publish","type":"post","link":"https:\/\/www.europesays.com\/fi\/38025\/","title":{"rendered":"Tallinkin alus joutui k\u00e4\u00e4ntym\u00e4\u00e4n takaisin Helsingiss\u00e4"},"content":{"rendered":"<p>Laiva joutui k\u00e4\u00e4ntym\u00e4\u00e4n takaisin pian l\u00e4hd\u00f6n j\u00e4lkeen.<\/p>\n<p><img decoding=\"async\" class=\"image image-show image-preview\" src=\"https:\/\/www.europesays.com\/fi\/wp-content\/uploads\/2025\/09\/0f498c851c61462b26f6298339ab768c5ffb970379ce2f69114455eb316390ba.jpg\" alt=\"\"\/><img decoding=\"async\" class=\"image image-show\" src=\"https:\/\/www.europesays.com\/fi\/wp-content\/uploads\/2025\/09\/1758148209_214_0f498c851c61462b26f6298339ab768c5ffb970379ce2f69114455eb316390ba.jpg\" alt=\"\"\/><\/p>\n<p>M\/S Victoria l\u00e4hti Helsingist\u00e4 kohti Tallinnaa alun perin kello 18.35. Kuvituskuva. KIMMO HAAPALA<\/p>\n<p class=\"paragraph\">Tallink Siljan risteilylaiva M\/S Victorialla sattui keskiviikkoiltana sairaustapaus.<\/p>\n<p class=\"paragraph\">Laiva joutui k\u00e4\u00e4ntym\u00e4\u00e4n takaisin pian l\u00e4hd\u00f6n j \u00e4lkeen tapauksen vuoksi.<\/p>\n<p class=\"paragraph\">Laiva p\u00e4\u00e4si jatkamaan matkaansa kello 19.45, kertoo viestitse Tallink Siljan viestint\u00e4johtaja <strong>Marika N\u00f6jd<\/strong>.<\/p>\n<p class=\"paragraph\">M\/S Victoria l\u00e4hti Helsingist\u00e4 kohti Tallinnaa alun perin kello 18.35.<\/p>\n<p class=\"paragraph\">N\u00f6jdill\u00e4 ei ole tarkempaa tietoa sairaustapauksen yksityiskohdista.<\/p>\n","protected":false},"excerpt":{"rendered":"Laiva joutui k\u00e4\u00e4ntym\u00e4\u00e4n takaisin pian l\u00e4hd\u00f6n j\u00e4lkeen. M\/S Victoria l\u00e4hti Helsingist\u00e4 kohti Tallinnaa alun perin kello 18.35. Kuvituskuva.&hellip;\n","protected":false},"author":2,"featured_media":38026,"comment_status":"","ping_status":"","sticky":false,"template":"","format":"standard","meta":{"footnotes":""},"categories":[12],"tags":[35,22,23,26,27,33,31,30,17,24,25,121,28,29,3036,3037,15,18,21,32,19,20,16,2569,2568],"class_list":{"0":"post-38025","1":"post","2":"type-post","3":"status-publish","4":"format-standard","5":"has-post-thumbnail","7":"category-suomi","8":"tag-24h","9":"tag-breaking-news","10":"tag-breakingnews","11":"tag-featured-news","12":"tag-featurednews","13":"tag-fi","14":"tag-finland","15":"tag-finnish","16":"tag-headlines","17":"tag-latest-news","18":"tag-latestnews","19":"tag-liikenne-ja-kuljetus","20":"tag-main-news","21":"tag-mainnews","22":"tag-meri-ja-rannikkoliikenne","23":"tag-meriliikenteen-henkilokuljetus","24":"tag-news","25":"tag-otsikot","26":"tag-paauutiset","27":"tag-suomi","28":"tag-top-stories","29":"tag-topstories","30":"tag-uutiset","31":"tag-vesikulkuneuvot","32":"tag-vesiliikenne"},"share_on_mastodon":{"url":"","error":""},"_links":{"self":[{"href":"https:\/\/www.europesays.com\/fi\/wp-json\/wp\/v2\/posts\/38025","targetHints":{"allow":["GET"]}}],"collection":[{"href":"https:\/\/www.europesays.com\/fi\/wp-json\/wp\/v2\/posts"}],"about":[{"href":"https:\/\/www.europesays.com\/fi\/wp-json\/wp\/v2\/types\/post"}],"author":[{"embeddable":true,"href":"https:\/\/www.europesays.com\/fi\/wp-json\/wp\/v2\/users\/2"}],"replies":[{"embeddable":true,"href":"https:\/\/www.europesays.com\/fi\/wp-json\/wp\/v2\/comments?post=38025"}],"version-history":[{"count":0,"href":"https:\/\/www.europesays.com\/fi\/wp-json\/wp\/v2\/posts\/38025\/revisions"}],"wp:featuredmedia":[{"embeddable":true,"href":"https:\/\/www.europesays.com\/fi\/wp-json\/wp\/v2\/media\/38026"}],"wp:attachment":[{"href":"https:\/\/www.europesays.com\/fi\/wp-json\/wp\/v2\/media?parent=38025"}],"wp:term":[{"taxonomy":"category","embeddable":true,"href":"https:\/\/www.europesays.com\/fi\/wp-json\/wp\/v2\/categories?post=38025"},{"taxonomy":"post_tag","embeddable":true,"href":"https:\/\/www.europesays.com\/fi\/wp-json\/wp\/v2\/tags?post=38025"}],"curies":[{"name":"wp","href":"https:\/\/api.w.org\/{rel}","templated":true}]}}