{"id":38027,"date":"2025-09-17T22:31:11","date_gmt":"2025-09-17T22:31:11","guid":{"rendered":"https:\/\/www.europesays.com\/fi\/38027\/"},"modified":"2025-09-17T22:31:11","modified_gmt":"2025-09-17T22:31:11","slug":"taman-charlie-kirkin-murha-osoitti-jalleen-patee-myos-suomessa","status":"publish","type":"post","link":"https:\/\/www.europesays.com\/fi\/38027\/","title":{"rendered":"T\u00e4m\u00e4n Charlie Kirkin murha osoitti j\u00e4lleen \u2013 P\u00e4tee my\u00f6s Suomessa"},"content":{"rendered":"<p><a href=\"https:\/\/www.iltalehti.fi\/kirjoittajat\/Juha Ristam\u00e4ki\" class=\"article-description-pov-author\" rel=\"nofollow noopener\" target=\"_blank\"><\/p>\n<p>Juha Ristam\u00e4ki<\/p>\n<p><img decoding=\"async\" class=\"author-image\" src=\"https:\/\/www.europesays.com\/fi\/wp-content\/uploads\/2025\/09\/31074260e5d4e513b485c555ddfb5e7d30c67d0d002845325da12ddc68a463d9.png\" alt=\"\"\/><\/a><\/p>\n<p>Demokratiaan kuuluu, ett\u00e4 niit\u00e4 toisia mielipiteit\u00e4 pit\u00e4\u00e4 siet\u00e4\u00e4, vaikka se saisi veren kiehumaan, kirjoittaa Juha Ristam\u00e4ki.<\/p>\n<p>Eilen klo 20:27<\/p>\n<p><img decoding=\"async\" class=\"image image-show image-preview\" src=\"https:\/\/www.europesays.com\/fi\/wp-content\/uploads\/2025\/09\/1cc4e6b7fd48f3c506ba779d183f6458c5e3ac6ce826bb2bd8b6173d0fe0bded.jpg\" alt=\"\"\/><img decoding=\"async\" class=\"image image-show\" src=\"https:\/\/www.europesays.com\/fi\/wp-content\/uploads\/2025\/09\/1758148271_136_1cc4e6b7fd48f3c506ba779d183f6458c5e3ac6ce826bb2bd8b6173d0fe0bded.jpg\" alt=\"\"\/><\/p>\n<p>Charlie Kirk murhattiin 10. syyskuuta 2025. AOP<\/p>\n<p class=\"paragraph\">Yhdysvaltain oikeiston nouseva t\u00e4hti Charlie Kirk murhattiin viikko sitten. Tapaus ja sen j\u00e4lkipuinti ovat viimeisin osoitus siit\u00e4, kuinka \u00e4\u00e4rimmilleen polarisoitunut yhdysvaltalainen yhteiskunta on.<\/p>\n<p class=\"paragraph\">Koska kyse on Yhdysvalloista, laineet siit\u00e4 ly\u00f6v\u00e4t kaikkialle maailmaan, my\u00f6s Eurooppaan ja Suomeen.<\/p>\n<p class=\"paragraph\">Kirk tunnettiin muun muassa siit\u00e4, ett\u00e4 h\u00e4n vei j\u00e4rjest\u00e4miens\u00e4 tapahtumien kautta vahvasti konservatiivista ajattelua yliopistoille ja sosiaalisen median kautta my\u00f6s nuorille.<\/p>\n<p class=\"paragraph\">H\u00e4n puhui kristilliskonservatiivisesta n\u00e4k\u00f6kulmasta muun muassa transihmisten oikeuksista, sukupuolien rooleista, uskonnosta ja perhearvoista.<\/p>\n<p class=\"paragraph\">Arvoliberaalien joukoissa h\u00e4nt\u00e4 vihattiin niin paljon, ett\u00e4 murhan j\u00e4lkeen jotkut Kirki\u00e4 halveksuneet jopa julkisesti juhlivat raukkamaista tekoa. Toisaalta arvokonservatiivien joukoissa Kirk on nostettu l\u00e4hes messiaaniseen asemaan.<\/p>\n<p class=\"paragraph\">Edes siit\u00e4, mit\u00e4 Charlie Kirk monilla sanomisillaan tarkoitti, ei olla samaa mielt\u00e4.<\/p>\n<p class=\"paragraph\">Tai siit\u00e4, mik\u00e4 Kirkin ep\u00e4illyn murhaajan mahdollinen motiivi olisi ollut.<\/p>\n<p class=\"paragraph\">Viimeisimpien tietojen mukaan ep\u00e4ilty murhaaja viestitti transsukupuoliselle ihastukselleen murhan j\u00e4lkeen kyll\u00e4styneens\u00e4 Kirkin vihapuheisiin. Motiivi selvinnee lopullisesti oikeudenk\u00e4ynniss\u00e4.<\/p>\n<p class=\"paragraph\">Yht\u00e4 kaikki, omiin kupliinsa linnoittautuneet polarisoituneet keskustelijat huutavat toistensa ohi ja haukkuvat toisiaan.<\/p>\n<p class=\"paragraph\">T\u00e4t\u00e4 n\u00e4kee sosiaalisessa mediassa my\u00f6s Suomessa, ja siihen ottaa osaa henkil\u00f6it\u00e4 tavallisista kansalaisista aina poliittisiin p\u00e4\u00e4tt\u00e4jiin asti.<\/p>\n<p class=\"paragraph\">Euroopassa poliittinen polarisaatio kietoutuu t\u00e4ll\u00e4 hetkell\u00e4 usein maahanmuuton ymp\u00e4rille.<\/p>\n<p class=\"paragraph\">Maahanmuutto ja pyrkimykset sen rajoittamiseen n\u00e4hd\u00e4\u00e4n monessa maassa oikeiston ja vasemmiston, konservatiivien ja liberaalien taistelukentt\u00e4n\u00e4.<\/p>\n<p class=\"paragraph\">Liberaalisti maahanmuuttoon suhtautuvat pyrkiv\u00e4t leimaamaan nykyist\u00e4 maahanmuuttopolitiikkaa vastustavat \u00e4\u00e4rioikeistolaisiksi. Toisinp\u00e4in leimaa ly\u00f6d\u00e4\u00e4n kansakuntia ja julkisia talouksia tuhoavista monikulttuurisuushaihattelijoista.<\/p>\n<p class=\"paragraph\">T\u00e4ss\u00e4kin asiassa etenkin sosiaalisissa medioissa vellova keskustelu on tuuleen huutamista.<\/p>\n<p class=\"paragraph\">Keskustelulla on kuitenkin vahva kaikupohjansa sit\u00e4 seuraavissa, koska monet l\u00f6yt\u00e4v\u00e4t \u201dtotuuden\u201d sosiaalisesta mediasta.<\/p>\n<p class=\"paragraph\">Etenkin konservatiivisesti suuntautuvat ihmiset usein ajattelevat , ett\u00e4 niin sanotussa valtamediassa suositaan vain liberaaleja ajatuksia.<\/p>\n<p class=\"paragraph\">\u201dValtamedia\u201d on t\u00e4h\u00e4n toki my\u00f6s syyllinen, ei tarvitse katsoa kuin useimpien yhdysvaltalaisten ja eurooppalaisten isojen medioiden traumaattista suhdetta Trumpin edustamaan konservatismiin.<\/p>\n<p class=\"paragraph\">Kaiken t\u00e4m\u00e4n j\u00e4lkeen on syyt\u00e4 alleviivata, ett\u00e4 l\u00e4nsimainen demokratia perustuu sille, ett\u00e4 k\u00e4rkk\u00e4\u00e4tkin, erilaisia \u00e4\u00e4rip\u00e4it\u00e4 esitt\u00e4v\u00e4t mielipiteet ovat sallittuja.<\/p>\n<p class=\"paragraph\">Demokratiaan kuuluu my\u00f6s, ett\u00e4 niit\u00e4 toisia mielipiteit\u00e4 pit\u00e4\u00e4 siet\u00e4\u00e4, vaikka se saisi veren kiehumaan. Esimerkiksi arvoliberalismi tai -konservatiivisuus eiv\u00e4t ole rikoksia, se on tapa n\u00e4hd\u00e4 maailmaa.<\/p>\n<p class=\"paragraph\">Arvopohjainen ja poliittinen keskustelu eiv\u00e4t vaan pysy hallinnassa sosiaalisessa mediassa. Siit\u00e4 yksi surullinen esimerkki on Charlie Kirkin murhaaminen ja sen j\u00e4lkeiset tapahtumat.<\/p>\n<p class=\"paragraph\">T\u00e4t\u00e4 olisi syyt\u00e4 kaikkien some-agitaattoreiden ja my\u00f6s medioiden mietti\u00e4.<\/p>\n<p class=\"paragraph\">Vaaleissa ratkaistaan, millaista maailmankuvaa seuraava hallitus tai hallinto l\u00e4htee edist\u00e4m\u00e4\u00e4n.<\/p>\n<p class=\"paragraph\">Esimerkiksi meill\u00e4 Suomessa etenkin kokoomusta ja perussuomalaisia \u00e4\u00e4nest\u00e4neet halusivat hallituksen, joka leikkaa julkista taloutta ja kirist\u00e4\u00e4 maahanmuuttoa &#8211; ja sellaisen he saivat.<\/p>\n<p class=\"paragraph\">Eduskuntavaaleissa 2027 kansalaiset voivat haluta hieman toisenlaista politiikkaa.<\/p>\n<p class=\"paragraph\">My\u00f6s meill\u00e4 on olemassa merkkej\u00e4 poliittisen kent\u00e4n blokkiutumisesta ja jos seuraava hallitus rakentuu SDP-keskusta -akselin varaan, niin merkkej\u00e4 on yh\u00e4 enemm\u00e4n.<\/p>\n<p class=\"paragraph\">Kansalaisten kannalta t\u00e4ss\u00e4 on paljon hyv\u00e4\u00e4, ainakin \u00e4\u00e4nest\u00e4m\u00e4ll\u00e4 tietty\u00e4 blokkia saa todenn\u00e4k\u00f6isesti enemm\u00e4n haluamaansa politiikkaa. Yhteiskunnan suunta ratkaistaan vaalikopeissa, ei v\u00e4kivallalla.<\/p>\n","protected":false},"excerpt":{"rendered":"Juha Ristam\u00e4ki Demokratiaan kuuluu, ett\u00e4 niit\u00e4 toisia mielipiteit\u00e4 pit\u00e4\u00e4 siet\u00e4\u00e4, vaikka se saisi veren kiehumaan, kirjoittaa Juha Ristam\u00e4ki.&hellip;\n","protected":false},"author":2,"featured_media":38028,"comment_status":"","ping_status":"","sticky":false,"template":"","format":"standard","meta":{"footnotes":""},"categories":[5],"tags":[35,22,23,26,27,33,31,30,17,2453,24,25,28,29,15,2452,18,21,142,637,886,32,19,20,16],"class_list":{"0":"post-38027","1":"post","2":"type-post","3":"status-publish","4":"format-standard","5":"has-post-thumbnail","7":"category-otsikot","8":"tag-24h","9":"tag-breaking-news","10":"tag-breakingnews","11":"tag-featured-news","12":"tag-featurednews","13":"tag-fi","14":"tag-finland","15":"tag-finnish","16":"tag-headlines","17":"tag-kansalaisaktivismi-ja-jarjestot","18":"tag-latest-news","19":"tag-latestnews","20":"tag-main-news","21":"tag-mainnews","22":"tag-news","23":"tag-osallistuminen-yhteiskunta","24":"tag-otsikot","25":"tag-paauutiset","26":"tag-poliitikot","27":"tag-politiikka","28":"tag-puolueet","29":"tag-suomi","30":"tag-top-stories","31":"tag-topstories","32":"tag-uutiset"},"share_on_mastodon":{"url":"","error":""},"_links":{"self":[{"href":"https:\/\/www.europesays.com\/fi\/wp-json\/wp\/v2\/posts\/38027","targetHints":{"allow":["GET"]}}],"collection":[{"href":"https:\/\/www.europesays.com\/fi\/wp-json\/wp\/v2\/posts"}],"about":[{"href":"https:\/\/www.europesays.com\/fi\/wp-json\/wp\/v2\/types\/post"}],"author":[{"embeddable":true,"href":"https:\/\/www.europesays.com\/fi\/wp-json\/wp\/v2\/users\/2"}],"replies":[{"embeddable":true,"href":"https:\/\/www.europesays.com\/fi\/wp-json\/wp\/v2\/comments?post=38027"}],"version-history":[{"count":0,"href":"https:\/\/www.europesays.com\/fi\/wp-json\/wp\/v2\/posts\/38027\/revisions"}],"wp:featuredmedia":[{"embeddable":true,"href":"https:\/\/www.europesays.com\/fi\/wp-json\/wp\/v2\/media\/38028"}],"wp:attachment":[{"href":"https:\/\/www.europesays.com\/fi\/wp-json\/wp\/v2\/media?parent=38027"}],"wp:term":[{"taxonomy":"category","embeddable":true,"href":"https:\/\/www.europesays.com\/fi\/wp-json\/wp\/v2\/categories?post=38027"},{"taxonomy":"post_tag","embeddable":true,"href":"https:\/\/www.europesays.com\/fi\/wp-json\/wp\/v2\/tags?post=38027"}],"curies":[{"name":"wp","href":"https:\/\/api.w.org\/{rel}","templated":true}]}}