{"id":38029,"date":"2025-09-17T22:43:16","date_gmt":"2025-09-17T22:43:16","guid":{"rendered":"https:\/\/www.europesays.com\/fi\/38029\/"},"modified":"2025-09-17T22:43:16","modified_gmt":"2025-09-17T22:43:16","slug":"schwarzenegger-salamurhatusta-charlie-kirkista-han-oli-mahtava-republikaanien-asioiden-puolestapuhuja","status":"publish","type":"post","link":"https:\/\/www.europesays.com\/fi\/38029\/","title":{"rendered":"Schwarzenegger salamurhatusta Charlie Kirkist\u00e4: \u201dH\u00e4n oli mahtava republikaanien asioiden puolestapuhuja\u201d"},"content":{"rendered":"<p>Republikaaneja edustava<strong> Arnold Schwarzenegger <\/strong>oli puhujana Etel\u00e4-Kalifornian yliopistolla maanantaina.<\/p>\n<p>Isolta-Arskalta kysyttiin tietenkin my\u00f6s republikaanien puolestapuhujan ja aktivisti<strong> Charlie Kirkin<\/strong> salamurhasta.<\/p>\n<p>Lue my\u00f6s: <a href=\"https:\/\/www.episodi.fi\/uutiset\/ridley-scott-torjui-20-miljoonan-dollarin-tarjouksen-ei-suostunut-ohjaamaan-schwarzeneggerin-elokuvaa\/\" title=\"Ridley Scott torjui 20 miljoonan dollarin tarjouksen \u2013 ei suostunut ohjaamaan Schwarzeneggerin elokuvaa\" class=\"underline-custom !font-montserrat !font-bold !underline-offset-4 !decoration-4 !decoration-episodi-blue !text-md\" rel=\"nofollow noopener\" target=\"_blank\">Ridley Scott torjui 20 miljoonan dollarin tarjouksen \u2013 ei suostunut ohjaamaan Schwarzeneggerin elokuvaa<\/a><\/p>\n<p>Lue my\u00f6s: <a href=\"https:\/\/www.episodi.fi\/uutiset\/schwarzenegger-haukkui-donald-trumpin-pieneksi-maraksi-nuudeliksi-ja-putinin-fanipojuksi\/\" title=\"Schwarzenegger haukkui Donald Trumpin \u201dpieneksi m\u00e4r\u00e4ksi nuudeliksi\u201d ja Putinin fanipojuksi\" class=\"underline-custom !font-montserrat !font-bold !underline-offset-4 !decoration-4 !decoration-episodi-blue !text-md\" rel=\"nofollow noopener\" target=\"_blank\">Schwarzenegger haukkui Donald Trumpin \u201dpieneksi m\u00e4r\u00e4ksi nuudeliksi\u201d ja Putinin fanipojuksi<\/a><\/p>\n<p>\u2013 Olin hyvin, hyvin j\u00e4rkyttynyt siit\u00e4, ett\u00e4 jonkun el\u00e4m\u00e4 vietiin vain siksi, ett\u00e4 h\u00e4nell\u00e4 oli eri\u00e4v\u00e4 mielipide. Se on yksinkertaisesti uskomatonta, n\u00e4yttelij\u00e4 ja entinen Kalifornian kuvern\u00f6\u00f6ri kertoi tapahtumassa.<\/p>\n<p>\u2013 H\u00e4n oli loistava viestij\u00e4, loistava puolestapuhuja oikeiston ja republikaanien tavoitteiden asioille. H\u00e4nell\u00e4 oli uskomaton tapa kommunikoida opiskelijoiden kanssa, olivatpa he samaa mielt\u00e4 h\u00e4nen kanssaan tai eri mielt\u00e4.<\/p>\n<p>Kirkin ampuja, 22-vuotias<strong> Tyler Robinson<\/strong>, sai syytteen murhasta ja syytt\u00e4j\u00e4 tulee vaatimaan h\u00e4nelle kuolemantuomiota.<\/p>\n<p>\u2013 Kyse on ihmisest\u00e4. Ihmisen el\u00e4m\u00e4 on poissa. H\u00e4n oli loistava is\u00e4, loistava aviomies. Ajattelen h\u00e4nen lapsiaan. Nyt he saavat lukea is\u00e4st\u00e4\u00e4n vain kirjoista, sen sijaan ett\u00e4 h\u00e4n lukisi lapsille iltasatuja, Schwarzenegger sanoi.<\/p>\n<p>Samalla toimintalegenda kertoi, kuinka shokeeraava uutinen oli.<\/p>\n<p>\u2013 Meid\u00e4n t\u00e4ytyy tunnustaa, ett\u00e4 syyn\u00e4 ovat sosiaalisen median yhti\u00f6t, jotka jakavat meit\u00e4. Valtamediayhti\u00f6t, jotka jakavat meit\u00e4. Poliittiset puolueet: demokraatit, jotka jakavat meit\u00e4, republikaanit, jotka jakavat meit\u00e4. Meit\u00e4 vastaan hy\u00f6k\u00e4t\u00e4\u00e4n niin monesta eri suunnasta, ja meid\u00e4n t\u00e4ytyy olla hyvin varovaisia, ettemme joudu liian l\u00e4helle rotkoa. Sill\u00e4 kun putoat tuohon rotkoon \u2013 siell\u00e4 alhaalla ei ole demokratiaa.<\/p>\n<p>Katso alta Schwarzeneggerin puhe.<\/p>\n<p><img loading=\"lazy\" decoding=\"async\" alt=\"YouTube video\" width=\"480\" height=\"360\" data-pin-nopin=\"true\" nopin=\"nopin\" class=\"perfmatters-lazy\" src=\"https:\/\/www.europesays.com\/fi\/wp-content\/uploads\/2025\/09\/1758148996_81_hqdefault.jpg\"\/><\/p>\n<p>L\u00e4hde: <a href=\"https:\/\/variety.com\/2025\/politics\/news\/arnold-schwarzenegger-charlie-kirk-great-advocate-right-1236520803\/\" target=\"_blank\" rel=\"noreferrer noopener nofollow\">Variety<\/a><\/p>\n<p>Lue my\u00f6s: <a href=\"https:\/\/www.episodi.fi\/uutiskirje\/?uutiskirjemainos=tekstilinkkimainos\" title=\"Tilaa Episodin uutiskirje ja voit voittaa leffalippuja! Nappaa tv-vinkit suoraan s\u00e4hk\u00f6postiin t\u00e4st\u00e4.\" class=\"underline-custom !font-montserrat !font-bold !underline-offset-4 !decoration-4 !decoration-episodi-blue !text-md\" rel=\"nofollow noopener\" target=\"_blank\">Tilaa Episodin uutiskirje ja voit voittaa leffalippuja! Nappaa katseluvinkit suoraan s\u00e4hk\u00f6postiin t\u00e4st\u00e4.<\/a><\/p>\n","protected":false},"excerpt":{"rendered":"Republikaaneja edustava Arnold Schwarzenegger oli puhujana Etel\u00e4-Kalifornian yliopistolla maanantaina. Isolta-Arskalta kysyttiin tietenkin my\u00f6s republikaanien puolestapuhujan ja aktivisti Charlie&hellip;\n","protected":false},"author":2,"featured_media":38030,"comment_status":"","ping_status":"","sticky":false,"template":"","format":"standard","meta":{"footnotes":""},"categories":[136],"tags":[526,407,9333,137,33,31,30,408,637,32,109],"class_list":{"0":"post-38029","1":"post","2":"type-post","3":"status-publish","4":"format-standard","5":"has-post-thumbnail","7":"category-julkkikset","8":"tag-arnold-schwarzenegger","9":"tag-celebrities","10":"tag-charlie-kirk","11":"tag-entertainment","12":"tag-fi","13":"tag-finland","14":"tag-finnish","15":"tag-julkkikset","16":"tag-politiikka","17":"tag-suomi","18":"tag-viihde"},"share_on_mastodon":{"url":"","error":""},"_links":{"self":[{"href":"https:\/\/www.europesays.com\/fi\/wp-json\/wp\/v2\/posts\/38029","targetHints":{"allow":["GET"]}}],"collection":[{"href":"https:\/\/www.europesays.com\/fi\/wp-json\/wp\/v2\/posts"}],"about":[{"href":"https:\/\/www.europesays.com\/fi\/wp-json\/wp\/v2\/types\/post"}],"author":[{"embeddable":true,"href":"https:\/\/www.europesays.com\/fi\/wp-json\/wp\/v2\/users\/2"}],"replies":[{"embeddable":true,"href":"https:\/\/www.europesays.com\/fi\/wp-json\/wp\/v2\/comments?post=38029"}],"version-history":[{"count":0,"href":"https:\/\/www.europesays.com\/fi\/wp-json\/wp\/v2\/posts\/38029\/revisions"}],"wp:featuredmedia":[{"embeddable":true,"href":"https:\/\/www.europesays.com\/fi\/wp-json\/wp\/v2\/media\/38030"}],"wp:attachment":[{"href":"https:\/\/www.europesays.com\/fi\/wp-json\/wp\/v2\/media?parent=38029"}],"wp:term":[{"taxonomy":"category","embeddable":true,"href":"https:\/\/www.europesays.com\/fi\/wp-json\/wp\/v2\/categories?post=38029"},{"taxonomy":"post_tag","embeddable":true,"href":"https:\/\/www.europesays.com\/fi\/wp-json\/wp\/v2\/tags?post=38029"}],"curies":[{"name":"wp","href":"https:\/\/api.w.org\/{rel}","templated":true}]}}