{"id":38036,"date":"2025-09-17T22:55:08","date_gmt":"2025-09-17T22:55:08","guid":{"rendered":"https:\/\/www.europesays.com\/fi\/38036\/"},"modified":"2025-09-17T22:55:08","modified_gmt":"2025-09-17T22:55:08","slug":"analyysi-eu-on-tekopyha-venajan-kaupassa-mutta-trumpkin-esittaa-yha-kummallisempia-naytelmia-ulkomaat","status":"publish","type":"post","link":"https:\/\/www.europesays.com\/fi\/38036\/","title":{"rendered":"Analyysi: EU on tekopyh\u00e4 Ven\u00e4j\u00e4n-kaupassa, mutta Trumpkin esitt\u00e4\u00e4 yh\u00e4 kummallisempia n\u00e4ytelmi\u00e4 | Ulkomaat"},"content":{"rendered":"<p class=\"aw-1gybjub aw-5vja16 cmIuaG zKETg yle__article__paragraph\">EU:n pakoteneuvotteluissa on tavallista enemm\u00e4n draamaa, koska taustalla uhoaa Trump, kirjoittaa Ylen EU-kirjeenvaihtaja Hannele Muilu. 19. pakotepaketin julkistusta on nyt lyk\u00e4tty.<\/p>\n<p><img decoding=\"async\" alt=\"\u00d6ljytankkeri vesill\u00e4.\" src=\"https:\/\/www.europesays.com\/fi\/wp-content\/uploads\/2025\/09\/39-14671566828a63accbf4.jpeg\" class=\"aw-1l9m598 hKVVvP\"\/><\/p>\n<p>Avaa kuvien katselu<\/p>\n<p>Ven\u00e4l\u00e4isen Rosneft-yhti\u00f6n \u00f6ljytankkeri seilasi It\u00e4merell\u00e4 kev\u00e4\u00e4ll\u00e4. Kuva: Maxim Shipenkov \/ EPA<img decoding=\"async\" alt=\"Hannele Muilu.\" src=\"https:\/\/www.europesays.com\/fi\/wp-content\/uploads\/2025\/09\/39-1216589657c762e5cba8.jpeg\" class=\"aw-1l9m598 hKVVvP\"\/><\/p>\n<p>Juttu tiivistettyn\u00e4<\/p>\n<ul class=\"aw-1jjocuh iJTSwP yle__article__list yle__article__list--ul\">\n<li class=\"aw-1j7gwms kUeLji\">EU suunnittelee uusia Ven\u00e4j\u00e4n-vastaisia pakotteita, mutta p\u00e4\u00e4t\u00f6s on viiv\u00e4stynyt.<\/li>\n<li class=\"aw-1j7gwms kUeLji\">Yhdysvaltain presidentti Donald Trump vaatii Eurooppaa lopettamaan energian ostamisen Ven\u00e4j\u00e4lt\u00e4.<\/li>\n<li class=\"aw-1j7gwms kUeLji\">Trumpin vaatimukset antavat EU:lle mahdollisuuden painostaa Unkarin ja Slovakian hallituksia.<\/li>\n<\/ul>\n<p class=\"aw-1gybjub aw-1p7kakr cmIuaG fmSRng yle__article__paragraph\">T\u00e4m\u00e4 on teko\u00e4lyn avulla tuotettu, toimittajan tarkistama tiivistelm\u00e4.<\/p>\n<p class=\"aw-1gybjub aw-1p7kakr cmIuaG fmSRng yle__article__paragraph\"><strong class=\"aw-ak79eh KyCXm yle__article__strong\">BRYSSEL<\/strong> EU olisi voinut taas tyyty\u00e4 lis\u00e4\u00e4m\u00e4\u00e4n Ven\u00e4j\u00e4n-vastaisten pakotteiden listalle varjolaivoja, henkil\u00f6it\u00e4 ja yhteis\u00f6j\u00e4 tutulla kaavalla.<\/p>\n<p class=\"aw-1gybjub aw-1p7kakr cmIuaG fmSRng yle__article__paragraph\">Sitten Yhdysvaltain presidentti <strong class=\"aw-ak79eh KyCXm yle__article__strong\">Donald Trump<\/strong> puhkui viestipalvelussaan Truth Socialissa, ett\u00e4 h\u00e4n on valmis m\u00e4\u00e4r\u00e4\u00e4m\u00e4\u00e4n vahvoja pakotteita Ven\u00e4j\u00e4\u00e4n vastaan, jos Nato-maat tekev\u00e4t samoin ja lopettavat kaiken \u00f6ljyn ostamisen Ven\u00e4j\u00e4lt\u00e4. H\u00e4nen mukaansa \u00f6ljyostojen jatkuminen on j\u00e4rkytt\u00e4v\u00e4\u00e4 eik\u00e4 Nato n\u00e4yt\u00e4 olevan tosissaan.<\/p>\n<p class=\"aw-1gybjub aw-1p7kakr cmIuaG fmSRng yle__article__paragraph\">Naton tilalle on lauseissa vaihdettava EU, joka pakotteista Euroopassa p\u00e4\u00e4tt\u00e4\u00e4. T\u00e4m\u00e4 voi olla Trumpin ikuista halua v\u00e4h\u00e4tell\u00e4 unionia.<\/p>\n<p class=\"aw-1gybjub aw-1p7kakr cmIuaG fmSRng yle__article__paragraph\">Trumpin uho saattoi saada EU:n miettim\u00e4\u00e4n, pit\u00e4isik\u00f6 tehd\u00e4 jotain isompaa. 19. pakotepaketin julkistus siirtyi t\u00e4lt\u00e4 p\u00e4iv\u00e4lt\u00e4 tulevaisuuteen.<\/p>\n<p class=\"aw-1gybjub aw-1p7kakr cmIuaG fmSRng yle__article__paragraph\">Vaatimuksissa on per\u00e4\u00e4. On rumaa, ett\u00e4 viel\u00e4 viime vuonna Eurooppa maksoi Ven\u00e4j\u00e4lle energian tuonnista suuremman summan kuin se antoi Ukrainalle rahallista tukea.<\/p>\n<p class=\"aw-1gybjub aw-1p7kakr cmIuaG fmSRng yle__article__paragraph\">Kunnollisiin pakotteisiin on my\u00f6s yleens\u00e4 vaadittu mukaan rikkaiden teollisuusmaiden G7-ryhm\u00e4. Viimeksi ryhm\u00e4 pudotti \u00f6ljyn hintakattoa. Nyt voisi tulla jatkoa Ven\u00e4j\u00e4lt\u00e4 j\u00e4\u00e4dytettyjen varojen hy\u00f6dynt\u00e4miselle Ukrainassa.<\/p>\n<p>EU ei kurita Kiinaa ja Intiaa<\/p>\n<p class=\"aw-1gybjub aw-1p7kakr cmIuaG fmSRng yle__article__paragraph\">Some\u00e4rhentelyss\u00e4\u00e4n Trump vaati my\u00f6s EU:ta m\u00e4\u00e4r\u00e4\u00e4m\u00e4\u00e4n 50\u2013100 prosentin tulleja Kiinaa vastaan, niin kauan kuin sota jatkuu.<\/p>\n<p class=\"aw-1gybjub aw-1p7kakr cmIuaG fmSRng yle__article__paragraph\">Kiina ja Intia ovat suuria Ven\u00e4j\u00e4n \u00f6ljyn tuojia, joten Trump iskisi molemmille kovat tullit.<\/p>\n<p class=\"aw-1gybjub aw-1p7kakr cmIuaG fmSRng yle__article__paragraph\">Tullien vaatiminen voi olla Trumpilta pelkk\u00e4\u00e4 n\u00e4ytelm\u00e4\u00e4. H\u00e4nelle tuskin on yll\u00e4tys, ettei EU ryhdy ker\u00e4\u00e4m\u00e4\u00e4n Kiinalta tai Intialta j\u00e4ttitulleja.<\/p>\n<p class=\"aw-1gybjub aw-1p7kakr cmIuaG fmSRng yle__article__paragraph\">Intian kanssa EU hieroo parhaillaan kauppasopimusta. Siihen eiv\u00e4t istu mitk\u00e4\u00e4n uudet tullivaatimukset.<\/p>\n<p class=\"aw-1gybjub aw-1p7kakr cmIuaG fmSRng yle__article__paragraph\">Trump itse on sen sijaan riitautunut Intian p\u00e4\u00e4ministeri <strong class=\"aw-ak79eh KyCXm yle__article__strong\">Narenda Modi<\/strong>n kanssa.<\/p>\n<p class=\"aw-1gybjub aw-1p7kakr cmIuaG fmSRng yle__article__paragraph\">Kiina on EU:n kolmanneksi t\u00e4rkein kauppakumppani Yhdysvaltain ja Britannian j\u00e4lkeen. Vaikka Euroopassa usein kirotaan Temun kr\u00e4\u00e4s\u00e4\u00e4 ja Kiinasta virtaavaa edullisten s\u00e4hk\u00f6autojen m\u00e4\u00e4r\u00e4\u00e4, v\u00e4lej\u00e4 Kiinaan varjellaan. Saksalaiset viev\u00e4t autonsa ja ranskalaiset viinins\u00e4 Kiinaan mieluiten ilman tulliuhkaa. Kiina olisi my\u00f6s valmis iskem\u00e4\u00e4n takaisin kovilla vastatulleilla.<\/p>\n<p class=\"aw-1gybjub aw-1p7kakr cmIuaG fmSRng yle__article__paragraph\">Ven\u00e4j\u00e4n presidentin, <strong class=\"aw-ak79eh KyCXm yle__article__strong\">Vladimir Putinin<\/strong> todelliseen kovisteluun Trump ei ole ollut valmis.<\/p>\n<p class=\"aw-1gybjub aw-1p7kakr cmIuaG fmSRng yle__article__paragraph\"><strong class=\"aw-ak79eh KyCXm yle__article__strong\">Kremlin tiedottaja kommentoi t\u00e4n\u00e4\u00e4n EU:n kaavailemia pakotteita:<\/strong><\/p>\n<p class=\"aw-1gybjub aw-1p7kakr cmIuaG fmSRng yle__article__paragraph\">Yhdysvalloissa republikaanisenaattori <strong class=\"aw-ak79eh KyCXm yle__article__strong\">Lindsay Graham<\/strong> ehdotti jo huhtikuussa \u201dluut murskaavia\u201d pakotteita, joihin Trump kuitenkin suhtautui nihke\u00e4sti. Graham ehdotti jopa 500 prosentin tuontitulleja Yhdysvaltoihin maista, jotka ovat jatkavat \u00f6ljyn, kaasun ja uraanin ostamista Ven\u00e4j\u00e4lt\u00e4.<\/p>\n<p>Unkari ja Slovakia voisivat menett\u00e4\u00e4 ven\u00e4l\u00e4is\u00f6ljyn<\/p>\n<p class=\"aw-1gybjub aw-1p7kakr cmIuaG fmSRng yle__article__paragraph\">EU voisi kuitenkin tarttua Trumpin vaatimusten alkuosaan Ven\u00e4j\u00e4n-tuonnin lopettamisesta nopeammin.<\/p>\n<p class=\"aw-1gybjub aw-1p7kakr cmIuaG fmSRng yle__article__paragraph\">EU-komission puheenjohtaja <strong class=\"aw-ak79eh KyCXm yle__article__strong\">Ursula von der Leyen<\/strong> kertoi eilen X-viestipalvelussa keskustelleensa Trumpin kanssa Ven\u00e4j\u00e4n-pakotteista. H\u00e4nen mukaansa komissio nopeuttaa vaiheittain ven\u00e4l\u00e4isest\u00e4 fossiilienergiasta luopumista.<\/p>\n<p class=\"aw-1gybjub aw-1p7kakr cmIuaG fmSRng yle__article__paragraph\">Komissio linjasi kes\u00e4kuussa, ett\u00e4 EU-maat lopettavat kaiken ven\u00e4l\u00e4isen energian tuonnin vuoden 2027 loppuun menness\u00e4.<\/p>\n<p class=\"aw-1gybjub aw-1p7kakr cmIuaG fmSRng yle__article__paragraph\">Yhdysvallat korvaa mielell\u00e4\u00e4n Ven\u00e4j\u00e4n EU:hun j\u00e4tt\u00e4m\u00e4\u00e4 energia-aukkoa omalla LNG:ll\u00e4\u00e4n ja \u00f6ljyll\u00e4\u00e4n.<\/p>\n<p class=\"aw-1gybjub aw-1p7kakr cmIuaG fmSRng yle__article__paragraph\">Tullineuvotteluissa von der Leyen lupasi, ett\u00e4 EU ostaa Yhdysvalloista 750 miljardin euron arvosta LNG:t\u00e4.<\/p>\n<p class=\"aw-1gybjub aw-1p7kakr cmIuaG fmSRng yle__article__paragraph\">T\u00e4h\u00e4n asti EU:ssa on vakuuteltu, ettei Ven\u00e4j\u00e4n energiasta irrottautumisen aikataulu aikaistu.<\/p>\n<p class=\"aw-1gybjub aw-1p7kakr cmIuaG fmSRng yle__article__paragraph\">Yksi mahdollisuus voisi olla, ett\u00e4 komissio esitt\u00e4\u00e4 \u00f6ljyn tuonnin poikkeuksesta luopumista. Se iskisi Unkariin ja Slovakiaan.<\/p>\n<p class=\"aw-1gybjub aw-1p7kakr cmIuaG fmSRng yle__article__paragraph\">EU kielsi ven\u00e4l\u00e4isen raaka\u00f6ljyn tuonnin meritse vuonna 2023, mutta Unkari ja Slovakia saivat poikkeusluvan jatkaa \u00f6ljyn tuontia Ven\u00e4j\u00e4lt\u00e4 Dru\u017eba-putkea pitkin.<\/p>\n<p class=\"aw-1gybjub aw-1p7kakr cmIuaG fmSRng yle__article__paragraph\">EU:ssa iloittiin, ett\u00e4 Trump painostaa nyt ihailijansa p\u00e4\u00e4ministerit <strong class=\"aw-ak79eh KyCXm yle__article__strong\">Viktor Orb\u00e1nin<\/strong> ja <strong class=\"aw-ak79eh KyCXm yle__article__strong\">Robert Ficon<\/strong> luopumaan Ven\u00e4j\u00e4n \u00f6ljyst\u00e4 ja saapumaan kerrankin niskoittelematta pakoterintamaan.<\/p>\n<p class=\"aw-1gybjub aw-1p7kakr cmIuaG fmSRng yle__article__paragraph\">Tiedossa ei ole, ett\u00e4 Trump olisi ollut miss\u00e4\u00e4n yhteydess\u00e4 kumpaankaan.<\/p>\n<p class=\"aw-1gybjub aw-1p7kakr cmIuaG fmSRng yle__article__paragraph\">Trumpin vaatimus antaa kuitenkin EU:lle voimaa painostaa kaksikkoa.<\/p>\n<p class=\"aw-1gybjub aw-1p7kakr cmIuaG fmSRng yle__article__paragraph\">Todelliseen h\u00e4t\u00e4\u00e4n maat eiv\u00e4t joutuisi, vaikka ven\u00e4l\u00e4isen \u00f6ljyn tulo lakkaisi. Muita \u00f6ljymaita l\u00f6ytyy tilalle. Muut EU-maat ovat irtautuneet ven\u00e4l\u00e4is\u00f6ljyst\u00e4 jo aikaa. Unkarin ja Slovakian ven\u00e4l\u00e4is\u00f6ljyn tuonti on kolme prosenttia EU:n \u00f6ljyn tuonnista.<\/p>\n<p class=\"aw-1gybjub aw-1p7kakr cmIuaG fmSRng yle__article__paragraph\">Kaasua Ven\u00e4j\u00e4lt\u00e4 on tullut 19 prosentin osuus. Siin\u00e4 h\u00e4pe\u00e4paaluun joutuvat Ranska, Hollanti ja Belgia. Tuonti on kuitenkin laskussa.<\/p>\n","protected":false},"excerpt":{"rendered":"EU:n pakoteneuvotteluissa on tavallista enemm\u00e4n draamaa, koska taustalla uhoaa Trump, kirjoittaa Ylen EU-kirjeenvaihtaja Hannele Muilu. 19. pakotepaketin julkistusta&hellip;\n","protected":false},"author":2,"featured_media":38037,"comment_status":"","ping_status":"","sticky":false,"template":"","format":"standard","meta":{"footnotes":""},"categories":[14],"tags":[22,23,585,1617,26,27,33,31,30,17,24,25,28,29,15,2536,18,21,32,19,20,56,2208,16,10522,59,60,61],"class_list":{"0":"post-38036","1":"post","2":"type-post","3":"status-publish","4":"format-standard","5":"has-post-thumbnail","7":"category-ulkomaat","8":"tag-breaking-news","9":"tag-breakingnews","10":"tag-donald-trump","11":"tag-euroopan-unioni","12":"tag-featured-news","13":"tag-featurednews","14":"tag-fi","15":"tag-finland","16":"tag-finnish","17":"tag-headlines","18":"tag-latest-news","19":"tag-latestnews","20":"tag-main-news","21":"tag-mainnews","22":"tag-news","23":"tag-oljy-ja-kaasu","24":"tag-otsikot","25":"tag-paauutiset","26":"tag-suomi","27":"tag-top-stories","28":"tag-topstories","29":"tag-ulkomaat","30":"tag-ursula-von-der-leyen","31":"tag-uutiset","32":"tag-venajan-pakotteet","33":"tag-world","34":"tag-world-news","35":"tag-worldnews"},"share_on_mastodon":{"url":"","error":""},"_links":{"self":[{"href":"https:\/\/www.europesays.com\/fi\/wp-json\/wp\/v2\/posts\/38036","targetHints":{"allow":["GET"]}}],"collection":[{"href":"https:\/\/www.europesays.com\/fi\/wp-json\/wp\/v2\/posts"}],"about":[{"href":"https:\/\/www.europesays.com\/fi\/wp-json\/wp\/v2\/types\/post"}],"author":[{"embeddable":true,"href":"https:\/\/www.europesays.com\/fi\/wp-json\/wp\/v2\/users\/2"}],"replies":[{"embeddable":true,"href":"https:\/\/www.europesays.com\/fi\/wp-json\/wp\/v2\/comments?post=38036"}],"version-history":[{"count":0,"href":"https:\/\/www.europesays.com\/fi\/wp-json\/wp\/v2\/posts\/38036\/revisions"}],"wp:featuredmedia":[{"embeddable":true,"href":"https:\/\/www.europesays.com\/fi\/wp-json\/wp\/v2\/media\/38037"}],"wp:attachment":[{"href":"https:\/\/www.europesays.com\/fi\/wp-json\/wp\/v2\/media?parent=38036"}],"wp:term":[{"taxonomy":"category","embeddable":true,"href":"https:\/\/www.europesays.com\/fi\/wp-json\/wp\/v2\/categories?post=38036"},{"taxonomy":"post_tag","embeddable":true,"href":"https:\/\/www.europesays.com\/fi\/wp-json\/wp\/v2\/tags?post=38036"}],"curies":[{"name":"wp","href":"https:\/\/api.w.org\/{rel}","templated":true}]}}