{"id":38038,"date":"2025-09-17T22:56:06","date_gmt":"2025-09-17T22:56:06","guid":{"rendered":"https:\/\/www.europesays.com\/fi\/38038\/"},"modified":"2025-09-17T22:56:06","modified_gmt":"2025-09-17T22:56:06","slug":"torni-hotellilta-mystinen-ilmoitus-tampereella-ilta-sanomat","status":"publish","type":"post","link":"https:\/\/www.europesays.com\/fi\/38038\/","title":{"rendered":"Torni-hotellilta mystinen ilmoitus Tampereella &#8211; Ilta-Sanomat"},"content":{"rendered":"<ol>\n<li><a href=\"https:\/\/news.google.com\/rss\/articles\/CBMiZ0FVX3lxTE8xdHBkbVNpT3VwODE1R0J2RnF2R21ERGV0LW1KMzRIMldEaUpnM2JkbjFuUWV1UGdDWmRxazBSYWNRTVM0a0p0TlM5SXR2b1ZVV0lxOEpzZFFHZEluQ0hMUmhidXBjUm8?oc=5\" target=\"_blank\" rel=\"nofollow noopener\">Torni-hotellilta mystinen ilmoitus Tampereella<\/a>&nbsp;&nbsp;Ilta-Sanomat<\/li>\n<li><a href=\"https:\/\/news.google.com\/rss\/articles\/CBMie0FVX3lxTFBFa1NJUDBZRG82OEYyUkg2WjNOT2Z6LVVTYzZhZ2NHSWM4V0tpdExRRl9qRlNtbzMxMkRrdFpwRFBFV25uaWJwcEpXbm80TEFYV0FKOFAzbjZ5QmhUOURtVEl6VVM2NzdGa1VCd1BuTkgzbXJESDVWMUVJWQ?oc=5\" target=\"_blank\" rel=\"nofollow noopener\">Mit\u00e4 ihmett\u00e4 tapahtuu ensi viikolla? Mystinen ilmoitus ilmestyi<\/a>&nbsp;&nbsp;Iltalehti<\/li>\n<li><a href=\"https:\/\/news.google.com\/rss\/articles\/CBMiWkFVX3lxTE9jQjl4bFJvODZOcFRqLXp3bkNBb3lUT0tSanFLYjd1MVZVUXJzamIxN05nQmZFWUE1YmlUc2pKTWplWHJQN0Y5bm1EZVZVWWZ3dkh2Y2lDY1NPQQ?oc=5\" target=\"_blank\" rel=\"nofollow noopener\">Hotellit | Kokonainen hotelli varattu yksityisk\u00e4ytt\u00f6\u00f6n Tampereella, syyt\u00e4 ei kerrota<\/a>&nbsp;&nbsp;HS.fi<\/li>\n<li><a href=\"https:\/\/news.google.com\/rss\/articles\/CBMiZkFVX3lxTE9jZ1JEcDlfWXBCVEFHeGRzMmhQVDBwRVc5NDhNY1k1amYyeWNYX0dORkdITnNMTVFHSmUwZHVoTDUzR0dxTVdMVHFmVkFNckZ1WDlwNGhUbldEdlNycFkyckJCMVRzQQ?oc=5\" target=\"_blank\" rel=\"nofollow noopener\">Kokonainen hotelli on varattu yksityisk\u00e4ytt\u00f6\u00f6n Tampereella<\/a>&nbsp;&nbsp;Aamulehti<\/li>\n<li><a href=\"https:\/\/news.google.com\/rss\/articles\/CBMisAFBVV95cUxPdDk0cFViRzdKVkllaS15YlFoT1ZHQkluSEhlN3VYeDhOMm9GR1ZGb1dyaEQzUGZxMDBXTDU4b0U1YjdPVTdhSFI5SXUtWklUaXMya0ZMNTJRd3RSdEJraEpKYkpjYW5tYllNSmxaRHpyTmJqdnhLS09DRG5VNS1Yd2pvV3RMdHZSQmkxelJQaGVUN3F1NVY5TjVMRTVIbEhjX1J4dkszMUFtWWZyOGUzWA?oc=5\" target=\"_blank\" rel=\"nofollow noopener\">305 huonetta varattu \u2013 mit\u00e4 tapahtuu Tampereen Tornissa ensi viikolla?<\/a>&nbsp;&nbsp;mtvuutiset.fi<\/li>\n<\/ol>\n","protected":false},"excerpt":{"rendered":"Torni-hotellilta mystinen ilmoitus Tampereella&nbsp;&nbsp;Ilta-Sanomat Mit\u00e4 ihmett\u00e4 tapahtuu ensi viikolla? Mystinen ilmoitus ilmestyi&nbsp;&nbsp;Iltalehti Hotellit | Kokonainen hotelli varattu yksityisk\u00e4ytt\u00f6\u00f6n&hellip;\n","protected":false},"author":2,"featured_media":38039,"comment_status":"","ping_status":"","sticky":false,"template":"","format":"standard","meta":{"footnotes":""},"categories":[12],"tags":[22,23,26,27,33,31,30,17,34,24,25,28,29,15,18,21,32,19,20,16],"class_list":{"0":"post-38038","1":"post","2":"type-post","3":"status-publish","4":"format-standard","5":"has-post-thumbnail","7":"category-suomi","8":"tag-breaking-news","9":"tag-breakingnews","10":"tag-featured-news","11":"tag-featurednews","12":"tag-fi","13":"tag-finland","14":"tag-finnish","15":"tag-headlines","16":"tag-ilta-sanomat","17":"tag-latest-news","18":"tag-latestnews","19":"tag-main-news","20":"tag-mainnews","21":"tag-news","22":"tag-otsikot","23":"tag-paauutiset","24":"tag-suomi","25":"tag-top-stories","26":"tag-topstories","27":"tag-uutiset"},"share_on_mastodon":{"url":"","error":""},"_links":{"self":[{"href":"https:\/\/www.europesays.com\/fi\/wp-json\/wp\/v2\/posts\/38038","targetHints":{"allow":["GET"]}}],"collection":[{"href":"https:\/\/www.europesays.com\/fi\/wp-json\/wp\/v2\/posts"}],"about":[{"href":"https:\/\/www.europesays.com\/fi\/wp-json\/wp\/v2\/types\/post"}],"author":[{"embeddable":true,"href":"https:\/\/www.europesays.com\/fi\/wp-json\/wp\/v2\/users\/2"}],"replies":[{"embeddable":true,"href":"https:\/\/www.europesays.com\/fi\/wp-json\/wp\/v2\/comments?post=38038"}],"version-history":[{"count":0,"href":"https:\/\/www.europesays.com\/fi\/wp-json\/wp\/v2\/posts\/38038\/revisions"}],"wp:featuredmedia":[{"embeddable":true,"href":"https:\/\/www.europesays.com\/fi\/wp-json\/wp\/v2\/media\/38039"}],"wp:attachment":[{"href":"https:\/\/www.europesays.com\/fi\/wp-json\/wp\/v2\/media?parent=38038"}],"wp:term":[{"taxonomy":"category","embeddable":true,"href":"https:\/\/www.europesays.com\/fi\/wp-json\/wp\/v2\/categories?post=38038"},{"taxonomy":"post_tag","embeddable":true,"href":"https:\/\/www.europesays.com\/fi\/wp-json\/wp\/v2\/tags?post=38038"}],"curies":[{"name":"wp","href":"https:\/\/api.w.org\/{rel}","templated":true}]}}