{"id":38042,"date":"2025-09-17T23:09:10","date_gmt":"2025-09-17T23:09:10","guid":{"rendered":"https:\/\/www.europesays.com\/fi\/38042\/"},"modified":"2025-09-17T23:09:10","modified_gmt":"2025-09-17T23:09:10","slug":"anu-sinisalolla-on-uusi-suhde","status":"publish","type":"post","link":"https:\/\/www.europesays.com\/fi\/38042\/","title":{"rendered":"Anu Sinisalolla on uusi suhde"},"content":{"rendered":"<p>Anu Sinisalo kertoo Voi hyvin lehdess\u00e4 olevansa onnellisesti parisuhteessa.<\/p>\n<p><img decoding=\"async\" class=\"image image-show image-preview\" src=\"https:\/\/www.europesays.com\/fi\/wp-content\/uploads\/2025\/09\/9bece3050bf9611b41181be7ebd507e5873cba93a16497f9376686f067005ac0.jpg\" alt=\"\"\/><img decoding=\"async\" class=\"image image-show\" src=\"https:\/\/www.europesays.com\/fi\/wp-content\/uploads\/2025\/09\/1758150550_876_9bece3050bf9611b41181be7ebd507e5873cba93a16497f9376686f067005ac0.jpg\" alt=\"\"\/><\/p>\n<p>Anu Sinisalo kertoo olevansa uudessa parisuhteessa. Tomi Natri<\/p>\n<p class=\"paragraph\">N\u00e4yttelij\u00e4 <strong>Anu Sinisalo<\/strong>, 59, kertoo <a href=\"https:\/\/www.eeva.fi\/jutut\/anu-sinisalo-uusi-suhde\" target=\"_blank\" rel=\"noopener nofollow\">Voi hyvin<\/a> -lehdess\u00e4, ett\u00e4 h\u00e4nen el\u00e4m\u00e4\u00e4ns\u00e4 on jokin aika sitten tullut \u201dkiinnostava mies\u201d. My\u00f6hemmin tuttavuus miehen kanssa syveni ja nyt Sinisalolla on iloisia uutisia.<\/p>\n<p class=\"paragraph\">\u2013 Olen onnellisesti seurustelusuhteessa, h\u00e4n kertoo lehdelle.<\/p>\n<p class=\"paragraph\">Sinisalon mukaan uusi mies tuli h\u00e4nen el\u00e4m\u00e4\u00e4ns\u00e4 hedelm\u00e4lliseen aikaan, sill\u00e4 h\u00e4n oli pohtinut el\u00e4m\u00e4ns\u00e4 suuntaa jo pitk\u00e4\u00e4n ja p\u00e4\u00e4tt\u00e4nyt tietoisesti muokata asennettaan.<\/p>\n<p class=\"paragraph\">Sinisalo kertoo olevansa uudelle kumppanilleen erityisen kiitollinen heid\u00e4n yhteisest\u00e4 humoristaan ja levollisesta yhteiselosta. H\u00e4nen mukaansa heid\u00e4n suhteessaan ei ole my\u00f6sk\u00e4\u00e4n kiire minnek\u00e4\u00e4n.<\/p>\n<p class=\"paragraph\">Yhteinen taival on avannut Sinisalolle my\u00f6s uusia n\u00e4k\u00f6kulmia.<\/p>\n<p class=\"paragraph\">\u2013 Tuntuu hyv\u00e4lt\u00e4 ihmetell\u00e4 maailmaa h\u00e4nen kanssaan. Saamme aikaan hyvi\u00e4 keskusteluja, sill\u00e4 toinen meist\u00e4 on tiede ja toinen tunne, n\u00e4yttelij\u00e4 kuvailee.<\/p>\n<p>Anu Sinisalon mukaan uusi mies tuli h\u00e4nen el\u00e4m\u00e4\u00e4ns\u00e4 silloin, kun h\u00e4n oli pohtinut el\u00e4m\u00e4ns\u00e4 suuntaa. Tomi Natri<\/p>\n<p class=\"paragraph\">Sinisalolla on yksi lapsi. Sinisalo on aiemmin seurustellut muun muassa n\u00e4yttelij\u00e4 <strong>Antti Reinin<\/strong> kanssa. Heid\u00e4n suhteensa p\u00e4\u00e4ttyi alkuvuodesta 2018. Reini kertoi <a href=\"https:\/\/www.iltalehti.fi\/viihdeuutiset\/fe6e4329-a40b-4fcf-bf64-09c792c68f25\" rel=\"nofollow noopener\" target=\"_blank\">kev\u00e4\u00e4ll\u00e4 Annalle<\/a> h\u00e4nen ja Sinisalon erosta tarkemmin.<\/p>\n<p class=\"paragraph\">\u2013 Meill\u00e4 oli seitsem\u00e4n vuotta kest\u00e4nyt suhde, ja Anu on yksi el\u00e4m\u00e4ni suurimmista rakkauksista. Kirjassani Sunnuntai kirjoitin, ett\u00e4 eromme syyt johtuivat vapaudenkaipuustani ja vaikeudestani sopeutua perinteisen parisuhteen kaiken m\u00e4\u00e4rittelev\u00e4\u00e4n muotoon, n\u00e4yttelij\u00e4 sanoi lehdelle.<\/p>\n<p class=\"paragraph\">\u2013 Ehk\u00e4 kyse oli haavoittuvuudestani, mit\u00e4 en viel\u00e4 erotessamme tiedostanut. Odotukset ovat ahdistaneet minua ja olen pel\u00e4nnyt vapauteni menett\u00e4mist\u00e4. Kun joku on tullut liian l\u00e4helle, olen pakittanut ja ly\u00f6nyt luukut kiinni, h\u00e4n pohti.<\/p>\n","protected":false},"excerpt":{"rendered":"Anu Sinisalo kertoo Voi hyvin lehdess\u00e4 olevansa onnellisesti parisuhteessa. Anu Sinisalo kertoo olevansa uudessa parisuhteessa. Tomi Natri N\u00e4yttelij\u00e4&hellip;\n","protected":false},"author":2,"featured_media":38043,"comment_status":"","ping_status":"","sticky":false,"template":"","format":"standard","meta":{"footnotes":""},"categories":[136],"tags":[35,153,407,623,137,33,31,30,408,1928,1616,718,32,140,109],"class_list":{"0":"post-38042","1":"post","2":"type-post","3":"status-publish","4":"format-standard","5":"has-post-thumbnail","7":"category-julkkikset","8":"tag-24h","9":"tag-audiovisuaalinen-media","10":"tag-celebrities","11":"tag-elokuva","12":"tag-entertainment","13":"tag-fi","14":"tag-finland","15":"tag-finnish","16":"tag-julkkikset","17":"tag-kirjallisuus-ja-audiovisuaalinen-media","18":"tag-media-viestinta","19":"tag-nayttamotaide","20":"tag-suomi","21":"tag-tv-ja-elokuvat","22":"tag-viihde"},"share_on_mastodon":{"url":"","error":""},"_links":{"self":[{"href":"https:\/\/www.europesays.com\/fi\/wp-json\/wp\/v2\/posts\/38042","targetHints":{"allow":["GET"]}}],"collection":[{"href":"https:\/\/www.europesays.com\/fi\/wp-json\/wp\/v2\/posts"}],"about":[{"href":"https:\/\/www.europesays.com\/fi\/wp-json\/wp\/v2\/types\/post"}],"author":[{"embeddable":true,"href":"https:\/\/www.europesays.com\/fi\/wp-json\/wp\/v2\/users\/2"}],"replies":[{"embeddable":true,"href":"https:\/\/www.europesays.com\/fi\/wp-json\/wp\/v2\/comments?post=38042"}],"version-history":[{"count":0,"href":"https:\/\/www.europesays.com\/fi\/wp-json\/wp\/v2\/posts\/38042\/revisions"}],"wp:featuredmedia":[{"embeddable":true,"href":"https:\/\/www.europesays.com\/fi\/wp-json\/wp\/v2\/media\/38043"}],"wp:attachment":[{"href":"https:\/\/www.europesays.com\/fi\/wp-json\/wp\/v2\/media?parent=38042"}],"wp:term":[{"taxonomy":"category","embeddable":true,"href":"https:\/\/www.europesays.com\/fi\/wp-json\/wp\/v2\/categories?post=38042"},{"taxonomy":"post_tag","embeddable":true,"href":"https:\/\/www.europesays.com\/fi\/wp-json\/wp\/v2\/tags?post=38042"}],"curies":[{"name":"wp","href":"https:\/\/api.w.org\/{rel}","templated":true}]}}