{"id":38046,"date":"2025-09-17T23:20:19","date_gmt":"2025-09-17T23:20:19","guid":{"rendered":"https:\/\/www.europesays.com\/fi\/38046\/"},"modified":"2025-09-17T23:20:19","modified_gmt":"2025-09-17T23:20:19","slug":"prisma-samaan-taloon-wiklundin-sokoksen-kanssa","status":"publish","type":"post","link":"https:\/\/www.europesays.com\/fi\/38046\/","title":{"rendered":"Prisma samaan taloon Wiklundin Sokoksen kanssa"},"content":{"rendered":"<p>            <a href=\"https:\/\/turunseutusanomat.fi\/wp-content\/uploads\/2025\/09\/6c3b7d3c-1df4-4999-90f9-c73012bf1441.jpg\" data-caption=\"Kuvituskuva. Kuva: Ronnie Hole\" rel=\"nofollow noopener\" target=\"_blank\"><img loading=\"lazy\" decoding=\"async\" width=\"696\" height=\"463\" class=\"entry-thumb td-modal-image lazyload\" src=\"https:\/\/www.europesays.com\/fi\/wp-content\/uploads\/2025\/09\/6c3b7d3c-1df4-4999-90f9-c73012bf1441-696x463.jpg\"  data- alt=\"\" title=\"6c3b7d3c-1df4-4999-90f9-c73012bf1441\" style=\"--smush-placeholder-width: 696px; --smush-placeholder-aspect-ratio: 696\/463;\"\/><\/a>Kuvituskuva. Kuva: Ronnie Hole<\/p>\n<p><strong>Turun Osuuskauppa investoi Turun keskustan palvelujen kehitt\u00e4miseen tuomalla Wiklundille Prisman ja uudistamalla Sokosta.<\/strong><\/p>\n<p>Turun keskustan Wiklundin Sokos-tavaratalon rinnalle samaan rakennukseen on tulossa Prisman hypermarket vuonna 2026.<\/p>\n<p>Wiklundilla teht\u00e4vien muutosten tarkempi tila- ja toimintasuunnittelu on parhaillaan k\u00e4ynniss\u00e4 ja suunnitelmat tarkentuvat loppuvuoden aikana.<\/p>\n<p>\u2013 T\u00e4m\u00e4n hetken n\u00e4kemyksemme mukaan Prisma rakentuisi nykyisen S-market Wiklund Herkun paikalle Wiklundin pohjakerrokseen sek\u00e4 k\u00e4ytt\u00f6tavaran osalta katutasoon. Samalla Sokoksen naisten vaate- ja jalkinevalikoima siirtyisi Wiklundin toiseen kerrokseen muodostaen uudistetun muodin ja kodin kokonaisuuden. Sokoksen kosmetiikka j\u00e4isi edelleen katutasoon. Suunnitelmia kuitenkin hiotaan viel\u00e4 loppuvuoden aikana, kertoo Turun Osuuskaupan toimitusjohtaja Niklas \u00d6sterlund tiedotteessa.<\/p>\n<p>T\u00e4m\u00e4nhetkisen arvion mukaan rakennusty\u00f6t alkaisivat Wiklundilla alkuvuonna 2026 ja valmiin Prisman avajaisia p\u00e4\u00e4st\u00e4isiin juhlimaan syksyll\u00e4 2026.<\/p>\n<p>Turun Osuuskauppa on my\u00f6s tarjonnut Turun kaupungille Wiklundin korttelista vuokratiloja Turun kauppahallin v\u00e4ist\u00f6tiloille, mutta asia etenee omana kokonaisuutenaan kaupungin p\u00e4\u00e4t\u00f6ksenteossa eik\u00e4 vaikuta n\u00e4ihin nyt kerrottuihin suunnitelmiin.<\/p>\n","protected":false},"excerpt":{"rendered":"Kuvituskuva. Kuva: Ronnie Hole Turun Osuuskauppa investoi Turun keskustan palvelujen kehitt\u00e4miseen tuomalla Wiklundille Prisman ja uudistamalla Sokosta. Turun&hellip;\n","protected":false},"author":2,"featured_media":38047,"comment_status":"","ping_status":"","sticky":false,"template":"","format":"standard","meta":{"footnotes":""},"categories":[76],"tags":[79,77,33,31,30,32,78],"class_list":{"0":"post-38046","1":"post","2":"type-post","3":"status-publish","4":"format-standard","5":"has-post-thumbnail","7":"category-talous","8":"tag-business","9":"tag-economy","10":"tag-fi","11":"tag-finland","12":"tag-finnish","13":"tag-suomi","14":"tag-talous"},"share_on_mastodon":{"url":"","error":""},"_links":{"self":[{"href":"https:\/\/www.europesays.com\/fi\/wp-json\/wp\/v2\/posts\/38046","targetHints":{"allow":["GET"]}}],"collection":[{"href":"https:\/\/www.europesays.com\/fi\/wp-json\/wp\/v2\/posts"}],"about":[{"href":"https:\/\/www.europesays.com\/fi\/wp-json\/wp\/v2\/types\/post"}],"author":[{"embeddable":true,"href":"https:\/\/www.europesays.com\/fi\/wp-json\/wp\/v2\/users\/2"}],"replies":[{"embeddable":true,"href":"https:\/\/www.europesays.com\/fi\/wp-json\/wp\/v2\/comments?post=38046"}],"version-history":[{"count":0,"href":"https:\/\/www.europesays.com\/fi\/wp-json\/wp\/v2\/posts\/38046\/revisions"}],"wp:featuredmedia":[{"embeddable":true,"href":"https:\/\/www.europesays.com\/fi\/wp-json\/wp\/v2\/media\/38047"}],"wp:attachment":[{"href":"https:\/\/www.europesays.com\/fi\/wp-json\/wp\/v2\/media?parent=38046"}],"wp:term":[{"taxonomy":"category","embeddable":true,"href":"https:\/\/www.europesays.com\/fi\/wp-json\/wp\/v2\/categories?post=38046"},{"taxonomy":"post_tag","embeddable":true,"href":"https:\/\/www.europesays.com\/fi\/wp-json\/wp\/v2\/tags?post=38046"}],"curies":[{"name":"wp","href":"https:\/\/api.w.org\/{rel}","templated":true}]}}