{"id":38048,"date":"2025-09-17T23:21:07","date_gmt":"2025-09-17T23:21:07","guid":{"rendered":"https:\/\/www.europesays.com\/fi\/38048\/"},"modified":"2025-09-17T23:21:07","modified_gmt":"2025-09-17T23:21:07","slug":"liettuan-viranomaiset-paljastivat-venajan-sotilastiedusteluun-linkittyvan-verkoston","status":"publish","type":"post","link":"https:\/\/www.europesays.com\/fi\/38048\/","title":{"rendered":"Liettuan viranomaiset paljastivat Ven\u00e4j\u00e4n sotilastiedusteluun linkittyv\u00e4n verkoston"},"content":{"rendered":"<p><strong class=\"typography-bold\">Verkosto l\u00e4hetti r\u00e4j\u00e4hteit\u00e4 sis\u00e4lt\u00e4neit\u00e4 paketteja l\u00e4hettipalvelujen kautta.<\/strong><\/p>\n<p>DHL:n logistiikkakeskuksissa Birminghamissa ja Leipzigissa viime vuonna tapahtuneiden tulipalojen taustalla oli Ven\u00e4j\u00e4n kansalaisia, joilla oli yhteyksi\u00e4 Ven\u00e4j\u00e4n sotilastiedusteluun, kertoivat Liettuan syytt\u00e4j\u00e4viranomaiset keskiviikkona.<\/p>\n<p>Asiasta uutisoi Liettuan yleisradioyhti\u00f6 <a class=\"underline\" data-testid=\"external-link\" href=\"https:\/\/www.lrt.lt\/en\/news-in-english\/19\/2681837\/lithuania-says-it-busted-russian-linked-network-that-planned-terror-attacks-in-europe\" rel=\"noopener noreferrer nofollow\" target=\"_blank\" data-sentry-component=\"ExternalLink\" data-sentry-source-file=\"ExternalLink.tsx\">LRT<\/a>. Syytt\u00e4jien mukaan tekoihin rekrytoitiin Ven\u00e4j\u00e4n, Liettuan, Latvian, Viron ja Ukrainan kansalaisia Telegram-viestisovelluksen kautta, ja maksu luvattiin kryptovaluutoissa.<\/p>\n<p>T\u00e4h\u00e4n menness\u00e4 ep\u00e4iltyj\u00e4 on 15. Osa heist\u00e4 on yhdistetty my\u00f6s toukokuussa 2024 tapahtuneeseen ep\u00e4onnistuneeseen Vilnan Ikea-myym\u00e4l\u00e4n tuhopolttoyritykseen.<\/p>\n<p>Verkosto toteutti iskut l\u00e4hett\u00e4m\u00e4ll\u00e4 r\u00e4j\u00e4hteit\u00e4 sis\u00e4lt\u00e4neit\u00e4 paketteja l\u00e4hettipalvelujen kautta.<\/p>\n<p>R\u00e4j\u00e4hteet piilotettiin kosmetiikkaan<\/p>\n<p>Vuonna 1973 syntyneen liettualaismiehen ep\u00e4ill\u00e4\u00e4n l\u00e4hett\u00e4neen DHL:n ja DPD:n l\u00e4hettipalvelujen kautta nelj\u00e4 pakettia, joiden sis\u00e4ll\u00e4 oli omatekoinen r\u00e4j\u00e4hde.<\/p>\n<p>Yksi paketeista r\u00e4j\u00e4hti DHL:n logistiikkakeskuksessa Leipzigin lentokent\u00e4ll\u00e4 Saksassa ja sytytti tulipalon ennen kuin se ehdittiin lastata DHL:n rahtilennolle.<\/p>\n<p>Toinen paketti r\u00e4j\u00e4hti DHL:n varastossa Birminghamissa ja kolmas Puolaan matkalla olleessa DPD:n autossa. Nelj\u00e4s paketti ei r\u00e4j\u00e4ht\u00e4nyt teknisen vian vuoksi.<\/p>\n<p>Viranomaisten mukaan r\u00e4j\u00e4hteet oli piilotettu muun muassa hierontatyynyihin ja kosmetiikkatuotteisiin, ja ne oli suunniteltu aiheuttamaan suuria tulipaloja ja katastrofaalisia seurauksia.<\/p>\n<p>Poliisi l\u00f6ysi my\u00f6hemmin lis\u00e4\u00e4 r\u00e4j\u00e4hteit\u00e4 Liettuassa, Puolassa, Latviassa ja Virossa tehdyiss\u00e4 etsinn\u00f6iss\u00e4. Poliisin mukaan ne oli mahdollisesti tarkoitettu lis\u00e4iskujen toteuttamiseen.<\/p>\n<p>Tapauksen tutkinta on edelleen kesken.<\/p>\n","protected":false},"excerpt":{"rendered":"Verkosto l\u00e4hetti r\u00e4j\u00e4hteit\u00e4 sis\u00e4lt\u00e4neit\u00e4 paketteja l\u00e4hettipalvelujen kautta. DHL:n logistiikkakeskuksissa Birminghamissa ja Leipzigissa viime vuonna tapahtuneiden tulipalojen taustalla oli&hellip;\n","protected":false},"author":2,"featured_media":38049,"comment_status":"","ping_status":"","sticky":false,"template":"","format":"standard","meta":{"footnotes":""},"categories":[14],"tags":[22,23,26,27,33,31,30,17,24,25,28,29,15,18,21,32,19,20,56,16,59,60,61],"class_list":{"0":"post-38048","1":"post","2":"type-post","3":"status-publish","4":"format-standard","5":"has-post-thumbnail","7":"category-ulkomaat","8":"tag-breaking-news","9":"tag-breakingnews","10":"tag-featured-news","11":"tag-featurednews","12":"tag-fi","13":"tag-finland","14":"tag-finnish","15":"tag-headlines","16":"tag-latest-news","17":"tag-latestnews","18":"tag-main-news","19":"tag-mainnews","20":"tag-news","21":"tag-otsikot","22":"tag-paauutiset","23":"tag-suomi","24":"tag-top-stories","25":"tag-topstories","26":"tag-ulkomaat","27":"tag-uutiset","28":"tag-world","29":"tag-world-news","30":"tag-worldnews"},"share_on_mastodon":{"url":"","error":""},"_links":{"self":[{"href":"https:\/\/www.europesays.com\/fi\/wp-json\/wp\/v2\/posts\/38048","targetHints":{"allow":["GET"]}}],"collection":[{"href":"https:\/\/www.europesays.com\/fi\/wp-json\/wp\/v2\/posts"}],"about":[{"href":"https:\/\/www.europesays.com\/fi\/wp-json\/wp\/v2\/types\/post"}],"author":[{"embeddable":true,"href":"https:\/\/www.europesays.com\/fi\/wp-json\/wp\/v2\/users\/2"}],"replies":[{"embeddable":true,"href":"https:\/\/www.europesays.com\/fi\/wp-json\/wp\/v2\/comments?post=38048"}],"version-history":[{"count":0,"href":"https:\/\/www.europesays.com\/fi\/wp-json\/wp\/v2\/posts\/38048\/revisions"}],"wp:featuredmedia":[{"embeddable":true,"href":"https:\/\/www.europesays.com\/fi\/wp-json\/wp\/v2\/media\/38049"}],"wp:attachment":[{"href":"https:\/\/www.europesays.com\/fi\/wp-json\/wp\/v2\/media?parent=38048"}],"wp:term":[{"taxonomy":"category","embeddable":true,"href":"https:\/\/www.europesays.com\/fi\/wp-json\/wp\/v2\/categories?post=38048"},{"taxonomy":"post_tag","embeddable":true,"href":"https:\/\/www.europesays.com\/fi\/wp-json\/wp\/v2\/tags?post=38048"}],"curies":[{"name":"wp","href":"https:\/\/api.w.org\/{rel}","templated":true}]}}