{"id":3805,"date":"2025-08-12T21:02:19","date_gmt":"2025-08-12T21:02:19","guid":{"rendered":"https:\/\/www.europesays.com\/fi\/3805\/"},"modified":"2025-08-12T21:02:19","modified_gmt":"2025-08-12T21:02:19","slug":"maailman-ensimmainen-puinen-satelliitti-ammuttiin-avaruuteen-uutisia-lyhyesti","status":"publish","type":"post","link":"https:\/\/www.europesays.com\/fi\/3805\/","title":{"rendered":"Maailman ensimm\u00e4inen puinen satelliitti ammuttiin avaruuteen | Uutisia lyhyesti"},"content":{"rendered":"<p class=\"sc-jYczwO sc-dNFkOE bUKqJd eiHPxO yle__article__paragraph\">Tutkijat aikovat selvitt\u00e4\u00e4, kest\u00e4\u00e4k\u00f6 puusatelliitti \u00e4\u00e4rimm\u00e4isi\u00e4 l\u00e4mp\u00f6tilan muutoksia.<\/p>\n<p><img decoding=\"async\" alt=\"Puinen satelliitti.\" src=\"https:\/\/www.europesays.com\/fi\/wp-content\/uploads\/2025\/08\/39-13747386729d4813ba15.jpeg\" class=\"sc-dntSTA iywpZY\"\/><\/p>\n<p>Avaa kuvien katselu<\/p>\n<p>Puusatelliitti on muodoltaan laatikkomainen. Jokainen sattellitin sivu on vain 10 senttimetri\u00e4 pitk\u00e4. Kuva: Irene Wang \/ Reuters<\/p>\n<p>5.11.2024 10:29\u2022P\u00e4ivitetty 5.11.2024 11:08<\/p>\n<p class=\"sc-jYczwO sc-ciCoXh bUKqJd cIOueB yle__article__paragraph\">Maailman ensimm\u00e4inen puinen satelliitti laukaistiin Floridassa tiistaina, Japanin avaruusj\u00e4rjest\u00f6n kehitt\u00e4j\u00e4t ilmoittavat.<\/p>\n<p class=\"sc-jYczwO sc-ciCoXh bUKqJd cIOueB yle__article__paragraph\">Satelliitti kulkee avaruuteen amerikkalaisen avaruusyhti\u00f6n Space X:n kantoraketilla.<\/p>\n<p class=\"sc-jYczwO sc-ciCoXh bUKqJd cIOueB yle__article__paragraph\">Lignosat-satelliitti kuljetetaan Kansainv\u00e4liselle avaruusasemalle osana huoltoteht\u00e4v\u00e4\u00e4.<\/p>\n<p class=\"sc-jYczwO sc-ciCoXh bUKqJd cIOueB yle__article__paragraph\">Satelliitti otetaan k\u00e4ytt\u00f6\u00f6n noin kuukauden p\u00e4\u00e4st\u00e4.<\/p>\n<p class=\"sc-jYczwO sc-ciCoXh bUKqJd cIOueB yle__article__paragraph\">Japanin Kyoton yliopiston tutkijat haluavat testata puisen satelliitin kest\u00e4vyytt\u00e4 avaruusolosuhteissa.<\/p>\n<p class=\"sc-jYczwO sc-ciCoXh bUKqJd cIOueB yle__article__paragraph\">Mission tarkoitus on selvitt\u00e4\u00e4, kest\u00e4\u00e4k\u00f6 satelliitti \u00e4\u00e4rimm\u00e4isi\u00e4 l\u00e4mp\u00f6tilan muutoksia.<\/p>\n<p class=\"sc-jYczwO sc-ciCoXh bUKqJd cIOueB yle__article__paragraph\">Satelliitti l\u00e4hett\u00e4\u00e4 avaruudesta reaaliaikaista tietoa tutkijoille.<\/p>\n<p>Saattaa mullistaa avaruusteknologian<\/p>\n<p class=\"sc-jYczwO sc-ciCoXh bUKqJd cIOueB yle__article__paragraph\">Tutkijat kaavailevat puusatelliitista vaihtoehtoa perinteiselle metalliselle satelliitille.<\/p>\n<p class=\"sc-jYczwO sc-ciCoXh bUKqJd cIOueB yle__article__paragraph\">Metallisten satelliittien ongelma on niiden alasajo.<\/p>\n<p class=\"sc-jYczwO sc-ciCoXh bUKqJd cIOueB yle__article__paragraph\">Kun satelliitit palaavat Maahan, ne palavat ilmakeh\u00e4ss\u00e4. Palamisen aikana metallihiukkaset voivat vaikuttaa negatiivisesti ymp\u00e4rist\u00f6\u00f6n ja tietoliikenteeseen.<\/p>\n<p class=\"sc-jYczwO sc-ciCoXh bUKqJd cIOueB yle__article__paragraph\">Tutkijat olettavat, ett\u00e4 puumateriaali palaa ilmakeh\u00e4ss\u00e4 paremmin kuin metalli.<\/p>\n<p class=\"sc-jYczwO sc-ciCoXh bUKqJd cIOueB yle__article__paragraph\">Astronautti ja Kyoton yliopiston professori <strong class=\"sc-eEHciv gtNhAX yle__article__strong\">Takao Do<\/strong> ennakoi aiemmin t\u00e4n\u00e4 vuonna, ett\u00e4 puisista satelliiteista tulee yleisi\u00e4 jo l\u00e4hitulevaisuudessa.<\/p>\n<p class=\"sc-jYczwO sc-ciCoXh bUKqJd cIOueB yle__article__paragraph\">My\u00f6s Suomessa on kehitetty vaneripuista satelliittia, jonka <a class=\"sc-jDJeIs gotUgl yle__article__link\" href=\"https:\/\/yle.fi\/a\/3-11978610\" role=\"link\" rel=\"nofollow noopener\" target=\"_blank\">koelento on tehty<\/a> jo muutamia vuosia sitten. Suomen puusatelliittihanke odottaa kuitenkin yh\u00e4 laukaisuaan, eik\u00e4 sen aikataulusta ole tietoa.<\/p>\n<p class=\"sc-jYczwO sc-ciCoXh bUKqJd cIOueB yle__article__paragraph\">L\u00e4hde: AFP<\/p>\n","protected":false},"excerpt":{"rendered":"Tutkijat aikovat selvitt\u00e4\u00e4, kest\u00e4\u00e4k\u00f6 puusatelliitti \u00e4\u00e4rimm\u00e4isi\u00e4 l\u00e4mp\u00f6tilan muutoksia. Avaa kuvien katselu Puusatelliitti on muodoltaan laatikkomainen. Jokainen sattellitin sivu&hellip;\n","protected":false},"author":2,"featured_media":3806,"comment_status":"","ping_status":"","sticky":false,"template":"","format":"standard","meta":{"footnotes":""},"categories":[114],"tags":[453,1205,33,31,30,1085,118,452,32,119,56],"class_list":{"0":"post-3805","1":"post","2":"type-post","3":"status-publish","4":"format-standard","5":"has-post-thumbnail","7":"category-avaruus","8":"tag-avaruus","9":"tag-avaruusohjelmat","10":"tag-fi","11":"tag-finland","12":"tag-finnish","13":"tag-satelliitit","14":"tag-science","15":"tag-space","16":"tag-suomi","17":"tag-tiede","18":"tag-ulkomaat"},"share_on_mastodon":{"url":"","error":""},"_links":{"self":[{"href":"https:\/\/www.europesays.com\/fi\/wp-json\/wp\/v2\/posts\/3805","targetHints":{"allow":["GET"]}}],"collection":[{"href":"https:\/\/www.europesays.com\/fi\/wp-json\/wp\/v2\/posts"}],"about":[{"href":"https:\/\/www.europesays.com\/fi\/wp-json\/wp\/v2\/types\/post"}],"author":[{"embeddable":true,"href":"https:\/\/www.europesays.com\/fi\/wp-json\/wp\/v2\/users\/2"}],"replies":[{"embeddable":true,"href":"https:\/\/www.europesays.com\/fi\/wp-json\/wp\/v2\/comments?post=3805"}],"version-history":[{"count":0,"href":"https:\/\/www.europesays.com\/fi\/wp-json\/wp\/v2\/posts\/3805\/revisions"}],"wp:featuredmedia":[{"embeddable":true,"href":"https:\/\/www.europesays.com\/fi\/wp-json\/wp\/v2\/media\/3806"}],"wp:attachment":[{"href":"https:\/\/www.europesays.com\/fi\/wp-json\/wp\/v2\/media?parent=3805"}],"wp:term":[{"taxonomy":"category","embeddable":true,"href":"https:\/\/www.europesays.com\/fi\/wp-json\/wp\/v2\/categories?post=3805"},{"taxonomy":"post_tag","embeddable":true,"href":"https:\/\/www.europesays.com\/fi\/wp-json\/wp\/v2\/tags?post=3805"}],"curies":[{"name":"wp","href":"https:\/\/api.w.org\/{rel}","templated":true}]}}