{"id":38050,"date":"2025-09-17T23:22:08","date_gmt":"2025-09-17T23:22:08","guid":{"rendered":"https:\/\/www.europesays.com\/fi\/38050\/"},"modified":"2025-09-17T23:22:08","modified_gmt":"2025-09-17T23:22:08","slug":"poliisi-ei-pidattanyt-raiskaajaa-pian-miehen-uhriksi-joutui-kaksi-lasta","status":"publish","type":"post","link":"https:\/\/www.europesays.com\/fi\/38050\/","title":{"rendered":"Poliisi ei pid\u00e4tt\u00e4nyt raiskaajaa \u2013 Pian miehen uhriksi joutui kaksi lasta"},"content":{"rendered":"<p>Poliisi ei pid\u00e4tt\u00e4nyt miest\u00e4, joka oli juuri raiskannut naisen. Parin viikon kuluttua mies kajosi kahteen lapseen uimarannalla.<\/p>\n<p><img decoding=\"async\" class=\"image image-show image-preview\" src=\"https:\/\/www.europesays.com\/fi\/wp-content\/uploads\/2025\/09\/a81e0f5e8d9370214aae78e9cc70caf9534b6de22e5af2d85e1306c9e8a88c9b.jpg\" alt=\"\"\/><img decoding=\"async\" class=\"image image-show\" src=\"https:\/\/www.europesays.com\/fi\/wp-content\/uploads\/2025\/09\/1758151328_727_a81e0f5e8d9370214aae78e9cc70caf9534b6de22e5af2d85e1306c9e8a88c9b.jpg\" alt=\"\"\/><\/p>\n<p>Ammar Alaini v\u00e4ijyi naisia julkisissa liikennev\u00e4lineiss\u00e4 ja juna-asemilla. Kuvituskuva. KARI PEKONEN<\/p>\n<p class=\"paragraph\"><strong>Ammar Ahmad Mohammad Alaini<\/strong>, 27, vaani naisia p\u00e4\u00e4kaupunkiseudulla viime vuoden kes\u00e4n\u00e4.<\/p>\n<p class=\"paragraph\">H\u00e4net on nyt tuomittu Helsingin hovioikeudessa kahdessa eri kokonaisuudessa yhteens\u00e4 viideksi vuodeksi vankeuteen.<\/p>\n<p class=\"paragraph\">Rikokset tapahtuivat touko\u2013hein\u00e4kuussa 2024. <a href=\"https:\/\/www.iltalehti.fi\/kotimaa\/b01efc64-7d7f-4edd-8762-5231d1380643\" rel=\"nofollow noopener\" target=\"_blank\">Toukokuussa Alaini hy\u00f6kk\u00e4si kolmen naisen kimppuun Vantaan Myyrm\u00e4ess\u00e4<\/a>.<\/p>\n<p class=\"paragraph\">Kaikki naiset olivat h\u00e4nelle ennalta tuntemattomia, kaikki k\u00e4velem\u00e4ss\u00e4 yksin kotiinsa my\u00f6h\u00e4\u00e4n y\u00f6ll\u00e4.<\/p>\n<p class=\"paragraph\">Alaini l\u00e4hti seuraamaan naisia y\u00f6bussissa tai juna-asemalta. H\u00e4n kulki heid\u00e4n per\u00e4ss\u00e4\u00e4n jonkin aikaa, hy\u00f6kk\u00e4si takaap\u00e4in ja k\u00e4vi p\u00e4\u00e4lle.<\/p>\n<p class=\"paragraph\">Naisten onnistui rimpuilla irti miehen otteesta.<\/p>\n<p>Raiskasi v\u00e4kivalloin<\/p>\n<p class=\"paragraph\">Hein\u00e4kuussa Alaini houkutteli Helsingin rautatieasemalla tapaamansa asunnottoman naisen kotiinsa Myyrm\u00e4keen.<\/p>\n<p class=\"paragraph\">H\u00e4n tarjosi naiselle mahdollisuuden peseyty\u00e4, pest\u00e4 pyykki\u00e4 ja y\u00f6py\u00e4 h\u00e4nen asunnollaan.<\/p>\n<p class=\"paragraph\">T\u00e4llaisesta ei ollut tietoakaan. Naista odotti j\u00e4rkytt\u00e4v\u00e4 n\u00e4ky.<\/p>\n<p class=\"paragraph\">Asunnolla ei ollut kuin r\u00e4hj\u00e4inen patja lattialla. Alaini alkoi vaatia naiselta seksi\u00e4 ja muuttui aggressiiviseksi, kun t\u00e4m\u00e4 kielt\u00e4ytyi.<\/p>\n<p class=\"paragraph\">Alaini esti naista poistumasta asunnolta ja raiskasi h\u00e4net v\u00e4kivalloin.<\/p>\n<p class=\"paragraph\">Lopulta nainen p\u00e4\u00e4si pakenemaan. H\u00e4n s\u00e4nt\u00e4si rappuk\u00e4yt\u00e4v\u00e4\u00e4n ja pyysi Alainin naapuria soittamaan h\u00e4t\u00e4keskukseen. Naapuri piti naiselle seuraa, kunnes poliisit saapuivat.<\/p>\n<p>Kajosi kahteen lapseen<\/p>\n<p>Helsingin hovioikeus ei muuttanut It\u00e4-Uudenmaan k\u00e4r\u00e4j\u00e4oikeuden ratkaisuja lainkaan. Eevi Karvinen<\/p>\n<p class=\"paragraph\">Alainia ei kuitenkaan pid\u00e4tetty tuolloin. Poliisit sanoivat raiskatulle naiselle, ettei kiinniottoon ollut perusteita.<\/p>\n<p class=\"paragraph\">Mies sai siis jatkaa rikosten tekoa. H\u00e4net otettiin kiinni vasta kolmisen viikon kuluttua. Tuolloin h\u00e4nen uhrikseen joutui kaksi lasta.<\/p>\n<p class=\"paragraph\">Alaini kosketteli 15-vuotiasta tytt\u00f6\u00e4 takapuolesta Vetokannaksen uimarannalla. Kun tytt\u00f6 k\u00e4\u00e4nn\u00e4hti katsomaan koskettelijaa, t\u00e4m\u00e4 nosti k\u00e4tens\u00e4 yl\u00f6s ja sanoi \u201dsori sori\u201d.<\/p>\n<p class=\"paragraph\">Tytt\u00f6 oletti, ett\u00e4 kyse oli vahingosta. Ei ollut.<\/p>\n<p class=\"paragraph\">Pian h\u00e4n n\u00e4ki, ett\u00e4 Alaini teki samalla tavalla toiselle lapselle. 12-vuotias tytt\u00f6 oli nousemassa portaita hyp\u00e4t\u00e4kseen j\u00e4rveen, kun Alaini puristi h\u00e4nt\u00e4 kahdesti takapuolesta.<\/p>\n<p class=\"paragraph\">Vanhempi tyt\u00f6ist\u00e4 kertoi tapahtuneesta uimavalvojalle, joka h\u00e4lytti paikalle poliisit. Alaini otettiin kiinni, pid\u00e4tettiin ja vangittiin.<\/p>\n<p class=\"paragraph\">H\u00e4n on ollut siit\u00e4 asti vailla vapauttaan.<\/p>\n<p>Viisi vuotta vankeutta<\/p>\n<p class=\"paragraph\">It\u00e4-Uudenmaan k\u00e4r\u00e4j\u00e4oikeus tuomitsi Alainin joulukuussa 2024 kahdesta raiskauksen yrityksest\u00e4, kahdesta seksuaalisesta kajoamisesta lapseen ja seksuaalisen kajoamisen yrityksest\u00e4. Yhteinen rangaistus teoista oli kaksi ja puoli vuotta vankeutta.<\/p>\n<p class=\"paragraph\">Reilu kuukausi my\u00f6hemmin Alaini tuomittiin hein\u00e4kuisesta raiskauksesta. K\u00e4r\u00e4j\u00e4oikeus katsoi Alainin k\u00e4ytt\u00e4neen hyv\u00e4kseen asunnottoman naisen haavoittuvaista asemaa. Oikeudenmukainen seuraamus olisi ollut kolme vuotta ja kaksi kuukautta vankeutta.<\/p>\n<p class=\"paragraph\">Joulukuussa annettu tuomio kuitenkin alensi rangaistusta. N\u00e4in ollen Alaini tuomittiin kahdeksi ja puoleksi vuodeksi vankeuteen.<\/p>\n<p class=\"paragraph\">Ammar Alaini valitti kummastakin tuomiostaan hovioikeuteen. Helsingin hovioikeus ei elokuussa antamissaan ratkaisuissa muuttanut k\u00e4r\u00e4j\u00e4tuomioita milt\u00e4\u00e4n osin.<\/p>\n","protected":false},"excerpt":{"rendered":"Poliisi ei pid\u00e4tt\u00e4nyt miest\u00e4, joka oli juuri raiskannut naisen. Parin viikon kuluttua mies kajosi kahteen lapseen uimarannalla. Ammar&hellip;\n","protected":false},"author":2,"featured_media":38051,"comment_status":"","ping_status":"","sticky":false,"template":"","format":"standard","meta":{"footnotes":""},"categories":[12],"tags":[35,22,23,26,27,33,31,30,17,53,24,25,28,29,15,18,21,978,38,32,19,20,16,40,37],"class_list":{"0":"post-38050","1":"post","2":"type-post","3":"status-publish","4":"format-standard","5":"has-post-thumbnail","7":"category-suomi","8":"tag-24h","9":"tag-breaking-news","10":"tag-breakingnews","11":"tag-featured-news","12":"tag-featurednews","13":"tag-fi","14":"tag-finland","15":"tag-finnish","16":"tag-headlines","17":"tag-laki-oikeus-ja-rikos","18":"tag-latest-news","19":"tag-latestnews","20":"tag-main-news","21":"tag-mainnews","22":"tag-news","23":"tag-otsikot","24":"tag-paauutiset","25":"tag-rikoksen-teko","26":"tag-rikos","27":"tag-suomi","28":"tag-top-stories","29":"tag-topstories","30":"tag-uutiset","31":"tag-vakivalta","32":"tag-vakivaltarikokset"},"share_on_mastodon":{"url":"","error":""},"_links":{"self":[{"href":"https:\/\/www.europesays.com\/fi\/wp-json\/wp\/v2\/posts\/38050","targetHints":{"allow":["GET"]}}],"collection":[{"href":"https:\/\/www.europesays.com\/fi\/wp-json\/wp\/v2\/posts"}],"about":[{"href":"https:\/\/www.europesays.com\/fi\/wp-json\/wp\/v2\/types\/post"}],"author":[{"embeddable":true,"href":"https:\/\/www.europesays.com\/fi\/wp-json\/wp\/v2\/users\/2"}],"replies":[{"embeddable":true,"href":"https:\/\/www.europesays.com\/fi\/wp-json\/wp\/v2\/comments?post=38050"}],"version-history":[{"count":0,"href":"https:\/\/www.europesays.com\/fi\/wp-json\/wp\/v2\/posts\/38050\/revisions"}],"wp:featuredmedia":[{"embeddable":true,"href":"https:\/\/www.europesays.com\/fi\/wp-json\/wp\/v2\/media\/38051"}],"wp:attachment":[{"href":"https:\/\/www.europesays.com\/fi\/wp-json\/wp\/v2\/media?parent=38050"}],"wp:term":[{"taxonomy":"category","embeddable":true,"href":"https:\/\/www.europesays.com\/fi\/wp-json\/wp\/v2\/categories?post=38050"},{"taxonomy":"post_tag","embeddable":true,"href":"https:\/\/www.europesays.com\/fi\/wp-json\/wp\/v2\/tags?post=38050"}],"curies":[{"name":"wp","href":"https:\/\/api.w.org\/{rel}","templated":true}]}}