{"id":38054,"date":"2025-09-17T23:35:13","date_gmt":"2025-09-17T23:35:13","guid":{"rendered":"https:\/\/www.europesays.com\/fi\/38054\/"},"modified":"2025-09-17T23:35:13","modified_gmt":"2025-09-17T23:35:13","slug":"senni-salminen-taraytti-ylen-lahetyksessa-ilouutisen-perheenlisaysta-tulossa-you-heard-it-here-first-yleisurheilun-mm-2025","status":"publish","type":"post","link":"https:\/\/www.europesays.com\/fi\/38054\/","title":{"rendered":"Senni Salminen t\u00e4r\u00e4ytti Ylen l\u00e4hetyksess\u00e4 ilouutisen \u2013 perheenlis\u00e4yst\u00e4 tulossa: \u201dYou heard it here first\u201d | Yleisurheilun MM 2025"},"content":{"rendered":"<p class=\"aw-1gybjub aw-5vja16 cmIuaG zKETg yle__article__paragraph\">Senni Salminen on saamassa puolisonsa kanssa perheen\u00adlis\u00e4yst\u00e4.<\/p>\n<p>Senni Salminen paljasti ilouutisen MM-karsinnan j\u00e4lkeen.<\/p>\n<p class=\"aw-1gybjub aw-1p7kakr cmIuaG fmSRng yle__article__paragraph\"><a class=\"aw-iao6s4 iHOxEa yle__article__link\" href=\"https:\/\/yle.fi\/a\/74-20177010\" role=\"link\" rel=\"nofollow noopener\" target=\"_blank\">Yleisurheilun MM-kilpailut 2025 j\u00e4rjestet\u00e4\u00e4n Tokiossa 13.\u201321. syyskuuta. Kisat n\u00e4hd\u00e4\u00e4n ja kuullaan suorina l\u00e4hetyksin\u00e4 Ylen kanavilla.<\/a><\/p>\n<p class=\"aw-1gybjub aw-1p7kakr cmIuaG fmSRng yle__article__paragraph\">Tokion MM-kisoissa karsintaan j\u00e4\u00e4nyt kolmiloikkaaja <strong class=\"aw-ak79eh KyCXm yle__article__strong\">Senni Salminen<\/strong> pudotti kilpailun j\u00e4lkeen uutisen.<\/p>\n<p class=\"aw-1gybjub aw-1p7kakr cmIuaG fmSRng yle__article__paragraph\">\u2013 You heard it here first. Meille tulee kumppanin kanssa vuoden alussa perheenlis\u00e4yst\u00e4. Alan keskitty\u00e4 siihen. Olen siit\u00e4 hyvin onnellinen. Mietit\u00e4\u00e4n v\u00e4hemm\u00e4n urheilua, Salminen kertoo.<\/p>\n<p class=\"aw-1gybjub aw-1p7kakr cmIuaG fmSRng yle__article__paragraph\">Senni Salminen on kertonut julkisuuteen seurustelevansa <strong class=\"aw-ak79eh KyCXm yle__article__strong\">Stella Wickstr\u00f6min<\/strong> kanssa. H\u00e4n ei haastattelussa tarkenna, miten perheenlis\u00e4yst\u00e4 on tulossa. Haastattelun perusteella h\u00e4nell\u00e4 itsell\u00e4\u00e4n on kuitenkin urheilullisia tavoitteita l\u00e4hitulevaisuudessakin.<\/p>\n<p class=\"aw-1gybjub aw-1p7kakr cmIuaG fmSRng yle__article__paragraph\">\u2013 Ensi vuodelle voisi ottaa sellaisen tavoitteen, ett\u00e4 ei tule yht\u00e4k\u00e4\u00e4n yliastuttua. Sama drive mulla on, enk\u00e4 anna periksi ennen kuin olen tehnyt, mit\u00e4 olen halunnut.<\/p>\n<p><img decoding=\"async\" alt=\"Senni Salminen ja Stella Wickstr\u00f6m edustivat yhdess\u00e4 muun muassa Urheilugaalassa tammikuussa 2025.\" src=\"https:\/\/www.europesays.com\/fi\/wp-content\/uploads\/2025\/09\/39-152394168c95d5c0db2f.jpeg\" loading=\"lazy\" class=\"aw-1l9m598 hKVVvP\"\/><\/p>\n<p>Avaa kuvien katselu<\/p>\n<p>Senni Salminen ja Stella Wickstr\u00f6m esiintyiv\u00e4t julkisuudessa yhdess\u00e4 muun muassa Urheilugaalassa tammikuussa 2025.  Kuva: Tomi H\u00e4nninen \/ ChilipicturesFinaalipaikka olisi vaatinut \u201dkristatervot\u201d<\/p>\n<p class=\"aw-1gybjub aw-1p7kakr cmIuaG fmSRng yle__article__paragraph\">Kolmiloikan karsinnassa Salminen sai yhden tuloksen toisella yrityksell\u00e4\u00e4n, joka kantoi 13,77. Viimeisen\u00e4 karsinnasta finaaliin p\u00e4\u00e4stiin tasan 14 metrin tuloksella.<\/p>\n<p class=\"aw-1gybjub aw-1p7kakr cmIuaG fmSRng yle__article__paragraph\">Salmisen mukaan h\u00e4nen ensimm\u00e4inen hyppyns\u00e4 oli h\u00e4nelle tyypilliseen tapaan ihan ok. Ylip\u00e4\u00e4t\u00e4\u00e4n hypyt olivat samanlaisia kuin koko kauden ajan.<\/p>\n<p class=\"aw-1gybjub aw-1p7kakr cmIuaG fmSRng yle__article__paragraph\">\u2013 Odotin kyll\u00e4 itselt\u00e4ni enemm\u00e4n. Saimme todella hyv\u00e4n precampin vedetty\u00e4. N\u00e4in nyt t\u00e4ll\u00e4 kertaa.<\/p>\n<p>Senni Salmisen ensimm\u00e4inen hyppy n\u00e4ytti parhaalta. Se oli kuitenkin yliastuttu.<\/p>\n<p class=\"aw-1gybjub aw-1p7kakr cmIuaG fmSRng yle__article__paragraph\">Salmisen mukaan ensimm\u00e4inen hyppy oli rento. Sen j\u00e4lkeen meni puristamiseksi.<\/p>\n<p class=\"aw-1gybjub aw-1p7kakr cmIuaG fmSRng yle__article__paragraph\">\u2013 Olisi pit\u00e4nyt tehd\u00e4 kristatervot, vaikka on kaksi ruksia. Siin\u00e4 on kova mimmi. Ei olisi hirve\u00e4sti vaadittu, mutta ei pid\u00e4 sit\u00e4 mietti\u00e4. Tuo oli, mit\u00e4 hypp\u00e4sin ja sill\u00e4 menn\u00e4\u00e4n, Salminen tiivisti.<\/p>\n<p class=\"aw-1gybjub aw-1p7kakr cmIuaG fmSRng yle__article__paragraph\">Salminen viittasi <strong class=\"aw-ak79eh KyCXm yle__article__strong\">Krista Tervoon<\/strong>, joka kahden ep\u00e4onnistuneen yrityksen j\u00e4lkeen onnistui heitt\u00e4m\u00e4\u00e4n itsens\u00e4 moukarin MM-finaaliin kolmannella yrityksell\u00e4\u00e4n.<\/p>\n<p class=\"aw-1gybjub aw-1p7kakr cmIuaG fmSRng yle__article__paragraph\">Salminen sanoo, ett\u00e4 h\u00e4nell\u00e4 oli hyv\u00e4 olla kent\u00e4ll\u00e4. Tokio on h\u00e4nelle my\u00f6s siin\u00e4 mieless\u00e4 merkityksellinen paikka, ett\u00e4 h\u00e4nen ensimm\u00e4iset arvokisansa olivat Tokion olympialaisissa vuonna 2021, kun katsojia ei ollut.<\/p>\n<p class=\"aw-1gybjub aw-1p7kakr cmIuaG fmSRng yle__article__paragraph\">\u2013 Oli siisti\u00e4 palata t\u00e4nne nelj\u00e4n vuoden j\u00e4lkeen.<\/p>\n","protected":false},"excerpt":{"rendered":"Senni Salminen on saamassa puolisonsa kanssa perheen\u00adlis\u00e4yst\u00e4. Senni Salminen paljasti ilouutisen MM-karsinnan j\u00e4lkeen. Yleisurheilun MM-kilpailut 2025 j\u00e4rjestet\u00e4\u00e4n Tokiossa&hellip;\n","protected":false},"author":2,"featured_media":38055,"comment_status":"","ping_status":"","sticky":false,"template":"","format":"standard","meta":{"footnotes":""},"categories":[136],"tags":[2454,407,137,33,31,30,408,4749,5454,7448,32,160,109,162,2611,2610],"class_list":{"0":"post-38054","1":"post","2":"type-post","3":"status-publish","4":"format-standard","5":"has-post-thumbnail","7":"category-julkkikset","8":"tag-aitiys","9":"tag-celebrities","10":"tag-entertainment","11":"tag-fi","12":"tag-finland","13":"tag-finnish","14":"tag-julkkikset","15":"tag-kolmiloikka","16":"tag-perheet","17":"tag-senni-salminen","18":"tag-suomi","19":"tag-urheilu","20":"tag-viihde","21":"tag-yleisurheilu","22":"tag-yleisurheilun-mm-2025","23":"tag-yleisurheilun-mm-kilpailut"},"share_on_mastodon":{"url":"","error":""},"_links":{"self":[{"href":"https:\/\/www.europesays.com\/fi\/wp-json\/wp\/v2\/posts\/38054","targetHints":{"allow":["GET"]}}],"collection":[{"href":"https:\/\/www.europesays.com\/fi\/wp-json\/wp\/v2\/posts"}],"about":[{"href":"https:\/\/www.europesays.com\/fi\/wp-json\/wp\/v2\/types\/post"}],"author":[{"embeddable":true,"href":"https:\/\/www.europesays.com\/fi\/wp-json\/wp\/v2\/users\/2"}],"replies":[{"embeddable":true,"href":"https:\/\/www.europesays.com\/fi\/wp-json\/wp\/v2\/comments?post=38054"}],"version-history":[{"count":0,"href":"https:\/\/www.europesays.com\/fi\/wp-json\/wp\/v2\/posts\/38054\/revisions"}],"wp:featuredmedia":[{"embeddable":true,"href":"https:\/\/www.europesays.com\/fi\/wp-json\/wp\/v2\/media\/38055"}],"wp:attachment":[{"href":"https:\/\/www.europesays.com\/fi\/wp-json\/wp\/v2\/media?parent=38054"}],"wp:term":[{"taxonomy":"category","embeddable":true,"href":"https:\/\/www.europesays.com\/fi\/wp-json\/wp\/v2\/categories?post=38054"},{"taxonomy":"post_tag","embeddable":true,"href":"https:\/\/www.europesays.com\/fi\/wp-json\/wp\/v2\/tags?post=38054"}],"curies":[{"name":"wp","href":"https:\/\/api.w.org\/{rel}","templated":true}]}}