{"id":38058,"date":"2025-09-17T23:43:11","date_gmt":"2025-09-17T23:43:11","guid":{"rendered":"https:\/\/www.europesays.com\/fi\/38058\/"},"modified":"2025-09-17T23:43:11","modified_gmt":"2025-09-17T23:43:11","slug":"mita-oikein-teet-stagala-ristiriitainen-kruunupaa-heratti-huomiota-lentokentalla","status":"publish","type":"post","link":"https:\/\/www.europesays.com\/fi\/38058\/","title":{"rendered":"Mit\u00e4 oikein teet Stagala? Ristiriitainen kruunup\u00e4\u00e4 her\u00e4tti huomiota lentokent\u00e4ll\u00e4"},"content":{"rendered":"<p>            Panu H\u00f6rkk\u00f6, lukijan kuva\n        <\/p>\n<p class=\"subtitle \">Stagala on tunnettu ristiriitaisista mielipiteist\u00e4\u00e4n, joita monet pit\u00e4v\u00e4t naisvihamielisin\u00e4.<\/p>\n<p class=\"article-content article-content-width !bg-background\"> eli \u201dStagala\u201d on mies, joka jakaa mielipiteit\u00e4.<\/p>\n<p class=\"font-weight-bold m-font-weight-bold article-content article-content-width !bg-background\">Arkistovideo: N\u00e4in Stagala kommentoi naisvihamielisiksi tulkittuja puheitaan toukokuussa.<\/p>\n<p class=\"article-content article-content-width !bg-background\">Osa pit\u00e4\u00e4 h\u00e4nt\u00e4 naisvihamielisen\u00e4 \u00f6ykk\u00e4rin\u00e4, osa taas sananvapauden viimeisen\u00e4 soihdunkantajana.<\/p>\n<p class=\"article-content article-content-width !bg-background\">Yht\u00e4 kaikki mies tuli aikanaan tunnetuksi puheistaan TikTokissa.<\/p>\n<p class=\"article-content article-content-width !bg-background\">Sittemmin koko Suomi sai tiet\u00e4\u00e4, kun h\u00e4n tyrm\u00e4si \u201dImmun\u201d eli  toukokuisessa Ice Cage 4 -tapahtumassa.<\/p>\n<p>        <a itemprop=\"url\" href=\"https:\/\/www.seiska.fi\/urheilu\/stagalalta-piikki-mira-luodista-makwan-amirkhani-meinasi-kayda-kimppuun\/1916151\" rel=\"nofollow noopener\" target=\"_blank\"><\/p>\n<p>\nStagalalta piikki Mira Luodista\n<\/p>\n<p class=\"section-date\">\n        <strong class=\"article-section\" data-section=\"urheilu\"><br \/>\n            urheilu<br \/>\n        <\/strong><br \/>\n        30.8. 16:58\n    <\/p>\n<p>    Stagalalta piikki Mira Luodista \u2013 Makwan Amirkhani meinasi k\u00e4yd\u00e4 kimppuun!<\/p>\n<p itemprop=\"description\" class=\"subtitle \">\n    Makwan on joutunut melkoisen kohun keskelle tapahtumista, jotka juontavat vuoteen 2016.\n<\/p>\n<p>        <\/a><\/p>\n<p class=\"article-content article-content-width !bg-background\">Turun Gatorade Centeriss\u00e4 6. syyskuuta Stagala jatkoi voittoputkeaan voittamalla toisen somet\u00e4hden, \u201dAkamin\u201d eli .<\/p>\n<p>                <img decoding=\"async\" src=\"https:\/\/www.europesays.com\/fi\/wp-content\/uploads\/2025\/09\/1691064.webp\" width=\"576\" height=\"639\" alt=\"Stagala on mies, joka jakaa mielipiteit\u00e4.\" loading=\"lazy\" \/>            <\/p>\n<p>\n            Stagala on mies, joka jakaa mielipiteit\u00e4.<br \/>\n            Miikka Kaskinen\n        <\/p>\n<p>Karkasi L\u00e4hi-it\u00e4\u00e4n<\/p>\n<p class=\"article-content article-content-width !bg-background\">Voittoisan Turun-keikan j\u00e4lkeen Stagala uhosi ottelevansa seuraavaksi  vastaan.<\/p>\n<p class=\"article-content article-content-width !bg-background\">Joka tapauksessa h\u00e4n on nyt k\u00e4ynyt Dubaissa ja ehtinyt poseerata  kanssa sek\u00e4 treenata  kanssa.<\/p>\n<p>        <a itemprop=\"url\" href=\"https:\/\/www.seiska.fi\/rikos\/stagala-rikosilmoitus\/1860336\" rel=\"nofollow noopener\" target=\"_blank\"><\/p>\n<p>\nStagala\n<\/p>\n<p class=\"section-date\">\n        <strong class=\"article-section\" data-section=\"rikos\"><br \/>\n            rikos<br \/>\n        <\/strong><br \/>\n        6.7. 17:30\n    <\/p>\n<p>    Stagala: &#8221;Rikosilmoitus&#8221;<\/p>\n<p itemprop=\"description\" class=\"subtitle \">\n    Stagala paiskattiin taannoin it\u00e4mereen.\n<\/p>\n<p>        <\/a><\/p>\n<p class=\"article-content article-content-width !bg-background\">Seiskan tarmokas lukija tunnisti kruunustaan tunnetun Stagalan, vaikka t\u00e4ll\u00e4 ei sit\u00e4 ollutkaan p\u00e4\u00e4ss\u00e4.<\/p>\n<p class=\"article-content article-content-width !bg-background\">Paikka oli Turkki ja tarkemmin ottaen Bosporinsalmen helmi eli Istanbul.<\/p>\n<p>                <img decoding=\"async\" src=\"https:\/\/www.europesays.com\/fi\/wp-content\/uploads\/2025\/09\/1933521.webp\" width=\"576\" height=\"528\" alt=\"Stagala nautti pikaruoasta v\u00e4lilaskulla.\" loading=\"lazy\" \/>            <\/p>\n<p>\n            Stagala nautti pikaruoasta v\u00e4lilaskulla.<br \/>\n            Lukijan kuva\n        <\/p>\n<p>&#8221;Kuka lomailee Istanbulissa&#8221;<\/p>\n<p class=\"article-content article-content-width !bg-background\">Entisen Konstantinopolin lentokent\u00e4ll\u00e4 oli, jos ei nyt maailman, niin ainakin Suomen julkkiksia.<\/p>\n<p class=\"article-content article-content-width !bg-background\">Stagala istui nimitt\u00e4in portilla kauniin vaaleahiuksisen seuralaisen kanssa odottelemassa lentoa.<\/p>\n<p>        <a itemprop=\"url\" href=\"https:\/\/www.seiska.fi\/kotimaa\/stagalalta-viesti-kaikille-naisille\/1694000\" rel=\"nofollow noopener\" target=\"_blank\"><\/p>\n<p>\nJoni Takala\n<\/p>\n<p class=\"section-date\">\n        <strong class=\"article-section\" data-section=\"kotimaa\"><br \/>\n            kotimaa<br \/>\n        <\/strong><br \/>\n        7.5. 08:26\n    <\/p>\n<p>    Stagalalta viesti kaikille naisille<\/p>\n<p itemprop=\"description\" class=\"subtitle \">\n    Kommentoi, mit\u00e4 ajatuksia Stagalan puheet sinussa her\u00e4tt\u00e4v\u00e4t!\n<\/p>\n<p>        <\/a><\/p>\n<p class=\"article-content article-content-width !bg-background\">\u2013 Kello oli noin 10.30 ja Stagala keskusteli naisen kanssa melko kovaan \u00e4\u00e4neen.\u00a0<\/p>\n<p class=\"article-content article-content-width !bg-background\">\u2013 He muun muassa ihmetteliv\u00e4t, miksi &#8221;t\u00e4\u00e4ll\u00e4 on n\u00e4in paljon suomalaisia&#8221; ja &#8221;kuka lomailee Istanbulissa&#8221;.<\/p>\n<p>                <img decoding=\"async\" src=\"https:\/\/www.europesays.com\/fi\/wp-content\/uploads\/2025\/09\/1933957.webp\" width=\"576\" height=\"480\" alt=\"Aitoja vai ei? Stagala ja seuralainen luottivat Louis Vuittoniin.\" loading=\"lazy\" \/>            <\/p>\n<p>\n            Aitoja vai ei? Stagala ja seuralainen luottivat Louis Vuittoniin.<br \/>\n            Lukijan kuva\n        <\/p>\n<p>N\u00e4in kommentoi kunkku<\/p>\n<p class=\"article-content article-content-width !bg-background\">Kruunua ei p\u00e4\u00e4ss\u00e4 n\u00e4kynyt, mutta k\u00e4dess\u00e4 sen sijaan McDonald\u2019sin tuotteita.<\/p>\n<p class=\"article-content article-content-width !bg-background\">Lukija kertoo, ettei h\u00e4nell\u00e4 ole sen suurempaa mielikuvaa tai mielipidett\u00e4 Lahden lahjasta maailmalle.<\/p>\n<p class=\"article-content article-content-width !bg-background\"> \u2013 Julkisuus ilmeisesti kiinnostaa negatiivisuuden kautta, mit\u00e4 olen lukenut.<\/p>\n<p>        <a itemprop=\"url\" href=\"https:\/\/www.seiska.fi\/urheilu\/kommentti-immu-voitti-stagalan\/1702053\" rel=\"nofollow noopener\" target=\"_blank\"><\/p>\n<p>\nKommentti:\n<\/p>\n<p class=\"section-date\">\n        <strong class=\"article-section\" data-section=\"urheilu\"><br \/>\n            urheilu<br \/>\n        <\/strong><br \/>\n        14.5. 18:00\n    <\/p>\n<p>    Kommentti: Immu voitti Stagalan<\/p>\n<p itemprop=\"description\" class=\"subtitle \">\n    Stagalan n\u00e4ytt\u00e4\u00e4 keh\u00e4ss\u00e4 voitetusta ottelustaan huolimatta olevan mahdotonta saada suuren yleis\u00f6n hyv\u00e4ksynt\u00e4\u00e4, kirjoittaa Miikka Kaskinen.\n<\/p>\n<p>        <\/a><\/p>\n<p class=\"article-content article-content-width !bg-background\">Ja tokihan Seiska tavoitti my\u00f6s kuninkaan.<\/p>\n<p class=\"article-content article-content-width !bg-background\">\u2013 Olin v\u00e4lilaskulla Dubaista.<\/p>\n<p class=\"article-content article-content-width !bg-background\">\u2013 Se nainen on muuten sama, joka oli seurassani, kun minut ty\u00f6nnettiin veteen.<\/p>\n<p>                <img decoding=\"async\" src=\"https:\/\/www.europesays.com\/fi\/wp-content\/uploads\/2025\/09\/1933523.webp\" width=\"576\" height=\"524\" alt=\"Stagala antoi my\u00f6s seuralaiselleen oman osuutensa herkuista.\" loading=\"lazy\" \/>            <\/p>\n<p>\n            Stagala antoi my\u00f6s seuralaiselleen oman osuutensa herkuista.<br \/>\n            Lukijan kuva\n        <\/p>\n<p>&#8221;Sanotaan n\u00e4in, ett\u00e4&#8230;&#8221;<\/p>\n<p class=\"article-content article-content-width !bg-background\">Kyseinen nainen on siis ollut Stagalan matkassa jo jonkin aikaa.<\/p>\n<p class=\"article-content article-content-width !bg-background\">\u2013 H\u00e4ness\u00e4 on aineksia, mutta h\u00e4nt\u00e4 ei ole viel\u00e4 kruunattu kuningattareksi.<\/p>\n<p>        <a itemprop=\"url\" href=\"https:\/\/www.seiska.fi\/vain-seiskassa\/nyt-stagalan-haastaa-tony-halmeen-parhaana-kaverina-tunnettu-christer-markusas\/1697457\" rel=\"nofollow noopener\" target=\"_blank\"><\/p>\n<p>\nTony Halmeen paras kaveri\n<\/p>\n<p class=\"section-date\">\n        <strong class=\"article-section\" data-section=\"vain seiskassa\"><br \/>\n            vain seiskassa<br \/>\n        <\/strong><br \/>\n        10.5. 16:30\n    <\/p>\n<p>    Nyt Stagalan haastaa Tony Halmeen parhaana kaverina tunnettu Christer Markusas<\/p>\n<p itemprop=\"description\" class=\"subtitle \">\n    Immuakin l\u00e4hes 10 vuotta vanhempi \u201dChrisu\u201d ei n\u00e4e ik\u00e4ns\u00e4 olevan ottelussa este \u2013 eik\u00e4 edes haaste.\n<\/p>\n<p>        <\/a><\/p>\n<p class=\"article-content article-content-width !bg-background\">Dubai on Yhdistyneiden arabiemiirikuntien suurin kaupunki.<\/p>\n<p class=\"article-content article-content-width !bg-background\">Arabiemiirikunnat taas on sheikkien maa.<\/p>\n<p class=\"article-content article-content-width !bg-background\">\u2013 Sanotaan n\u00e4in, ett\u00e4 sit\u00e4 kruunua tuli k\u00e4ytetty\u00e4 vain tietyiss\u00e4 paikoissa.<\/p>\n<p>                <img decoding=\"async\" src=\"https:\/\/www.europesays.com\/fi\/wp-content\/uploads\/2025\/09\/1933535.webp\" width=\"576\" height=\"264\" alt=\"Jussi Pirttikangas ja Joni 'Stagala' Takala tapasivat ensi kertaa tammikuussa.\" loading=\"lazy\" \/>            <\/p>\n<p>\n            Jussi Pirttikangas ja Joni &#8221;Stagala&#8221; Takala tapasivat ensi kertaa tammikuussa.<br \/>\n            Panu H\u00f6rkk\u00f6\n        <\/p>\n<p>Kruunu laukussa<\/p>\n<p class=\"article-content article-content-width !bg-background\">Liek\u00f6 Stagalan itseluottamus saavuttanut rajansa, sill\u00e4 kruunu ei ollut p\u00e4\u00e4ss\u00e4 v\u00e4lilaskullakaan.<\/p>\n<p class=\"article-content article-content-width !bg-background\">\u2013 Se oli laukussa, joo.<\/p>\n<p>        <a itemprop=\"url\" href=\"https:\/\/www.seiska.fi\/vain-seiskassa\/stagala-vastaa-bablon-nyrkkeilyhaasteeseen\/1694596\" rel=\"nofollow noopener\" target=\"_blank\"><\/p>\n<p>\nKommentoi my\u00f6s Immua!\n<\/p>\n<p class=\"section-date\">\n        <strong class=\"article-section\" data-section=\"vain seiskassa\"><br \/>\n            vain seiskassa<br \/>\n        <\/strong><br \/>\n        8.5. 17:30\n    <\/p>\n<p>    Stagala vastaa Bablon nyrkkeilyhaasteeseen<\/p>\n<p itemprop=\"description\" class=\"subtitle \">\n    Stagala kertoo, ett\u00e4 erilaisia haasteita on viikonlopun j\u00e4ljilt\u00e4 tullut \u201djoka tuutista\u201d.\n<\/p>\n<p>        <\/a><\/p>\n<p class=\"article-content article-content-width !bg-background\">K\u00e4dess\u00e4 olevalle m\u00e4kkiateriallekin l\u00f6ytyy selitys.<\/p>\n<p class=\"article-content article-content-width !bg-background\">\u2013 Kiireinen aikataulu, niin siksi otin m\u00e4kkisafkaa.<\/p>\n<p class=\"article-content article-content-width !bg-background\">\u2013 M\u00e4kk\u00e4ri ei normaalisti kuulu ruokavaliooni.<\/p>\n<p>                <img decoding=\"async\" src=\"https:\/\/www.europesays.com\/fi\/wp-content\/uploads\/2025\/09\/1933538.webp\" width=\"576\" height=\"303\" alt=\"Jussi t\u00f6n\u00e4isi Stagalan, koska h\u00e4nt\u00e4 \u00e4rsytti t\u00e4m\u00e4n k\u00e4yt\u00f6s kamppailulajia kohtaan.\" loading=\"lazy\" \/>            <\/p>\n<p>\n            Jussi t\u00f6n\u00e4isi Stagalan, koska h\u00e4nt\u00e4 \u00e4rsytti t\u00e4m\u00e4n k\u00e4yt\u00f6s kamppailulajia kohtaan.<br \/>\n            Panu H\u00f6rkk\u00f6\n        <\/p>\n<p>Sopu syntyi<\/p>\n<p class=\"article-content article-content-width !bg-background\">Stagala my\u00f6nt\u00e4\u00e4 my\u00f6s sen, mink\u00e4 kamppailuv\u00e4ki on tiennyt jo hetken.<\/p>\n<p class=\"article-content article-content-width !bg-background\">H\u00e4n on vet\u00e4nyt pois rikosilmoituksen .<\/p>\n<p>        <a itemprop=\"url\" href=\"https:\/\/www.seiska.fi\/vain-seiskassa\/tukinainen-kieltaytyi-10-000-eurosta-nyt-puhuu-stagala\/1694634\" rel=\"nofollow noopener\" target=\"_blank\"><\/p>\n<p>\nTukinainen kielt\u00e4ytyi 10 000 eurosta\n<\/p>\n<p class=\"section-date\">\n        <strong class=\"article-section\" data-section=\"vain seiskassa\"><br \/>\n            vain seiskassa<br \/>\n        <\/strong><br \/>\n        8.5. 07:00\n    <\/p>\n<p>    Tukinainen kielt\u00e4ytyi 10 000 eurosta \u2013 nyt puhuu Stagala<\/p>\n<p itemprop=\"description\" class=\"subtitle \">\n    Hyv\u00e4t tarkoitusper\u00e4t ovat teema, joka toistuu Stagalan puheissa \u2013 samoin tietynlainen uhma.\n<\/p>\n<p>        <\/a><\/p>\n<p class=\"article-content article-content-width !bg-background\">Tapaus liittyy siihen, kun Jussi t\u00f6n\u00e4isi kukkopoikana jalat p\u00f6yd\u00e4ll\u00e4 esiintyneen Stagalan tuoliltaan tammikuussa ensimm\u00e4isess\u00e4 pressitilaisuudessa.<\/p>\n<p class=\"article-content article-content-width !bg-background\">Stagala p\u00e4\u00e4tti my\u00f6hemmin tehd\u00e4 asiasta rikosilmoituksen ja sai muiden kamppailijoiden vihat niskaansa.<\/p>\n<p>        <a itemprop=\"url\" href=\"https:\/\/www.seiska.fi\/vain-seiskassa\/nyt-jysahti-tunnettu-muusikko-aikoo-haastaa-stagalan-nyrkkeilyotteluun-vedan-sita-prinsessaa-turpaan\/1693995\" rel=\"nofollow noopener\" target=\"_blank\"><\/p>\n<p>\nTunnettu muusikko aikoo haastaa Stagalan\n<\/p>\n<p class=\"section-date\">\n        <strong class=\"article-section\" data-section=\"vain seiskassa\"><br \/>\n            vain seiskassa<br \/>\n        <\/strong><br \/>\n        7.5. 18:00\n    <\/p>\n<p>    Nyt jys\u00e4hti! Tunnettu muusikko aikoo haastaa Stagalan nyrkkeilyotteluun: \u201dVed\u00e4n sit\u00e4 prinsessaa turpaan!\u201d<\/p>\n<p itemprop=\"description\" class=\"subtitle \">\n    Babloa ei haittaa, ett\u00e4 h\u00e4nen ik\u00e4eronsa Stagalan kanssa on viel\u00e4 Immuakin suurempi: &#8221;Pist\u00e4 Immu potenssiin sata, niin aletaan olemaan aika l\u00e4hell\u00e4 minua&#8221;, Bablo lataa itsevarmana.\n<\/p>\n<p>        <\/a><\/p>\n<p class=\"article-content article-content-width !bg-background\">Jussi on vanhan liiton mies ja pidetty alallaan.<\/p>\n<p class=\"article-content article-content-width !bg-background\">N\u00e4in ollen my\u00f6s Stagala saattoi saada jonkinlaista sympatiaa tulemalla j\u00e4rkiins\u00e4 asiassa.<\/p>\n<p>                <img decoding=\"async\" src=\"https:\/\/www.europesays.com\/fi\/wp-content\/uploads\/2025\/09\/1933542.webp\" width=\"576\" height=\"264\" alt=\"Stagala toivotettiin tervetulleeksi ven\u00e4l\u00e4isen uimakoulun malliin.\" loading=\"lazy\" \/>            <\/p>\n<p>\n            Stagala toivotettiin tervetulleeksi ven\u00e4l\u00e4isen uimakoulun malliin.<br \/>\n            Panu H\u00f6rkk\u00f6\n        <\/p>\n","protected":false},"excerpt":{"rendered":"Panu H\u00f6rkk\u00f6, lukijan kuva Stagala on tunnettu ristiriitaisista mielipiteist\u00e4\u00e4n, joita monet pit\u00e4v\u00e4t naisvihamielisin\u00e4. eli \u201dStagala\u201d on mies, joka&hellip;\n","protected":false},"author":2,"featured_media":38059,"comment_status":"","ping_status":"","sticky":false,"template":"","format":"standard","meta":{"footnotes":""},"categories":[130],"tags":[6828,137,33,31,30,10524,5875,10523,5230,32,109],"class_list":{"0":"post-38058","1":"post","2":"type-post","3":"status-publish","4":"format-standard","5":"has-post-thumbnail","7":"category-viihde","8":"tag-dubai","9":"tag-entertainment","10":"tag-fi","11":"tag-finland","12":"tag-finnish","13":"tag-joni-takala","14":"tag-makwan-amirkhani","15":"tag-mika-ilmen","16":"tag-stagala","17":"tag-suomi","18":"tag-viihde"},"share_on_mastodon":{"url":"","error":""},"_links":{"self":[{"href":"https:\/\/www.europesays.com\/fi\/wp-json\/wp\/v2\/posts\/38058","targetHints":{"allow":["GET"]}}],"collection":[{"href":"https:\/\/www.europesays.com\/fi\/wp-json\/wp\/v2\/posts"}],"about":[{"href":"https:\/\/www.europesays.com\/fi\/wp-json\/wp\/v2\/types\/post"}],"author":[{"embeddable":true,"href":"https:\/\/www.europesays.com\/fi\/wp-json\/wp\/v2\/users\/2"}],"replies":[{"embeddable":true,"href":"https:\/\/www.europesays.com\/fi\/wp-json\/wp\/v2\/comments?post=38058"}],"version-history":[{"count":0,"href":"https:\/\/www.europesays.com\/fi\/wp-json\/wp\/v2\/posts\/38058\/revisions"}],"wp:featuredmedia":[{"embeddable":true,"href":"https:\/\/www.europesays.com\/fi\/wp-json\/wp\/v2\/media\/38059"}],"wp:attachment":[{"href":"https:\/\/www.europesays.com\/fi\/wp-json\/wp\/v2\/media?parent=38058"}],"wp:term":[{"taxonomy":"category","embeddable":true,"href":"https:\/\/www.europesays.com\/fi\/wp-json\/wp\/v2\/categories?post=38058"},{"taxonomy":"post_tag","embeddable":true,"href":"https:\/\/www.europesays.com\/fi\/wp-json\/wp\/v2\/tags?post=38058"}],"curies":[{"name":"wp","href":"https:\/\/api.w.org\/{rel}","templated":true}]}}