{"id":38060,"date":"2025-09-17T23:46:20","date_gmt":"2025-09-17T23:46:20","guid":{"rendered":"https:\/\/www.europesays.com\/fi\/38060\/"},"modified":"2025-09-17T23:46:20","modified_gmt":"2025-09-17T23:46:20","slug":"jaalin-uusi-s-market-avataan-torstaina","status":"publish","type":"post","link":"https:\/\/www.europesays.com\/fi\/38060\/","title":{"rendered":"J\u00e4\u00e4lin uusi S-market avataan torstaina"},"content":{"rendered":"<p class=\"article__paragraph\">\n      J\u00e4\u00e4liin avataan uusi S-Market torstaina kello 10, kerrotaan Arinan tiedotteessa. Kyseess\u00e4 on noin viiden miljoonan euron suuruinen investointi.\n    <\/p>\n<p class=\"article__paragraph\">\n      Kauppa ty\u00f6llist\u00e4\u00e4 hieman yli kymmenen ihmist\u00e4.\n    <\/p>\n<p class=\"article__paragraph\">\n      Kaupan energiatehokkuutta on pyritty parantamaan \u00a0ovellisilla ja kannellisilla kylm\u00e4laitteilla. Lis\u00e4ksi rakennuksessa on aurinkopaneeleita.\n    <\/p>\n<p class=\"article__paragraph\">\n      Uudesta myym\u00e4l\u00e4st\u00e4 l\u00f6ytyv\u00e4t muun muassa paistopiste, pakettiautomaatti, koiraparkki ja itsepalvelukassat.\n    <\/p>\n","protected":false},"excerpt":{"rendered":"J\u00e4\u00e4liin avataan uusi S-Market torstaina kello 10, kerrotaan Arinan tiedotteessa. Kyseess\u00e4 on noin viiden miljoonan euron suuruinen investointi.&hellip;\n","protected":false},"author":2,"featured_media":27866,"comment_status":"","ping_status":"","sticky":false,"template":"","format":"standard","meta":{"footnotes":""},"categories":[76],"tags":[79,77,33,31,30,32,78],"class_list":{"0":"post-38060","1":"post","2":"type-post","3":"status-publish","4":"format-standard","5":"has-post-thumbnail","7":"category-talous","8":"tag-business","9":"tag-economy","10":"tag-fi","11":"tag-finland","12":"tag-finnish","13":"tag-suomi","14":"tag-talous"},"share_on_mastodon":{"url":"","error":""},"_links":{"self":[{"href":"https:\/\/www.europesays.com\/fi\/wp-json\/wp\/v2\/posts\/38060","targetHints":{"allow":["GET"]}}],"collection":[{"href":"https:\/\/www.europesays.com\/fi\/wp-json\/wp\/v2\/posts"}],"about":[{"href":"https:\/\/www.europesays.com\/fi\/wp-json\/wp\/v2\/types\/post"}],"author":[{"embeddable":true,"href":"https:\/\/www.europesays.com\/fi\/wp-json\/wp\/v2\/users\/2"}],"replies":[{"embeddable":true,"href":"https:\/\/www.europesays.com\/fi\/wp-json\/wp\/v2\/comments?post=38060"}],"version-history":[{"count":0,"href":"https:\/\/www.europesays.com\/fi\/wp-json\/wp\/v2\/posts\/38060\/revisions"}],"wp:featuredmedia":[{"embeddable":true,"href":"https:\/\/www.europesays.com\/fi\/wp-json\/wp\/v2\/media\/27866"}],"wp:attachment":[{"href":"https:\/\/www.europesays.com\/fi\/wp-json\/wp\/v2\/media?parent=38060"}],"wp:term":[{"taxonomy":"category","embeddable":true,"href":"https:\/\/www.europesays.com\/fi\/wp-json\/wp\/v2\/categories?post=38060"},{"taxonomy":"post_tag","embeddable":true,"href":"https:\/\/www.europesays.com\/fi\/wp-json\/wp\/v2\/tags?post=38060"}],"curies":[{"name":"wp","href":"https:\/\/api.w.org\/{rel}","templated":true}]}}