{"id":38071,"date":"2025-09-18T00:09:10","date_gmt":"2025-09-18T00:09:10","guid":{"rendered":"https:\/\/www.europesays.com\/fi\/38071\/"},"modified":"2025-09-18T00:09:10","modified_gmt":"2025-09-18T00:09:10","slug":"martina-aitolehti-rikkoo-hiljaisuuden-peruuntuneista-haistaan","status":"publish","type":"post","link":"https:\/\/www.europesays.com\/fi\/38071\/","title":{"rendered":"Martina Aitolehti rikkoo hiljaisuuden peruuntuneista h\u00e4ist\u00e4\u00e4n"},"content":{"rendered":"<p>Martina Aitolehti kommentoi h\u00e4iden peruuntumista tuoreessa podcast-jaksossa.<\/p>\n<p><img decoding=\"async\" class=\"image image-show image-preview\" src=\"https:\/\/www.europesays.com\/fi\/wp-content\/uploads\/2025\/09\/702661403b25a56d6794cfde579aa462ca1885309c96af7181d0f9518b1ab3a3.jpg\" alt=\"\"\/><img decoding=\"async\" class=\"image image-show\" src=\"https:\/\/www.europesays.com\/fi\/wp-content\/uploads\/2025\/09\/1758154150_131_702661403b25a56d6794cfde579aa462ca1885309c96af7181d0f9518b1ab3a3.jpg\" alt=\"\"\/><\/p>\n<p>Martina Aitolehti Miss Suomi -finaalissa syyskuun alussa. Timur Yilmaz<\/p>\n<p class=\"paragraph\"><a href=\"https:\/\/www.iltalehti.fi\/henkilot\/Martina Aitolehti\" class=\"article-link-person-page\" rel=\"nofollow noopener\" target=\"_blank\">Martina Aitolehden<\/a> ja Aussi-rakkaana tunnetun miehen oli tarkoitus menn\u00e4 naimisiin t\u00e4n\u00e4 kes\u00e4n\u00e4. N\u00e4in ei kuitenkaan tapahtunut.<\/p>\n<p class=\"paragraph\">Aitolehti kommentoi nyt Martina ja Esko -podcastin kolmannen kauden ensimm\u00e4isess\u00e4 jaksossa h\u00e4iden peruuntumista. Podcastia voi kuunnella <a href=\"https:\/\/podimo.com\/fi?&amp;wpsrc=google&amp;wpcid=17715792654&amp;wpscid=138264149469&amp;wpcrid=609739153345&amp;wpkwid=kwd-816481234490&amp;wpkwn=podimo&amp;wpkmatch=e&amp;wpsnetn=g&amp;utm_source=google&amp;utm_medium=cpc&amp;utm_campaign=brand&amp;utm_term=Podimo_Exact\/?wpsrc=google&amp;wpcid=17715792654&amp;wpscid=138264149469&amp;wpcrid=609739153345&amp;wpkwid=kwd-816481234490&amp;wpkwn=podimo&amp;wpkmatch=e&amp;wpsnetn=g&amp;gad_source=1\" rel=\"noopener nofollow\" target=\"_blank\">Podimosta<\/a>.<\/p>\n<p class=\"paragraph\">\u2013 Ei menty naimisiin. En ole menossa naimisiin.<\/p>\n<p class=\"paragraph\">\u2013 Ei ollut t\u00e4n\u00e4 kes\u00e4n\u00e4 aika. Rahat meni hevosiin.<\/p>\n<p class=\"paragraph\">Aitolehti matkusti kes\u00e4ll\u00e4 Ibizalle kahden yst\u00e4v\u00e4ns\u00e4 kanssa. Matkasta syntyi keskustelua internetiss\u00e4, sill\u00e4 my\u00f6s h\u00e4iden piti tapahtua Ibizalla. Keskustelijat spekuloivat, l\u00e4htik\u00f6 Aitolehti jo maksetulle h\u00e4\u00e4matkalle yst\u00e4viens\u00e4 kanssa.<\/p>\n<p class=\"paragraph\">Aitolehti selvent\u00e4\u00e4 jaksossa voimasanojen siivitt\u00e4m\u00e4n\u00e4, ett\u00e4 matkalla ei ollut mit\u00e4\u00e4n tekemist\u00e4 h\u00e4iden kanssa.<\/p>\n<p class=\"paragraph\">\u2013 Min\u00e4 buukkasin Ibizan lennot&#8230; Minulla oli viikonloppu vapaana, enk\u00e4 olisi voinut l\u00e4hte\u00e4 muina viikonloppuina. Kahdella muullakin yst\u00e4v\u00e4ll\u00e4ni oli mahdollisuus l\u00e4hte\u00e4. P\u00e4\u00e4tettiin l\u00e4hte\u00e4, varattiin lennot ja l\u00e4hdettiin. Ne eiv\u00e4t olleet polttarit, eik\u00e4 mit\u00e4\u00e4n oltu varattu etuk\u00e4teen. Ne eiv\u00e4t olleet polttarit.<\/p>\n<p class=\"paragraph\">Aitolehti ei linjaa jaksossa suoraan parisuhteensa tilaa. H\u00e4n kuitenkin harmittelee esimerkiksi sit\u00e4, ett\u00e4 spekulaatioita syntyy heti, jos h\u00e4n ei pid\u00e4 sormusta.<\/p>\n<p class=\"paragraph\">\u2013 Vastaus kysymykseen, olenko menossa naimisiin, niin mahdollisesti. En tied\u00e4. Kes\u00e4 meni jo. Ei menty naimisiin. Se siit\u00e4, Aitolehti t\u00e4sment\u00e4\u00e4 viel\u00e4.<\/p>\n<p class=\"paragraph\">Aitolehti ja Aussi-rakas meniv\u00e4t kihloihin maaliskuussa 2024. He kihlautuivat romanttisesti Malediiveilla rannalla kynttil\u00f6iden loisteessa. Parin rakkaustarina alkoi vuonna 2022.<\/p>\n","protected":false},"excerpt":{"rendered":"Martina Aitolehti kommentoi h\u00e4iden peruuntumista tuoreessa podcast-jaksossa. Martina Aitolehti Miss Suomi -finaalissa syyskuun alussa. Timur Yilmaz Martina Aitolehden&hellip;\n","protected":false},"author":2,"featured_media":38072,"comment_status":"","ping_status":"","sticky":false,"template":"","format":"standard","meta":{"footnotes":""},"categories":[130],"tags":[35,1074,2110,137,33,31,30,1208,408,2718,32,109],"class_list":{"0":"post-38071","1":"post","2":"type-post","3":"status-publish","4":"format-standard","5":"has-post-thumbnail","7":"category-viihde","8":"tag-24h","9":"tag-avioliitto-ja-parisuhde","10":"tag-elamantapa-ja-vapaa-aika","11":"tag-entertainment","12":"tag-fi","13":"tag-finland","14":"tag-finnish","15":"tag-haat","16":"tag-julkkikset","17":"tag-romantiikka","18":"tag-suomi","19":"tag-viihde"},"share_on_mastodon":{"url":"","error":""},"_links":{"self":[{"href":"https:\/\/www.europesays.com\/fi\/wp-json\/wp\/v2\/posts\/38071","targetHints":{"allow":["GET"]}}],"collection":[{"href":"https:\/\/www.europesays.com\/fi\/wp-json\/wp\/v2\/posts"}],"about":[{"href":"https:\/\/www.europesays.com\/fi\/wp-json\/wp\/v2\/types\/post"}],"author":[{"embeddable":true,"href":"https:\/\/www.europesays.com\/fi\/wp-json\/wp\/v2\/users\/2"}],"replies":[{"embeddable":true,"href":"https:\/\/www.europesays.com\/fi\/wp-json\/wp\/v2\/comments?post=38071"}],"version-history":[{"count":0,"href":"https:\/\/www.europesays.com\/fi\/wp-json\/wp\/v2\/posts\/38071\/revisions"}],"wp:featuredmedia":[{"embeddable":true,"href":"https:\/\/www.europesays.com\/fi\/wp-json\/wp\/v2\/media\/38072"}],"wp:attachment":[{"href":"https:\/\/www.europesays.com\/fi\/wp-json\/wp\/v2\/media?parent=38071"}],"wp:term":[{"taxonomy":"category","embeddable":true,"href":"https:\/\/www.europesays.com\/fi\/wp-json\/wp\/v2\/categories?post=38071"},{"taxonomy":"post_tag","embeddable":true,"href":"https:\/\/www.europesays.com\/fi\/wp-json\/wp\/v2\/tags?post=38071"}],"curies":[{"name":"wp","href":"https:\/\/api.w.org\/{rel}","templated":true}]}}