{"id":3809,"date":"2025-08-12T21:11:08","date_gmt":"2025-08-12T21:11:08","guid":{"rendered":"https:\/\/www.europesays.com\/fi\/3809\/"},"modified":"2025-08-12T21:11:08","modified_gmt":"2025-08-12T21:11:08","slug":"no-nyt-nain-sujui-renny-ja-johanna-harlinin-okyloma-paratiisissa","status":"publish","type":"post","link":"https:\/\/www.europesays.com\/fi\/3809\/","title":{"rendered":"No nyt! N\u00e4in sujui Renny ja Johanna Harlinin \u00f6kyloma paratiisissa"},"content":{"rendered":"<p>\n            (210723) &#8212; Imatra, July 23, 2021 \u2013 Renny Harlin and Johanna Harlin poses for the camera during Luokkakokous 3 &#8211; premiere in Imatra, Finland, 23. July 2021. (Matti Matikainen\/Aller Media)<br \/>\n            Matti Matikainen\n        <\/p>\n<p class=\"subtitle \">Harlinit ovat nauttineet yhteisest\u00e4 ajasta Mallorcan saarella.<\/p>\n<p class=\"article-content article-content-width !bg-background\">Elokuvapariskunta  ja  ovat perheineen nautiskelleet loppukes\u00e4st\u00e4 Mallorcan Dei\u00e0ssa.<\/p>\n<p class=\"article-content article-content-width !bg-background\">Johanna julkaisi Instagram-sivullaan tiistaina (12.8.) rutkasti kuvia ja videoita upelata Espanjan-reissulta, johon on kuulunut veneily\u00e4, auringonlaskuja, uima-altaalla lekottelua, hyv\u00e4\u00e4 ruokaa ja tietysti perheen kanssa yhteisen ajan viett\u00e4mist\u00e4.<\/p>\n<p class=\"article-content article-content-width !bg-background\"> \u2013 Viel\u00e4 p\u00e4ivi\u00e4 j\u00e4ljell\u00e4 t\u00e4ss\u00e4 paratiisissa, Johanna kirjoittaa julkaisun kuvatekstiss\u00e4 vapaasti suomennettuna.<\/p>\n<p>        <a itemprop=\"url\" href=\"https:\/\/www.seiska.fi\/katso\/johanna-harlinilta-yllattava-paljastus-urastaan\/1887258\" rel=\"nofollow noopener\" target=\"_blank\"><\/p>\n<p>\nJohanna Harlin\n<\/p>\n<p class=\"section-date\">\n        <strong class=\"article-section\" data-section=\"katso\"><br \/>\n            katso<br \/>\n        <\/strong><br \/>\n        2.8. 06:15\n    <\/p>\n<p>    Johanna Harlinilta yll\u00e4tt\u00e4v\u00e4 paljastus urastaan<\/p>\n<p itemprop=\"description\" class=\"subtitle \">\n    Ohjaaja Renny Harlinin puolisona julkisuuteen noussut Johanna my\u00f6nt\u00e4\u00e4 saaneensa t\u00f6it\u00e4 miehens\u00e4 takia.\n<\/p>\n<p>        <\/a><\/p>\n<p>Renny hoitaa<\/p>\n<p class=\"article-content article-content-width !bg-background\">Instagram-tarinoissaan Johanna on kertoillut tarkemmin matkan kulusta. Kysees\u00e4 on tainnut olla todellinen lepoloma. H\u00e4n kertoo p\u00e4ivien sujuneen j\u00e4rjestyksess\u00e4 aamupalalta altaalle, sielt\u00e4 lounaalle, k\u00e4velyille, takaisin altaalle ja viimein illalliselle \u2013 ja seuraavana p\u00e4iv\u00e4n\u00e4 sama on toistunut taas uudestaan.<\/p>\n<p>        <a itemprop=\"url\" href=\"https:\/\/www.seiska.fi\/vain-seiskassa\/svenska-yle-uutta-tietoa-renny-ja-johanna-harlinin-suhteesta\/1877375\" rel=\"nofollow noopener\" target=\"_blank\"><\/p>\n<p>\nPodcast:\n<\/p>\n<p class=\"section-date\">\n        <strong class=\"article-section\" data-section=\"vain seiskassa\"><br \/>\n            vain seiskassa<br \/>\n        <\/strong><br \/>\n        25.7. 16:00\n    <\/p>\n<p>    Svenska Yle: Uutta tietoa Renny ja Johanna Harlinin suhteesta<\/p>\n<p itemprop=\"description\" class=\"subtitle \">\n    Harlinit ovat pit\u00e4neet yht\u00e4 vuodesta 2020 asti.\n<\/p>\n<p>        <\/a><\/p>\n<p class=\"article-content article-content-width !bg-background\">Johannan ei my\u00f6sk\u00e4\u00e4n ole tarvinnut huolehtia k\u00e4yt\u00e4nn\u00f6n asioista, sill\u00e4 ilmeisesti Renny on ottanut ohjat k\u00e4siins\u00e4. Johanna julkaisikin Instagram-tarinoissaan videon, jossa Renny ajelee autoa. Videon yhteydess\u00e4 h\u00e4n kehuu aviomiest\u00e4\u00e4n huolenpidosta.<\/p>\n<p class=\"article-content article-content-width !bg-background\"> \u2013\u00a0Matkustaminen h\u00e4nen kanssaan on niin helppoa. H\u00e4n pit\u00e4\u00e4 huolen jokaisesta pienest\u00e4 yksityiskohdasta. Miten olenkaan n\u00e4in onnekas, Johanna suorastaan ihmettelee.<\/p>\n<p>Aktiivinen el\u00e4m\u00e4ntyyli<\/p>\n<p class=\"article-content article-content-width !bg-background\">Allaslekottelu ja rauhalliset p\u00e4iv\u00e4t ovat varmasti tulleet tarpeeseen. Johanna kertoi aiemmin sosiaalisessa mediassa Harlinien perheen harvinaisen aktiivisesta el\u00e4m\u00e4ntyylist\u00e4.\u00a0<\/p>\n<p class=\"article-content article-content-width !bg-background\"> \u2013\u00a0Tuntuu ettei koskaan olla lomalla ja toisaalta tuntuu ett\u00e4 ollaan aina. Me ollaan matkustettu t\u00e4n\u00e4 kes\u00e4n\u00e4 enemm\u00e4n kun koskaan aiemmin,\u00a0Johanna kirjoitti. <\/p>\n<p class=\"article-content article-content-width !bg-background\">Mukana reissun p\u00e4\u00e4ll\u00e4 ovat aina tyt\u00e4r  ja poika . Kiire ja stressi ei kuitenkin Johannaa haittaa.<\/p>\n<p class=\"article-content article-content-width !bg-background\"> \u2013\u00a0En vaihtaisi p\u00e4iv\u00e4\u00e4k\u00e4\u00e4n. P\u00e4invastoin, kiit\u00e4n kaikesta joka p\u00e4iv\u00e4. <\/p>\n<p>        <a itemprop=\"url\" href=\"https:\/\/www.seiska.fi\/kotimaa\/johanna-harlin-avoin-tilitys-elamasta-rennyn-kanssa\/1893374\" rel=\"nofollow noopener\" target=\"_blank\"><\/p>\n<p>\nT\u00e4t\u00e4 on el\u00e4m\u00e4 Rennyn kanssa\n<\/p>\n<p class=\"section-date\">\n        <strong class=\"article-section\" data-section=\"kotimaa\"><br \/>\n            kotimaa<br \/>\n        <\/strong><br \/>\n        8.8. 07:30\n    <\/p>\n<p>    Johanna Harlin: Avoin tilitys el\u00e4m\u00e4st\u00e4 Rennyn kanssa<\/p>\n<p itemprop=\"description\" class=\"subtitle \">\n    El\u00e4m\u00e4ntyyli on saanut Johannan mietteli\u00e4\u00e4ksi.\n<\/p>\n<p>        <\/a><\/p>\n<p class=\"article-content article-content-width !bg-background\">\u00ad<\/p>\n","protected":false},"excerpt":{"rendered":"(210723) &#8212; Imatra, July 23, 2021 \u2013 Renny Harlin and Johanna Harlin poses for the camera during Luokkakokous&hellip;\n","protected":false},"author":2,"featured_media":3810,"comment_status":"","ping_status":"","sticky":false,"template":"","format":"standard","meta":{"footnotes":""},"categories":[136],"tags":[407,2624,137,33,31,30,2623,2622,408,212,2271,1821,1478,98,1311,2304,32,109],"class_list":{"0":"post-3809","1":"post","2":"type-post","3":"status-publish","4":"format-standard","5":"has-post-thumbnail","7":"category-julkkikset","8":"tag-celebrities","9":"tag-coco-harlin","10":"tag-entertainment","11":"tag-fi","12":"tag-finland","13":"tag-finnish","14":"tag-johanna-harlin","15":"tag-jules-harlin","16":"tag-julkkikset","17":"tag-lifestyle","18":"tag-loma","19":"tag-mallorca","20":"tag-matkailu","21":"tag-perhe","22":"tag-rakkaus","23":"tag-renny-harlin","24":"tag-suomi","25":"tag-viihde"},"share_on_mastodon":{"url":"","error":""},"_links":{"self":[{"href":"https:\/\/www.europesays.com\/fi\/wp-json\/wp\/v2\/posts\/3809","targetHints":{"allow":["GET"]}}],"collection":[{"href":"https:\/\/www.europesays.com\/fi\/wp-json\/wp\/v2\/posts"}],"about":[{"href":"https:\/\/www.europesays.com\/fi\/wp-json\/wp\/v2\/types\/post"}],"author":[{"embeddable":true,"href":"https:\/\/www.europesays.com\/fi\/wp-json\/wp\/v2\/users\/2"}],"replies":[{"embeddable":true,"href":"https:\/\/www.europesays.com\/fi\/wp-json\/wp\/v2\/comments?post=3809"}],"version-history":[{"count":0,"href":"https:\/\/www.europesays.com\/fi\/wp-json\/wp\/v2\/posts\/3809\/revisions"}],"wp:featuredmedia":[{"embeddable":true,"href":"https:\/\/www.europesays.com\/fi\/wp-json\/wp\/v2\/media\/3810"}],"wp:attachment":[{"href":"https:\/\/www.europesays.com\/fi\/wp-json\/wp\/v2\/media?parent=3809"}],"wp:term":[{"taxonomy":"category","embeddable":true,"href":"https:\/\/www.europesays.com\/fi\/wp-json\/wp\/v2\/categories?post=3809"},{"taxonomy":"post_tag","embeddable":true,"href":"https:\/\/www.europesays.com\/fi\/wp-json\/wp\/v2\/tags?post=3809"}],"curies":[{"name":"wp","href":"https:\/\/api.w.org\/{rel}","templated":true}]}}